{"id":18453,"date":"2010-01-27T13:49:50","date_gmt":"2010-01-27T11:49:50","guid":{"rendered":"http:\/\/www.korhanyilmaz.com\/?p=18453"},"modified":"2010-01-27T13:49:50","modified_gmt":"2010-01-27T11:49:50","slug":"savci-balyozu-askere-sormus","status":"publish","type":"post","link":"http:\/\/www.korhanyilmaz.com\/?p=18453","title":{"rendered":"Savc\u0131 Balyoz&#039;u askere sormu\u015f"},"content":{"rendered":"<p style=\"text-align: center;\"><a href=\"http:\/\/www.korhanyilmaz.com\/wp-content\/uploads\/2010\/01\/balyoz2.jpg\"  class=\"lightview\"><img loading=\"lazy\" decoding=\"async\" class=\"aligncenter size-full wp-image-18455\" src=\"http:\/\/www.korhanyilmaz.com\/wp-content\/uploads\/2010\/01\/balyoz2.jpg\" alt=\"\" width=\"307\" height=\"236\" \/><\/a><\/p>\n<p style=\"text-align: justify;\">Ergenekon savc\u0131lar\u0131n\u0131n, emekli Albay Mustafa Levent G\u00f6kta\u015f&#8217;\u0131n ofisinden \u00e7\u0131kan 51 no&#8217;lu DVD&#8217;de yer alan &#8220;Balyoz plan\u0131&#8221;n\u0131, Genelkurmay&#8217;a 11 ay \u00f6nce sordu\u011fu ve &#8220;Devlet s\u0131rr\u0131d\u0131r&#8221; yan\u0131t\u0131n\u0131 ald\u0131\u011f\u0131 ortaya \u00e7\u0131kt\u0131.<!--more--><\/p>\n<p style=\"text-align: justify;\">Milliyet gazetesinde T\u00fcrker Karap\u0131nar imzal\u0131 haber \u015f\u00f6yle:<\/p>\n<p style=\"text-align: justify;\"><strong><em>&#8216;Balyoz&#8217;u herkes biliyordu <\/em><\/strong><\/p>\n<p style=\"text-align: justify;\">Cumhuriyet Ba\u015fsavc\u0131l\u0131\u011f\u0131, Albay G\u00f6kta\u015f&#8217;\u0131n ofisinden \u00e7\u0131kan 51 no&#8217;lu DVD i\u00e7indeki &#8220;Balyoz&#8221; plan\u0131yla ilgili olarak 11 ay \u00f6nce askeri savc\u0131l\u0131ktan bilgi istemi\u015f.<\/p>\n<div id=\"attachment_18456\" style=\"width: 244px\" class=\"wp-caption alignleft\"><a title=\"Taraf gazetesi muhabiri Mehmet Baransu\" href=\"http:\/\/www.korhanyilmaz.com\/wp-content\/uploads\/2010\/01\/baransu.jpg\"  class=\"lightview\"><img loading=\"lazy\" decoding=\"async\" aria-describedby=\"caption-attachment-18456\" class=\"size-full wp-image-18456     \" style=\"margin-right: 10px;\" src=\"http:\/\/www.korhanyilmaz.com\/wp-content\/uploads\/2010\/01\/baransu.jpg\" alt=\"\" width=\"234\" height=\"232\" \/><\/a><p id=\"caption-attachment-18456\" class=\"wp-caption-text\">Taraf gazetesi muhabiri Mehmet Baransu DVD&#39;lerle...<\/p><\/div>\n<p style=\"text-align: justify;\">Ergenekon soru\u015fturmas\u0131n\u0131 y\u00fcr\u00fcten \u0130stanbul Cumhuriyet Ba\u015fsavc\u0131l\u0131\u011f\u0131&#8217;n\u0131n, davada yarg\u0131lanan emekli Albay Mustafa Levent G\u00f6kta\u015f&#8217;\u0131n ofisinden \u00e7\u0131kan 51 no&#8217;lu DVD i\u00e7indeki &#8220;Balyoz Harek\u00e2t Plan\u0131&#8221;ndaki bilgilerle ilgili olarak Genelkurmay Askeri Ba\u015fsavc\u0131l\u0131\u011f\u0131&#8217;ndan ayr\u0131nt\u0131l\u0131 bilgi istedi\u011fi ortaya \u00e7\u0131kt\u0131.<\/p>\n<p style=\"text-align: justify;\">Ergenekon soru\u015fturmas\u0131 kapsam\u0131nda G\u00f6kta\u015f&#8217;\u0131n ofisinden \u00e7\u0131kan ve i\u00e7inde s\u00f6z konusu DVD&#8217;nin bulundu\u011fu m\u00fch\u00fcrl\u00fc torba, 8 Ocak 2009&#8217;da \u0130stanbul Ter\u00f6rle M\u00fccadele \u015eube M\u00fcd\u00fcrl\u00fc\u011f\u00fc&#8217;nde a\u00e7\u0131ld\u0131.<\/p>\n<p style=\"text-align: justify;\">Bir hafta sonra \u0130stanbul Cumhuriyet Savc\u0131s\u0131 Murat Y\u00f6nder, \u0130stanbul TEM \u015eubesi&#8217;ne yaz\u0131l\u0131 talimat vererek, DVD&#8217;nin kopyas\u0131n\u0131n al\u0131nmas\u0131n\u0131, ard\u0131ndan adli emanete al\u0131nmak \u00fczere orijinalinin ivedi olarak g\u00f6nderilmesini istedi. 27 Ocak&#8217;ta polis, bir kopyas\u0131n\u0131 ald\u0131ktan sonra DVD&#8217;yi savc\u0131l\u0131\u011fa teslim etti.<\/p>\n<p style=\"text-align: justify;\">Bu DVD &#8220;2009\/77&#8221; s\u0131ra numaras\u0131 ile adli emanete al\u0131nd\u0131. 23 \u015eubat&#8217;ta da \u0130stanbul Cumhuriyet Ba\u015fsavc\u0131l\u0131\u011f\u0131, DVD&#8217;yi Genelkurmay Askeri Ba\u015fsavc\u0131l\u0131\u011f\u0131&#8217;na g\u00f6ndererek, i\u00e7indeki bilgilerin &#8220;devlet s\u0131rr\u0131na kar\u015f\u0131 su\u00e7lar, casusluk, devletin g\u00fcvenli\u011fine ili\u015fkin&#8221; olup olmad\u0131\u011f\u0131n\u0131n ayr\u0131nt\u0131l\u0131 olarak bildirilmesini istedi.<\/p>\n<p style=\"text-align: justify;\"><strong><em>Genelkurmay &#8220;gizli&#8221; dedi <\/em><\/strong><\/p>\n<p style=\"text-align: justify;\">2 Nisan&#8217;da Genelkurmay Askeri Ba\u015fsavc\u0131s\u0131 H\u00e2kim Albay Yavuz \u015eent\u00fcrk, DVD ile ilgili haz\u0131rlanan 8 sayfal\u0131k inceleme raporunu \u0130stanbul&#8217;a g\u00f6nderdi.<\/p>\n<p style=\"text-align: justify;\">\u0130nceleme raporunda &#8220;\u00d6zel Kuvvetler Muhabere E\u011fitim K\u0131sm\u0131&#8221; ba\u015fl\u0131kl\u0131 dosya i\u00e7inde yer alan &#8220;Balyoz Harek\u00e2t Plan\u0131&#8221; i\u00e7in &#8220;gizlili\u011fi kalkmam\u0131\u015ft\u0131r&#8221; denilirken, &#8220;a\u00e7\u0131klamalar&#8221; k\u0131sm\u0131nda da, DVD i\u00e7inde &#8220;ALEV, ATAK, BALYOZ ve YARASA Hrk.pln.lar\u0131 ve bunlara ait g\u00f6rev b\u00f6l\u00fcm\u00fc ve mu. ekleri vard\u0131r. \u00c7ok gizlidir&#8221; ifadelerine yer verildi. Ayr\u0131ca Balyoz Harek\u00e2t Plan\u0131&#8217;ndaki bilgilerin &#8220;devlet s\u0131rr\u0131&#8221; kapsam\u0131nda &#8220;\u00e7ok gizli&#8221; oldu\u011funu ve bu bilgiler \u00fczerindeki gizlili\u011fin kalkmad\u0131\u011f\u0131 bildirildi.<\/p>\n<p style=\"text-align: justify;\">Askeri savc\u0131l\u0131k ayr\u0131ca, DVD&#8217;deki di\u011fer harek\u00e2t planlar\u0131 &#8220;ALEV, ATAK ve YARASA&#8221; i\u00e7in de &#8220;gizlilik de\u011ferlendirmeleri kalkmad\u0131&#8221; bilgilendirmesinde bulundu.<\/p>\n<p style=\"text-align: justify;\"><strong><em>Bu Balyoz o Balyoz mu? <\/em><\/strong><\/p>\n<p style=\"text-align: justify;\">Bu plan\u0131n ismi ise, Taraf gazetesinde bir haftad\u0131r  a\u00e7\u0131klanan planla ayn\u0131 ismi ta\u015f\u0131d\u0131\u011f\u0131 i\u00e7in kafa kar\u0131\u015f\u0131kl\u0131\u011f\u0131 yaratt\u0131. Zira Genelkurmay Genel Sekreteri T\u00fcmgeneral Ferit G\u00fcler, Taraf&#8217;\u0131n a\u00e7\u0131klad\u0131\u011f\u0131 plan konusunda &#8220;\u015euran\u0131n alt\u0131n\u0131 \u00e7izmek istiyorum ki bu plan\u0131n ismi asla o iddia edilen isim de\u011fildir&#8221; dedi.<\/p>\n<p style=\"text-align: justify;\">Baz\u0131 askeri kaynaklar da, Genelkurmay Ba\u015fkanl\u0131\u011f\u0131&#8217;nda 1. Ordu&#8217;nun bir sava\u015f plan\u0131 ve geri b\u00f6lge emniyet plan\u0131 oldu\u011funu, ancak bu plan\u0131n Taraf&#8217;ta yay\u0131mland\u0131\u011f\u0131 gibi olmad\u0131\u011f\u0131n\u0131 savunarak &#8220;Ordular\u0131n sava\u015f planlar\u0131na tarihi ki\u015filerin isimleri  ve b\u00f6lgeye g\u00f6re isimler veriliyor.<\/p>\n<p style=\"text-align: justify;\">1. Ordu&#8217;nun g\u00f6rev sahas\u0131 d\u00fc\u015f\u00fcn\u00fcld\u00fc\u011f\u00fcnde plan\u0131n ad\u0131n\u0131n Meri\u00e7 olmas\u0131 ihtimali   mevcut&#8221; dedi.<\/p>\n<p style=\"text-align: justify;\">Taraf&#8217;\u0131n yay\u0131mlad\u0131\u011f\u0131 planla DVD&#8217;deki plan aras\u0131ndaki benzerlikler ya da farkl\u0131l\u0131klar konusunda ise bug\u00fcne kadar resmi bir a\u00e7\u0131klama yap\u0131lmad\u0131. Genelkurmay&#8217;\u0131n gizli oldu\u011funu bildirerek varl\u0131\u011f\u0131n\u0131 kabul etti\u011fi DVD&#8217;deki plan\u0131n i\u00e7eri\u011fi de bilinmiyor.<\/p>\n<p style=\"text-align: justify;\"><span style=\"color: #888888;\">CNN T\u00dcRK<\/span><\/p>\n","protected":false},"excerpt":{"rendered":"<p style=\"text-align: center;\">\n<p style=\"text-align: justify;\">Ergenekon savc\u0131lar\u0131n\u0131n, emekli Albay Mustafa Levent G\u00f6kta\u015f&#8217;\u0131n ofisinden \u00e7\u0131kan 51 no&#8217;lu DVD&#8217;de yer alan &#8220;Balyoz plan\u0131&#8221;n\u0131, Genelkurmay&#8217;a 11 ay \u00f6nce sordu\u011fu ve &#8220;Devlet s\u0131rr\u0131d\u0131r&#8221; yan\u0131t\u0131n\u0131 ald\u0131\u011f\u0131 ortaya \u00e7\u0131kt\u0131.<\/p>\n","protected":false},"author":1,"featured_media":0,"comment_status":"open","ping_status":"closed","sticky":false,"template":"","format":"standard","meta":{"footnotes":""},"categories":[105],"tags":[],"class_list":["post-18453","post","type-post","status-publish","format-standard","hentry","category-gundem","odd"],"_links":{"self":[{"href":"http:\/\/www.korhanyilmaz.com\/index.php?rest_route=\/wp\/v2\/posts\/18453","targetHints":{"allow":["GET"]}}],"collection":[{"href":"http:\/\/www.korhanyilmaz.com\/index.php?rest_route=\/wp\/v2\/posts"}],"about":[{"href":"http:\/\/www.korhanyilmaz.com\/index.php?rest_route=\/wp\/v2\/types\/post"}],"author":[{"embeddable":true,"href":"http:\/\/www.korhanyilmaz.com\/index.php?rest_route=\/wp\/v2\/users\/1"}],"replies":[{"embeddable":true,"href":"http:\/\/www.korhanyilmaz.com\/index.php?rest_route=%2Fwp%2Fv2%2Fcomments&post=18453"}],"version-history":[{"count":0,"href":"http:\/\/www.korhanyilmaz.com\/index.php?rest_route=\/wp\/v2\/posts\/18453\/revisions"}],"wp:attachment":[{"href":"http:\/\/www.korhanyilmaz.com\/index.php?rest_route=%2Fwp%2Fv2%2Fmedia&parent=18453"}],"wp:term":[{"taxonomy":"category","embeddable":true,"href":"http:\/\/www.korhanyilmaz.com\/index.php?rest_route=%2Fwp%2Fv2%2Fcategories&post=18453"},{"taxonomy":"post_tag","embeddable":true,"href":"http:\/\/www.korhanyilmaz.com\/index.php?rest_route=%2Fwp%2Fv2%2Ftags&post=18453"}],"curies":[{"name":"wp","href":"https:\/\/api.w.org\/{rel}","templated":true}]}}