{"id":18411,"date":"2010-01-26T20:56:26","date_gmt":"2010-01-26T18:56:26","guid":{"rendered":"http:\/\/www.korhanyilmaz.com\/?p=18411"},"modified":"2010-01-26T20:56:26","modified_gmt":"2010-01-26T18:56:26","slug":"tekel-iscileri-icin-eylem-karari","status":"publish","type":"post","link":"http:\/\/www.korhanyilmaz.com\/?p=18411","title":{"rendered":"Tekel i\u015f\u00e7ileri i\u00e7in eylem karar\u0131"},"content":{"rendered":"<p style=\"text-align: center;\"><a href=\"http:\/\/www.korhanyilmaz.com\/wp-content\/uploads\/2010\/01\/tekel1.jpg\"  class=\"lightview\"><img loading=\"lazy\" decoding=\"async\" class=\"aligncenter size-full wp-image-18412\" src=\"http:\/\/www.korhanyilmaz.com\/wp-content\/uploads\/2010\/01\/tekel1.jpg\" alt=\"\" width=\"234\" height=\"232\" \/><\/a><\/p>\n<p style=\"text-align: justify;\">\u0130\u015f\u00e7i ve memur konfederasyonlar\u0131, Tekel i\u015f\u00e7ilerinin sorununun \u00e7\u00f6z\u00fclmemesi halinde, 3 \u015eubat 2010 \u00c7ar\u015famba g\u00fcn\u00fc \u00fcretimden gelen g\u00fcc\u00fc kullanmay\u0131 kararla\u015ft\u0131rd\u0131.<\/p>\n<p style=\"text-align: justify;\">T\u00fcrk-\u0130\u015f Genel Ba\u015fkan\u0131 Mustafa Kumlu, TEKEL i\u015f\u00e7ilerinin sorununun \u00e7\u00f6z\u00fclmemesi halinde i\u015f\u00e7i ve memur sendikalar\u0131 konfederasyonlar\u0131 olarak 3 \u015eubat 2010&#8217;da \u00fcretimden gelen g\u00fc\u00e7lerini kullanma karar\u0131 ald\u0131klar\u0131n\u0131 bildirdi. <!--more--><\/p>\n<p style=\"text-align: justify;\">T\u00fck-\u0130\u015f&#8217;in \u00e7a\u011fr\u0131s\u0131yla i\u015f\u00e7i ve memur sendikalar\u0131 konfederasyonlar\u0131n\u0131n T\u00fcrk-\u0130\u015f Genel Merkezi&#8217;nde yapt\u0131\u011f\u0131 toplant\u0131 sona erdi.<\/p>\n<p style=\"text-align: justify;\">Toplant\u0131ya, T\u00fcrk-\u0130\u015f Genel Ba\u015fkan\u0131 Mustafa Kumlu, D\u0130SK Genel Ba\u015fkan\u0131 S\u00fcleyman \u00c7elebi, T\u00fcrkiye Kamu-Sen Genel Ba\u015fkan\u0131 Bircan Aky\u0131ld\u0131z, KESK Genel Ba\u015fkan\u0131 Sami Evren ve Hak-\u0130\u015f Genel Ba\u015fkan Yard\u0131mc\u0131s\u0131 Mahmut Arslan kat\u0131ld\u0131.<\/p>\n<p style=\"text-align: justify;\">Kumlu, toplant\u0131n\u0131n ard\u0131ndan yapt\u0131\u011f\u0131 a\u00e7\u0131klamada, Ba\u015fbakan Recep Tayyip Erdo\u011fan&#8217;\u0131n, talepleri do\u011frultusunda 28 Ocak Per\u015fembe g\u00fcn\u00fc saat 18.00&#8217;de kendilerine randevu verdi\u011fini an\u0131msatarak, Erdo\u011fan&#8217;a te\u015fekk\u00fcr etti.<\/p>\n<p style=\"text-align: justify;\">Memur-Sen Genel Ba\u015fkan\u0131 Ahmet G\u00fcndo\u011fdu&#8217;nun, bir y\u00f6neticilerinin vefat\u0131 nedeniyle toplant\u0131ya kat\u0131lamad\u0131\u011f\u0131n\u0131 ifade eden Kumlu, G\u00fcndo\u011fdu&#8217;nun da toplant\u0131da al\u0131nan kararlara kat\u0131ld\u0131\u011f\u0131n\u0131 bildirdi.<\/p>\n<p style=\"text-align: justify;\">Tekel i\u015f\u00e7ilerinin sorununun masa ba\u015f\u0131nda \u00e7\u00f6z\u00fclmesi i\u00e7in ellerinden geleni yapmaya haz\u0131r olduklar\u0131n\u0131 vurgulayan Kumlu, bu nedenle 28 Ocak&#8217;taki g\u00f6r\u00fc\u015fmeyi \u00f6nemsediklerini s\u00f6yledi.<\/p>\n<p style=\"text-align: justify;\">Kumlu, Tekel i\u015f\u00e7ilerinin sorununun \u00e7\u00f6z\u00fclmemesi halinde 3 \u015eubat 2010 \u00c7ar\u015famba g\u00fcn\u00fc Tekel i\u015f\u00e7ileriyle dayan\u0131\u015fma amac\u0131yla \u00fcretimden gelen g\u00fc\u00e7lerini kullanma karar\u0131n\u0131 ald\u0131klar\u0131n\u0131 kaydetti.<\/p>\n<p style=\"text-align: justify;\"><strong><em>A\u00e7l\u0131k grevine ara <\/em><\/strong><\/p>\n<p style=\"text-align: justify;\">Tekg\u0131da-\u0130\u015f Sendikas\u0131, Ba\u015fbakan Recep Tayyip Erdo\u011fan ile yap\u0131lacak g\u00f6r\u00fc\u015fme dolay\u0131s\u0131yla Tekel i\u015f\u00e7ilerinin a\u00e7l\u0131k grevini 29 Ocak Cuma g\u00fcn\u00fcne kadar erteledi.<\/p>\n<p style=\"text-align: justify;\">Tekg\u0131da-\u0130\u015f Genel Ba\u015fkan\u0131 Mustafa T\u00fcrkel, 6 i\u015f\u00e7i ve memur sendikalar\u0131 konfederasyonunun ald\u0131klar\u0131 karar\u0131 T\u00fcrk-\u0130\u015f balkonundan, eylemdeki Tekel i\u015f\u00e7ilerine a\u00e7\u0131klad\u0131.<\/p>\n<p style=\"text-align: justify;\">Ba\u015fbakan Recep Tayyip Erdo\u011fan&#8217;\u0131n, Tekel i\u015f\u00e7ilerinin sorununu g\u00f6r\u00fc\u015fmek i\u00e7in 28 Ocak Per\u015fembe g\u00fcn\u00fcne randevu verdi\u011fini an\u0131msatan T\u00fcrkel, bu geli\u015fmeyi olumlu bulduklar\u0131n\u0131 s\u00f6yledi.<\/p>\n<p style=\"text-align: justify;\">T\u00fcrkel, bu g\u00f6r\u00fc\u015fme dolay\u0131s\u0131yla ara verdikleri a\u00e7l\u0131k grevini, 29 Ocak Cuma g\u00fcn\u00fcne kadar ertelediklerini bildirdi.<\/p>\n<p style=\"text-align: justify;\">Konfederasyonlar\u0131n 3 \u015eubat \u00c7ar\u015famba g\u00fcn\u00fc \u00fcretimden gelen g\u00fc\u00e7lerini kullanma karar\u0131 ald\u0131klar\u0131n\u0131 duyuran T\u00fcrkel, &#8220;\u0130natla, sab\u0131rla m\u00fccadelemizi s\u00fcrd\u00fcrece\u011fiz. Cuma g\u00fcn\u00fcn\u00fc de 3 \u015eubat&#8217;\u0131 da bekleyece\u011fiz. Hakk\u0131m\u0131z\u0131 almadan gitmeme karar\u0131n\u0131n arkas\u0131nday\u0131z&#8221; diye konu\u015ftu.<\/p>\n<p style=\"text-align: justify;\">Konfederasyon y\u00f6neticilerine, kendilerine verdikleri destekten \u00f6t\u00fcr\u00fc te\u015fekk\u00fcr eden T\u00fcrkel, &#8220;Say\u0131n Ba\u015fbakan&#8217;\u0131n bu s\u00fcreci iyi de\u011ferlendirerek, \u00e7al\u0131\u015fma bar\u0131\u015f\u0131na katk\u0131da bulunaca\u011f\u0131na inan\u0131yorum&#8221; dedi.<\/p>\n<p style=\"text-align: justify;\">Konfederasyonlar\u0131n eylem karar\u0131, i\u015f\u00e7iler taraf\u0131ndan alk\u0131\u015flarla kar\u015f\u0131land\u0131.<\/p>\n<p style=\"text-align: justify;\"><span style=\"color: #888888;\">CNN T\u00dcRK<\/span><\/p>\n","protected":false},"excerpt":{"rendered":"<p style=\"text-align: center;\">\n<p style=\"text-align: justify;\">\u0130\u015f\u00e7i ve memur konfederasyonlar\u0131, Tekel i\u015f\u00e7ilerinin sorununun \u00e7\u00f6z\u00fclmemesi halinde, 3 \u015eubat 2010 \u00c7ar\u015famba g\u00fcn\u00fc \u00fcretimden gelen g\u00fcc\u00fc kullanmay\u0131 kararla\u015ft\u0131rd\u0131.<\/p>\n<p style=\"text-align: justify;\">T\u00fcrk-\u0130\u015f Genel Ba\u015fkan\u0131 Mustafa Kumlu, TEKEL i\u015f\u00e7ilerinin sorununun \u00e7\u00f6z\u00fclmemesi halinde i\u015f\u00e7i ve memur sendikalar\u0131 konfederasyonlar\u0131 olarak 3 \u015eubat 2010&#8217;da \u00fcretimden gelen g\u00fc\u00e7lerini kullanma karar\u0131 ald\u0131klar\u0131n\u0131 bildirdi. <\/p>\n","protected":false},"author":1,"featured_media":0,"comment_status":"open","ping_status":"closed","sticky":false,"template":"","format":"standard","meta":{"footnotes":""},"categories":[105],"tags":[],"class_list":["post-18411","post","type-post","status-publish","format-standard","hentry","category-gundem","odd"],"_links":{"self":[{"href":"http:\/\/www.korhanyilmaz.com\/index.php?rest_route=\/wp\/v2\/posts\/18411","targetHints":{"allow":["GET"]}}],"collection":[{"href":"http:\/\/www.korhanyilmaz.com\/index.php?rest_route=\/wp\/v2\/posts"}],"about":[{"href":"http:\/\/www.korhanyilmaz.com\/index.php?rest_route=\/wp\/v2\/types\/post"}],"author":[{"embeddable":true,"href":"http:\/\/www.korhanyilmaz.com\/index.php?rest_route=\/wp\/v2\/users\/1"}],"replies":[{"embeddable":true,"href":"http:\/\/www.korhanyilmaz.com\/index.php?rest_route=%2Fwp%2Fv2%2Fcomments&post=18411"}],"version-history":[{"count":0,"href":"http:\/\/www.korhanyilmaz.com\/index.php?rest_route=\/wp\/v2\/posts\/18411\/revisions"}],"wp:attachment":[{"href":"http:\/\/www.korhanyilmaz.com\/index.php?rest_route=%2Fwp%2Fv2%2Fmedia&parent=18411"}],"wp:term":[{"taxonomy":"category","embeddable":true,"href":"http:\/\/www.korhanyilmaz.com\/index.php?rest_route=%2Fwp%2Fv2%2Fcategories&post=18411"},{"taxonomy":"post_tag","embeddable":true,"href":"http:\/\/www.korhanyilmaz.com\/index.php?rest_route=%2Fwp%2Fv2%2Ftags&post=18411"}],"curies":[{"name":"wp","href":"https:\/\/api.w.org\/{rel}","templated":true}]}}