{"id":18391,"date":"2010-01-25T16:32:08","date_gmt":"2010-01-25T14:32:08","guid":{"rendered":"http:\/\/www.korhanyilmaz.com\/?p=18391"},"modified":"2010-01-25T16:32:08","modified_gmt":"2010-01-25T14:32:08","slug":"igdir-karisti-53-gozalti","status":"publish","type":"post","link":"http:\/\/www.korhanyilmaz.com\/?p=18391","title":{"rendered":"I\u011fd\u0131r kar\u0131\u015ft\u0131: 53 g\u00f6zalt\u0131"},"content":{"rendered":"<p><a href=\"http:\/\/www.korhanyilmaz.com\/wp-content\/uploads\/2010\/01\/\u0131gd\u0131r.jpg\"  class=\"lightview\"><img loading=\"lazy\" decoding=\"async\" class=\"aligncenter size-full wp-image-18392\" src=\"http:\/\/www.korhanyilmaz.com\/wp-content\/uploads\/2010\/01\/\u0131gd\u0131r.jpg\" alt=\"\" width=\"292\" height=\"199\" \/><\/a><\/p>\n<p style=\"text-align: justify;\">I\u011fd\u0131r&#8217;da, BDP&#8217;nin bas\u0131n a\u00e7\u0131klamas\u0131n\u0131n ard\u0131ndan polise ve i\u015f yerlerine sald\u0131ran 53 g\u00f6sterici g\u00f6zalt\u0131na al\u0131nd\u0131.<\/p>\n<p style=\"text-align: justify;\">Kendilerini, da\u011f\u0131lmalar\u0131 konusunda uyaran BDP I\u011fd\u0131r Milletvekili Pervin Buldan, g\u00f6stericilerin kendisine de ta\u015f atmas\u0131 \u00fczerine bir i\u015f yerine s\u0131\u011f\u0131nd\u0131. <!--more--><\/p>\n<p style=\"text-align: justify;\">Edinilen bilgiye g\u00f6re, I\u011fd\u0131r Belediye Ba\u015fkan\u0131 Mehmet Nuri G\u00fcne\u015f ve baz\u0131 BDP&#8217;lilerin tutuklanmas\u0131n\u0131n ard\u0131ndan aralar\u0131nda BDP I\u011fd\u0131r Milletvekili Pervin Buldan&#8217;\u0131n da bulundu\u011fu bir grup, bas\u0131n a\u00e7\u0131klamas\u0131 yapmak i\u00e7in BDP \u0130l Ba\u015fkanl\u0131\u011f\u0131n\u0131n bulundu\u011fu Karaca Sokak&#8217;ta bir araya geldi.<\/p>\n<p style=\"text-align: justify;\">BDP&#8217;li Abdulkadir \u00d6zsular taraf\u0131ndan yap\u0131lan bas\u0131n a\u00e7\u0131klamas\u0131n\u0131n ard\u0131ndan baz\u0131 g\u00f6stericiler, polise ve baz\u0131 i\u015f yerlerine ta\u015fl\u0131 sald\u0131r\u0131da bulundu.<\/p>\n<p style=\"text-align: justify;\">Emniyet g\u00fc\u00e7leri biber gaz\u0131 ve tazyikli su ile gruba m\u00fcdahale etti. BDP I\u011fd\u0131r Milletvekili Buldan, daha sonra Do\u011fubayaz\u0131t Caddesi&#8217;ne gelerek, burada emniyet mensuplar\u0131 ile bir s\u00fcre g\u00f6r\u00fc\u015ft\u00fc.<\/p>\n<p style=\"text-align: justify;\">Ard\u0131ndan Buldan grubu, da\u011f\u0131lmas\u0131 i\u00e7in uyard\u0131. Ancak g\u00f6stericiler, Buldan&#8217;a da ta\u015f att\u0131.<\/p>\n<p style=\"text-align: justify;\">Buldan, b\u00f6lgede bulunan bir i\u015f yerine s\u0131\u011f\u0131nd\u0131.<\/p>\n<p style=\"text-align: justify;\">Bu arada, ya\u015fanan olaylarda yaralanan 1 polis memuru ile biber gaz\u0131ndan etkilenen 2 vatanda\u015f, I\u011fd\u0131r Devlet Hastanesi&#8217;ne kald\u0131r\u0131ld\u0131.<\/p>\n<p style=\"text-align: justify;\">Polis ekipleri, bas\u0131n a\u00e7\u0131klamas\u0131n\u0131n ard\u0131ndan g\u00fcvenlik g\u00fc\u00e7lerine ve i\u015f yerlerine ta\u015fla sald\u0131ran gruptan 53 ki\u015fiyi g\u00f6zalt\u0131na ald\u0131. Yetkililer, s\u00f6z konusu ki\u015filerin \u0130l Emniyet M\u00fcd\u00fcrl\u00fc\u011f\u00fc&#8217;ndeki sorgular\u0131n\u0131n s\u00fcrd\u00fc\u011f\u00fcn\u00fc bildirdi.<\/p>\n<p style=\"text-align: justify;\"><span style=\"color: #888888;\">CNN T\u00dcRK<\/span><\/p>\n","protected":false},"excerpt":{"rendered":"<\/p>\n<p style=\"text-align: justify;\">I\u011fd\u0131r&#8217;da, BDP&#8217;nin bas\u0131n a\u00e7\u0131klamas\u0131n\u0131n ard\u0131ndan polise ve i\u015f yerlerine sald\u0131ran 53 g\u00f6sterici g\u00f6zalt\u0131na al\u0131nd\u0131.<\/p>\n<p style=\"text-align: justify;\">Kendilerini, da\u011f\u0131lmalar\u0131 konusunda uyaran BDP I\u011fd\u0131r Milletvekili Pervin Buldan, g\u00f6stericilerin kendisine de ta\u015f atmas\u0131 \u00fczerine bir i\u015f yerine s\u0131\u011f\u0131nd\u0131. <\/p>\n","protected":false},"author":1,"featured_media":0,"comment_status":"open","ping_status":"closed","sticky":false,"template":"","format":"standard","meta":{"footnotes":""},"categories":[105],"tags":[],"class_list":["post-18391","post","type-post","status-publish","format-standard","hentry","category-gundem","odd"],"_links":{"self":[{"href":"http:\/\/www.korhanyilmaz.com\/index.php?rest_route=\/wp\/v2\/posts\/18391","targetHints":{"allow":["GET"]}}],"collection":[{"href":"http:\/\/www.korhanyilmaz.com\/index.php?rest_route=\/wp\/v2\/posts"}],"about":[{"href":"http:\/\/www.korhanyilmaz.com\/index.php?rest_route=\/wp\/v2\/types\/post"}],"author":[{"embeddable":true,"href":"http:\/\/www.korhanyilmaz.com\/index.php?rest_route=\/wp\/v2\/users\/1"}],"replies":[{"embeddable":true,"href":"http:\/\/www.korhanyilmaz.com\/index.php?rest_route=%2Fwp%2Fv2%2Fcomments&post=18391"}],"version-history":[{"count":0,"href":"http:\/\/www.korhanyilmaz.com\/index.php?rest_route=\/wp\/v2\/posts\/18391\/revisions"}],"wp:attachment":[{"href":"http:\/\/www.korhanyilmaz.com\/index.php?rest_route=%2Fwp%2Fv2%2Fmedia&parent=18391"}],"wp:term":[{"taxonomy":"category","embeddable":true,"href":"http:\/\/www.korhanyilmaz.com\/index.php?rest_route=%2Fwp%2Fv2%2Fcategories&post=18391"},{"taxonomy":"post_tag","embeddable":true,"href":"http:\/\/www.korhanyilmaz.com\/index.php?rest_route=%2Fwp%2Fv2%2Ftags&post=18391"}],"curies":[{"name":"wp","href":"https:\/\/api.w.org\/{rel}","templated":true}]}}