{"id":18384,"date":"2010-01-25T09:58:00","date_gmt":"2010-01-25T07:58:00","guid":{"rendered":"http:\/\/www.korhanyilmaz.com\/?p=18384"},"modified":"2010-01-25T09:58:00","modified_gmt":"2010-01-25T07:58:00","slug":"dogru-cikarsa-dunyam-yikilir","status":"publish","type":"post","link":"http:\/\/www.korhanyilmaz.com\/?p=18384","title":{"rendered":"&#039;Do\u011fru \u00e7\u0131karsa d\u00fcnyam y\u0131k\u0131l\u0131r&#039;"},"content":{"rendered":"<p style=\"text-align: center;\"><a href=\"http:\/\/www.korhanyilmaz.com\/wp-content\/uploads\/2010\/01\/BAYKAL3.jpg\"  class=\"lightview\"><img loading=\"lazy\" decoding=\"async\" class=\"aligncenter size-full wp-image-18385\" src=\"http:\/\/www.korhanyilmaz.com\/wp-content\/uploads\/2010\/01\/BAYKAL3.jpg\" alt=\"\" width=\"329\" height=\"210\" \/><\/a><\/p>\n<p style=\"text-align: justify;\"><strong><em>Baykal: Balyoz do\u011fru \u00e7\u0131karsa benim d\u00fcnyam sars\u0131l\u0131r. <\/em><\/strong><\/p>\n<p style=\"text-align: justify;\">Toplumu aya\u011fa kald\u0131ran olaylara \u015fimdi bak\u0131yoruz, ya takip edilmedi, ya gere\u011fi yap\u0131lmad\u0131. T\u00fcrkiye giderek komplolara \u015ferbetlenmeye ba\u015flad\u0131\u201d diyen Baykal, son Balyoz darbesiyle ilgili iddialar i\u00e7in de \u015funlar\u0131 s\u00f6yl\u00fcyor:<\/p>\n<p style=\"text-align: justify;\">\u201cE\u011fer Ba\u015fbakan bu olaylar\u0131n bir par\u00e7as\u0131 olarak Genelkurmay Ba\u015fkan\u0131\u2019n\u0131n ya da kuvvet komutanlar\u0131n\u0131n do\u011frudan i\u015fin i\u00e7inde bulundu\u011funa kani olmu\u015fsa \u00f6nce bunu ara\u015ft\u0131r\u0131r. E\u011fer b\u00f6yle bir h\u00fckm\u00fc olu\u015ftuysa da derhal yapmas\u0131 gereken i\u015f, g\u00f6revden almakt\u0131r\u201d <!--more--><\/p>\n<p style=\"text-align: justify;\"><strong><em>Milliyet&#8217;ten Devrim Sevimay&#8217;\u0131n r\u00f6portaj\u0131&#8230; <\/em><\/strong><\/p>\n<p style=\"text-align: justify;\"><strong><em>AK PART\u0130 \u0130\u00c7\u0130N \u0130K\u0130NC\u0130 \u0130DD\u0130ANAME <\/em><\/strong><\/p>\n<p style=\"text-align: justify;\">Ankara\u2019n\u0131n \u00e7e\u015fitli koridorlar\u0131nda \u015fu iddia bir s\u00fcredir fazla dillendirilmeye ba\u015fland\u0131; \u201cEvet, T\u00fcrkiye\u2019de art\u0131k darbe olmaz, ama Ba\u015fsavc\u0131 her an Ak Parti aleyhine ikinci bir iddianame haz\u0131rlayabilir.\u201d \u015eahsen ben b\u00f6yle bir \u015feye kar\u015f\u0131 \u00e7\u0131kacak, buna \u00fcz\u00fclecek ilk ki\u015filerden birinin sizin olaca\u011f\u0131n\u0131z\u0131 d\u00fc\u015f\u00fcn\u00fcyorum; do\u011fru mu?<\/p>\n<p style=\"text-align: justify;\">Evet do\u011frudur tabii, ama \u015fimdi bu s\u00f6zler nereden kaynaklan\u0131yor, ona da bir bakmak laz\u0131m. Ben ne do\u011frudan yetkili merciden kaynaklanan b\u00f6yle bir haber g\u00f6rd\u00fcm, ne de dolayl\u0131 olarak g\u00fcvenilir \u00e7evrelerden b\u00f6yle bir de\u011ferlendirme duydum. Ama dedi\u011fin gibi bu s\u00f6ylem bir s\u00fcredir kulaktan kula\u011fa yay\u0131l\u0131p duruyor. \u015eimdi e\u011fer bu s\u00f6ylem iktidar \u00e7evrelerinden kaynaklan\u0131yorsa o bir tedirginli\u011fi, bir s\u0131k\u0131nt\u0131y\u0131, o s\u0131k\u0131nt\u0131n\u0131n arkas\u0131nda da bir kompleksi yans\u0131t\u0131yor olabilir. G\u00fcndemdeki anayasa de\u011fi\u015fikli\u011fi paketinde buna da bir \u00e7are arama projeleri oldu\u011fu s\u00f6yleniyor, ki bu dahi, bu konunun AKP\u2019nin do\u011frudan i\u00e7inde yer ald\u0131\u011f\u0131 bir kayg\u0131, bir de\u011ferlendirme oldu\u011funu bize g\u00f6sterir.<\/p>\n<p style=\"text-align: justify;\"><strong><em>Ama kayg\u0131lanmakta da haks\u0131zlar m\u0131; ge\u00e7mi\u015ften bu yana ka\u00e7 kez ba\u015flar\u0131na geldi&#8230; <\/em><\/strong><\/p>\n<p style=\"text-align: justify;\">Bak\u0131n, demokrasinin ve hukukun kendi aralar\u0131nda bir bilek g\u00fcre\u015fi yapar gibi anla\u015f\u0131lmas\u0131 fevkalade yanl\u0131\u015ft\u0131r. \u00c7\u00fcnk\u00fc ne hukuk \u00f6tesi bir demokrasi s\u00f6z konusu olabilir, ne de demokrasiyi ink\u00e2r eden bir hukuk. Bu yoksa o \u00fclkede ya demokrasi ya da hukuk zafiyeti var demektir. Bu zafiyetleri oldurmama konusunda siyaset\u00e7ilerin \u00e7ok b\u00fcy\u00fck sorumlulu\u011fu vard\u0131r, ama hukuk\u00e7ular\u0131n da \u00e7ok b\u00fcy\u00fck sorumlulu\u011fu vard\u0131r. Benim bu meseleye bak\u0131\u015f \u00e7er\u00e7evem budur.<\/p>\n<p style=\"text-align: justify;\">Tavr\u0131m\u0131z\u0131n ne olaca\u011f\u0131yla ilgili olarak demin s\u00f6yledi\u011fin noktaya gelince, hakl\u0131s\u0131n. Demokratik s\u00fcrecin do\u011fal bir gere\u011fi olarak ya\u015fanan t\u00fcm sorunlar\u0131 halk\u0131n oyuyla \u00e7\u00f6zme imk\u00e2n\u0131n\u0131 kullanmam\u0131z tabii b\u00fcy\u00fck \u00f6nem ta\u015f\u0131yor ve bizim yakla\u015f\u0131m\u0131m\u0131z da budur.<\/p>\n<p style=\"text-align: justify;\">Kald\u0131 ki demokrasi \u00f6l\u00e7\u00fctleri d\u0131\u015f\u0131nda da, b\u00f6yle bir iddianame haz\u0131rland\u0131\u011f\u0131 anda Ak Parti\u2019nin oylar\u0131 f\u0131rlar ve herhalde siz bu nedenle dahi asla istemezsiniz&#8230;<\/p>\n<p style=\"text-align: justify;\">Bir kere \u015funu hemen s\u00f6yleyeyim; ben AKP\u2019nin T\u00fcrkiye\u2019de demokrasiye ve ulusal b\u00fct\u00fcnl\u00fc\u011fe \u00e7ok ciddi bir tehdit olu\u015fturdu\u011funu net bir \u015fekilde g\u00f6r\u00fcyorum ve bunun a\u015f\u0131lmas\u0131 gerekti\u011fine inan\u0131yorum. Ama diyorum ki, T\u00fcrkiye bunu a\u015fma umudunu veriyor. Ben bunu almaya ba\u015flad\u0131m. Bunu a\u015fman\u0131n en g\u00fczel yolu da budur; sand\u0131kta ve milletin oyuyla. \u015eimdi biz oraya do\u011fru gidiyoruz.<\/p>\n<p style=\"text-align: justify;\"><strong><em>Ve \u201cKimse bu gidi\u015fin \u00f6n\u00fcn\u00fc kesmesin\u201d mi diyorsunuz? <\/em><\/strong><\/p>\n<p style=\"text-align: justify;\">Tabii kesilmemesi laz\u0131m. Biz bunun nas\u0131l bir tuzak olu\u015fturdu\u011funu g\u00f6r\u00fcyoruz ve o tuza\u011f\u0131 etkisiz k\u0131lmaya da \u00e7al\u0131\u015f\u0131yoruz. Ama \u015fimdi \u201cO tuzakt\u0131r\u201d deyip \u201cSen burada istedi\u011fini yap\u201d izlenimini de birilerine vermi\u015f olmayal\u0131m. Ortada bir sanc\u0131 var ve o sanc\u0131n\u0131n da \u00e7\u00f6z\u00fclmesi laz\u0131m. Ama ben o sanc\u0131y\u0131 milletin sand\u0131kta \u00e7\u00f6zmesini istiyorum. Bunu g\u00f6r\u00fcyorum, bu \u015fans\u0131 kullanmam\u0131z laz\u0131m diyorum.<\/p>\n<p style=\"text-align: justify;\">Peki bunu g\u00f6rmenizin haricinde, Ak Parti hakikaten sekiz y\u0131ld\u0131r darbe ve kapat\u0131lma tehdidi alt\u0131nda bir iktidar\u0131 g\u00f6t\u00fcr\u00fcyor&#8230;<\/p>\n<p style=\"text-align: justify;\">(Bu c\u00fcmleyi duyar duymaz Deniz Baykal\u2019\u0131n y\u00fcz\u00fcnde m\u00fcstehzi bir g\u00fcl\u00fc\u015f beliriyor&#8230;)<\/p>\n<p style=\"text-align: justify;\">G\u00fcld\u00fcn\u00fcz, ama ben devam edeyim: B\u00f6yle bir sekiz y\u0131l i\u00e7inde ana muhalefet partisinin \u00e7\u0131k\u0131p \u201cO i\u015f benim i\u015fim, siz kar\u0131\u015fmay\u0131n\u201d demesini ve bunu da \u00e7ok y\u00fcksek sesle s\u00f6ylemesini&#8230;<\/p>\n<p style=\"text-align: justify;\">Ve bunlara da \u201csen diktan\u0131 kur, bas\u0131n\u0131 sustur, Ayd\u0131n Do\u011fan\u2019\u0131 peri\u015fan et, i\u015finden ay\u0131rt, genel yay\u0131n y\u00f6netmenini de\u011fi\u015ftir\u201d demesini&#8230;<\/p>\n<p style=\"text-align: justify;\">Hepsini ayn\u0131 anda s\u00f6yleyemez misiniz?<\/p>\n<p style=\"text-align: justify;\">Bir dakika ama&#8230; Laf olarak s\u00f6ylersin de hayat\u0131n bu ak\u0131\u015f\u0131n\u0131n, bu istikametin \u00fclkeyi nereye g\u00f6t\u00fcrd\u00fc\u011f\u00fcn\u00fc de g\u00f6receksin karde\u015fim.<\/p>\n<p style=\"text-align: justify;\"><strong><em> 27 N\u0130SAN\u2019A GELENE KADAR&#8230; <\/em><\/strong><\/p>\n<p style=\"text-align: justify;\">Az \u00f6nce s\u00f6yledi\u011fimin nesine kar\u015f\u0131 \u00e7\u0131k\u0131yorsunuz peki?<\/p>\n<p style=\"text-align: justify;\">B\u00f6yle bir \u015feye kar\u015f\u0131 \u00e7\u0131kmak olur mu; 2002 se\u00e7imlerinden sonra Tayyip Bey\u2019in se\u00e7ilme konusundaki sorunu&#8230;<\/p>\n<p style=\"text-align: justify;\">Evet, sizin sayenizde a\u015f\u0131ld\u0131 ve bunu yapman\u0131z da m\u00fcthi\u015fti, ama peki neden 27 Nisan\u2019da da \u00e7\u0131k\u0131p, g\u00f6\u011f\u00fcs germediniz?<\/p>\n<p style=\"text-align: justify;\">Niye hemen 27 Nisan\u2019a geliyorsun? Ondan \u00f6nce bir de 28 \u015eubat var, de\u011fil mi? Refah Partisi\u2019nin iktidardan d\u00fc\u015f\u00fcr\u00fclmesi olay\u0131 var. Ne demi\u015fti o noktada Ba\u015fbakan? \u201cBu 28 \u015eubat \u00fclkenin yarar\u0131na oldu, hepimiz gerekli dersi ald\u0131k\u201d demedi mi? Bunlar\u0131 biliyorsun de\u011fil mi; unuttun mu yoksa? Kar\u015f\u0131m\u0131zda 28 \u015eubat konusunda b\u00f6yle tav\u0131r tak\u0131nm\u0131\u015f bir iktidar var.<\/p>\n<p style=\"text-align: justify;\"><strong><em>Yani?<\/em><\/strong><\/p>\n<p style=\"text-align: justify;\">Yani bunlar\u0131n aras\u0131nda nas\u0131l bir ili\u015fki var, ne var ben bilmiyorum, ama ben askerle ili\u015fkimi en do\u011fru \u015fekilde kurmu\u015f bir partiyim. Bak, bu kadar olay ya\u015fand\u0131 T\u00fcrkiye\u2019de, Ergenekon\u2019undan bilmem neyine kadar, bir tek g\u00fcn benim ve birlikte \u00e7al\u0131\u015ft\u0131\u011f\u0131m arkada\u015flar\u0131mla ilgili mak\u00fbl, ciddi bir de\u011ferlendirme yap\u0131labildi mi? Niye yap\u0131lamad\u0131? \u00c7\u00fcnk\u00fc biz T\u00fcrkiye\u2019nin silahl\u0131 kuvvetlerinin b\u00fcy\u00fck \u00f6nem ta\u015f\u0131d\u0131\u011f\u0131na inan\u0131r\u0131z, ama hi\u00e7bir \u015fekilde kendi siyasi \u00e7al\u0131\u015fmam\u0131z\u0131n i\u00e7ine onlar\u0131 kar\u0131\u015ft\u0131rmay\u0131z, kar\u0131\u015fmak isteyenlere de izin vermeyiz. G\u00fcn olmu\u015ftur biz en temel itirazlar\u0131 yapm\u0131\u015f\u0131zd\u0131r, genelkurmay ba\u015fkanlar\u0131yla dahi tart\u0131\u015fm\u0131\u015f\u0131zd\u0131r.<\/p>\n<p style=\"text-align: justify;\">Ama bilmem Ba\u015fbakan genelkurmay ba\u015fkanlar\u0131yla nas\u0131l halvet olmu\u015ftur, kim bilir ne ili\u015fkiler geli\u015ftirilmi\u015ftir; onlar bizim d\u0131\u015f\u0131m\u0131zdad\u0131r ve biz o i\u015flerle me\u015fgul de\u011filiz. Fakat Ba\u015fbakan\u2019\u0131n haklar\u0131 konusunda bir d\u00fczenlemeye ihtiya\u00e7 vard\u0131r, \u00f6nce biz at\u0131l\u0131r\u0131z. MGK Genel Sekreteri\u2019nin siville\u015fmesi gerekti\u011fini ilk biz s\u00f6yleriz.<\/p>\n<p style=\"text-align: justify;\"><strong><em>SEN YAZDIN B\u0130LE DED\u0130LER<\/em><\/strong><\/p>\n<p style=\"text-align: justify;\"><strong><em>Peki ya 27 Nisan? <\/em><\/strong><\/p>\n<p style=\"text-align: justify;\"><strong><em>Sen 27 Nisan\u2019\u0131n arkas\u0131nda ne var, \u00f6n\u00fcnde ne var, sonras\u0131nda ne var biliyor musun? <\/em><\/strong><\/p>\n<p style=\"text-align: justify;\"><strong><em>Benim bildi\u011fim sabahleyin Genel Ba\u015fkan Yard\u0131mc\u0131n\u0131z Onur \u00d6ymen\u2019in hemen sahip \u00e7\u0131kt\u0131\u011f\u0131? <\/em><\/strong><\/p>\n<p style=\"text-align: justify;\">Benim bir laf\u0131m var m\u0131? Oysa o zaman o kadar a\u011f\u0131r ithamlara maruz kald\u0131k ki; o ithamlar\u0131n en nazik olan\u0131 \u201cSen o g\u00fcn bunu \u00f6nceden biliyormu\u015fsun\u201d diyenlerle ba\u015flad\u0131, \u201cSen yazd\u0131n\u201d diyenlere kadar vard\u0131. Biz de garip bir olay ya\u015fad\u0131k o s\u0131rada. Oysa Baki (\u00d6zilhan. \u0130leti\u015fim Koordinat\u00f6r\u00fc) bana telefon etti, \u201cYa b\u00f6yle bir \u015fey oldu\u201d dedi. O dedikten sonra arad\u0131k, tarad\u0131k, internete girdik de bulduk. Tamamen sonradan haberdar olmu\u015fum ve bizim hi\u00e7bir \u015fekilde bu konuda yanl\u0131\u015f bir de\u011ferlendirmemiz olmam\u0131\u015f. Ama orada kar\u015f\u0131l\u0131kl\u0131 birbirlerine muht\u0131ra verenler bir s\u00fcre sonra karde\u015f oldular. Birlikte i\u015fbirlikleri geli\u015ftirdiler. Biz ne o olayda var\u0131z, ne ondan sonraki a\u015famas\u0131nda var\u0131z.<\/p>\n<p style=\"text-align: justify;\">Bak\u0131n, 28 \u015eubat oldu\u011fu zaman da biz bilin\u00e7li olarak sorumluluk almay\u0131 reddettik. Bu konudaki \u00f6nerilere hi\u00e7 itibar etmedik. Sadece baz\u0131 e\u011fitim projelerine y\u00f6nelik talepler yapt\u0131k ve o d\u00f6nemin d\u0131\u015f\u0131nda kald\u0131k. B\u00fct\u00fcn asker-sivil ili\u015fkilerinin somut bir \u015fekilde i\u00e7 i\u00e7e ge\u00e7ti\u011fi 12 Mart, 12 Eyl\u00fcl, 28 \u015eubat d\u00f6nemlerinin daima biz d\u0131\u015f\u0131nda kald\u0131k. Ama \u00f6te yandan bize y\u00f6nelik t\u00fcm ele\u015ftirilere ra\u011fmen gidip Tayyip Bey\u2019in siyaseten \u00f6n\u00fcn\u00fc a\u00e7t\u0131k.<\/p>\n<p style=\"text-align: justify;\"><strong><em>Askerden hi\u00e7 sitem ald\u0131n\u0131z m\u0131 bunu yapt\u0131\u011f\u0131n\u0131z i\u00e7in?<\/em><\/strong><\/p>\n<p style=\"text-align: justify;\">Ben askerle bu konular\u0131 konu\u015fmam. Bu onlar\u0131 ilgilendiren bir mesele de\u011fil. Herkes i\u015fini yapacak. Nas\u0131l 1 Mart tezkeresine kar\u015f\u0131 \u00e7\u0131karken askerle isti\u015fare etmediysek, onlar\u0131n deste\u011fine kar\u015f\u0131n ilke olarak tam tersini savunduysak bunu da elbette onlarla isti\u015fare etmedim. Teknik konularda askere ba\u015fvurulabilir, ama o kadar. Asker askerli\u011fini yapacak, siyaset\u00e7i siyasetini.<\/p>\n<p style=\"text-align: justify;\"><strong><em>GARETH JENK\u0130NS KADAR HAKKIM YOK MU? <\/em><\/strong><\/p>\n<p style=\"text-align: justify;\"><strong><em>Sekiz y\u0131ld\u0131r bir darbe tehdidi hissetiniz mi?<\/em><\/strong><\/p>\n<p style=\"text-align: justify;\">Ben etmedim. Kald\u0131 ki bence 2005\u2019ten sonra askerin b\u00f6yle bir tehdit yaratma imk\u00e2n\u0131n\u0131n olmad\u0131\u011f\u0131 da o kadar net bir \u015fekilde ortaya \u00e7\u0131kt\u0131 ki.<\/p>\n<p style=\"text-align: justify;\"><strong><em>Nas\u0131l \u00e7\u0131kt\u0131? <\/em><\/strong><\/p>\n<p style=\"text-align: justify;\">Her \u015feyden \u00e7\u0131kt\u0131. Dolmabah\u00e7e\u2019deki anla\u015fmadan ba\u015fla, cumhurba\u015fkanl\u0131\u011f\u0131 se\u00e7iminden \u00f6nce tak\u0131n\u0131lan tavra kadar&#8230;<\/p>\n<p style=\"text-align: justify;\"><strong><em>Ya bir alt kadro? <\/em><\/strong><\/p>\n<p style=\"text-align: justify;\">Yine olmazd\u0131, d\u00fcnya \u015fartlar\u0131 uygun de\u011fil bir kere.<\/p>\n<p style=\"text-align: justify;\"><strong><em>Peki Ay\u0131\u015f\u0131\u011f\u0131, Eldiven vs.? <\/em><\/strong><\/p>\n<p style=\"text-align: justify;\">Bu son yap\u0131lan a\u00e7\u0131klamalardan TSK\u2019n\u0131n kendi i\u00e7inde \u00fclkenin gidi\u015fiyle ilgili o bahsedilen do\u011frultuda de\u011ferlendirmeler yapt\u0131\u011f\u0131na ili\u015fkin rivayetler, an\u0131 defterleri, s\u00f6ylentiler ortaya d\u00f6k\u00fcld\u00fc. Bunlar\u0131 g\u00f6rd\u00fck, ama neyi de g\u00f6rd\u00fck? Bunlar\u0131n tamamen kendi aralar\u0131nda bir niyet beyan\u0131 oldu\u011funu, ger\u00e7ekle\u015ftirilme imk\u00e2n\u0131 var m\u0131 yok mu konusunda birbirlerinin nabz\u0131n\u0131 tutmaya y\u00f6nelik \u00e7al\u0131\u015fmalar oldu\u011funu g\u00f6rd\u00fck. Bir kaba izlenim olarak bu ortaya \u00e7\u0131kt\u0131.<\/p>\n<p style=\"text-align: justify;\">\u0130mk\u00e2n\u0131n\u0131 bulsalar yapacaklarm\u0131\u015f ama&#8230;<\/p>\n<p style=\"text-align: justify;\">Ama yapamad\u0131lar. Bak sen de \u201cbulsalar\u201d diyorsun. Niye bulunamad\u0131? Yap\u0131lmas\u0131 m\u00fcmk\u00fcn de\u011fildi \u00e7\u00fcnk\u00fc. Sa\u011fduyu galip geldi. D\u00fcnya \u015fartlar\u0131, T\u00fcrkiye\u2019nin \u015fartlar\u0131 buna uygun de\u011fil. \u0130nternet T\u00fcrkiye\u2019sinde art\u0131k bunlar olmaz.<\/p>\n<p style=\"text-align: justify;\"><strong><em>Peki bunun plan\u0131n\u0131n yap\u0131lmas\u0131 bile yarg\u0131lanmas\u0131n\u0131 gerektirmez mi? <\/em><\/strong><\/p>\n<p style=\"text-align: justify;\">O ayr\u0131. Hukuk elbette i\u015fler, yarg\u0131lanacaksa yarg\u0131lans\u0131nlar. Buna hi\u00e7bir itiraz\u0131m yok. Tam tersine s\u00fcrekli olarak ben hep \u015fu \u00fc\u00e7 noktay\u0131 talep ediyorum: 1-G\u00fcneydo\u011fu\u2019da ya\u015fanan faili me\u00e7huller ayd\u0131nlat\u0131ls\u0131n. 2- Bug\u00fcn ve ge\u00e7mi\u015fte devlet i\u00e7inde yer tutmu\u015f hukuk d\u0131\u015f\u0131 g\u00fc\u00e7 odaklar\u0131, mafya tamamen ortaya \u00e7\u0131kar\u0131ls\u0131n. 3- Varsa darbe tertipleri, haz\u0131rl\u0131klar\u0131 yarg\u0131lans\u0131n.<\/p>\n<p style=\"text-align: justify;\"><strong><em>O zaman Balyoz i\u00e7in neden hemen \u201cReddediyorum\u201d dediniz?<\/em><\/strong><\/p>\n<p style=\"text-align: justify;\">Bir dakika dur \u015fimdi, gelece\u011fim oraya, \u00f6nce ben bu dedi\u011fimi biraz daha a\u00e7ay\u0131m. Mesela Ergenekon davas\u0131n\u0131n i\u00e7inde bu sayd\u0131\u011f\u0131m \u00fc\u00e7l\u00fcn\u00fcn her birisinden par\u00e7a par\u00e7a unsurlar var.<\/p>\n<p style=\"text-align: justify;\"><strong><em>Ama ona da \u201cAvukat\u0131y\u0131m\u201d dediniz? <\/em><\/strong><\/p>\n<p style=\"text-align: justify;\">Bir dakika dur, ama&#8230; Bu de\u011fil ki Ergenekon\u2019a niteli\u011fini veren. Bunlar zaten Ergenekon olmasa da kendi ba\u015flar\u0131na ele al\u0131nmas\u0131 gereken olaylar. Yani darbe d\u00fc\u015f\u00fcnenin mafyala\u015fmayla bir ba\u011flant\u0131s\u0131 olmak zorunda de\u011fil. Sen darbe d\u00fc\u015f\u00fcnen adam\u0131 darbeden yarg\u0131layacaks\u0131n. Mafyay\u0131 mafyal\u0131ktan yarg\u0131layacaks\u0131n. Hepsini yarg\u0131la, hi\u00e7bir laf\u0131m yok. Ama par\u00e7a par\u00e7a alm\u0131yorsun, hepsini bir sepetin i\u00e7ine koyuyorsun. Niye? \u00c7\u00fcnk\u00fc e\u011fer par\u00e7a par\u00e7a al\u0131rsan ayd\u0131nlar\u0131, muhalifleri devreye sokam\u0131yorsun. Onlar\u0131 sokmak i\u00e7in sanki bir b\u00fcy\u00fck entegre \u00f6rg\u00fct varm\u0131\u015f gibi ele al\u0131yorsun. PKK\u2019y\u0131 kimin kurdu\u011fu belli, hangi tarihte kurdu\u011fu belli; bunu kim, hangi tarihte kurmu\u015f belli de\u011fil. \u201cSorma onlar\u0131 sen, Ergenekon laf\u0131 alt\u0131nda bunu g\u00f6t\u00fcrelim\u201d; bu do\u011fru bir hukuk\u00e7u anlay\u0131\u015f\u0131 de\u011fil. Bak\u0131n bu davalar akla ister istemez Hitler Almanya\u2019s\u0131nda ve Stalin Rusya\u2019s\u0131ndaki toplu su\u00e7lama kampanyalar\u0131n\u0131 akla getiriyor. Siyasi ama\u00e7la hukuku kullanarak toplumu y\u00f6nlendirme gayretlerini an\u0131msat\u0131yor.<\/p>\n<p style=\"text-align: justify;\"><strong><em>Bu \u015f\u00fcphenizle iddianamedeki \u015f\u00fcpheler ayr\u0131 ayr\u0131 yerlere konarak de\u011ferlendirilemez mi? <\/em><\/strong><\/p>\n<p style=\"text-align: justify;\">Bunu bir tarafa koyamazs\u0131n, bu i\u015fin \u00f6z\u00fc. Bir \u00fclkede 16 ay birisi tutuklu kal\u0131p, h\u00e2kimin kar\u015f\u0131s\u0131na ilk \u00e7\u0131kt\u0131\u011f\u0131 anda anan\u0131n ad\u0131 ne, baban\u0131n ad\u0131 ne deyip serbest kal\u0131yorsa, ama 16 ay boyunca h\u00e2kimin \u00f6n\u00fcne de \u00e7\u0131kam\u0131yorsa, orada yanl\u0131\u015f bir \u015fey var demektir.<\/p>\n<p style=\"text-align: justify;\"><strong><em>Bunlar\u0131n hepsine ayn\u0131 anda kar\u015f\u0131 \u00e7\u0131kmak m\u00fcmk\u00fcnken, sadece birine \u00f6ncelik vermek de yanl\u0131\u015f de\u011fil mi? <\/em><\/strong><\/p>\n<p style=\"text-align: justify;\">Ama ilk bununla ba\u015flad\u0131 olaylar ve sordu\u011fun o soruya kadar gelenki s\u00fcrecin alt\u0131nda da bu var. Ayn\u0131s\u0131n\u0131 \u0130ngiliz gazeteci Gareth Jenkins da s\u00f6yl\u00fcyor. \u0130ddianameyi ba\u015ftan sonuna kadar okuyan tek ki\u015fidir herhalde ve dedi ki \u201cSu\u00e7 \u00f6rg\u00fctleri var, ama bu davadaki olay o de\u011fil. Bu bir fantezidir\u201d dedi.<\/p>\n<p style=\"text-align: justify;\"><strong><em>\u0130\u00e7inde su\u00e7 \u00f6rg\u00fctleri oldu\u011funu da kabul ediyorsan\u0131z, niye \u201cErgenekon\u2019un avukat\u0131y\u0131m\u201d dediniz? Yani siz Veli K\u00fc\u00e7\u00fck\u2019\u00fcn avukat\u0131 m\u0131s\u0131n\u0131z? <\/em><\/strong><\/p>\n<p style=\"text-align: justify;\">Hi\u00e7 \u00f6yle bir \u015fey yok. Ben ma\u011fduriyetin avukat\u0131y\u0131m. Bir defa \u015funu anlamak laz\u0131m, benden \u00f6nce Ba\u015fbakan \u00e7\u0131kt\u0131 \u201cBen savc\u0131s\u0131y\u0131m\u201d dedi. Y\u00fcr\u00fctmenin ba\u015f\u0131ndaki bir ba\u015fbakan b\u00f6yle bir davan\u0131n savc\u0131s\u0131 olamaz, olabilemez. Hukuka ayk\u0131r\u0131, anayasaya ayk\u0131r\u0131, hatta medeniyete ayk\u0131r\u0131.<\/p>\n<p style=\"text-align: justify;\">Ama ben bir hukuk\u00e7uyum ve bir muhalefet partisi genel ba\u015fkan\u0131y\u0131m. Benim g\u00f6revim ma\u011fduriyetleri savunmakt\u0131r. \u015eimdi sen orada tedavi g\u00f6rmedi\u011fi i\u00e7in \u00f6len ve Ergenekon davas\u0131n\u0131n finans\u00f6r\u00fcd\u00fcr diye peri\u015fan edilen, arkas\u0131ndan cenazesi ortada kalan insan\u0131n ma\u011fdur olmad\u0131\u011f\u0131n\u0131 m\u0131 d\u00fc\u015f\u00fcn\u00fcyorsun? Mehmet Haberal\u2019\u0131n orada aylard\u0131r ma\u011fdur olmad\u0131\u011f\u0131n\u0131 m\u0131 d\u00fc\u015f\u00fcn\u00fcyorsun? Elin yabanc\u0131s\u0131 \u00e7\u0131k\u0131yor \u201cBu davada uluslararas\u0131 hukuk standartlar\u0131 uygulanm\u0131yor\u201d diye rapor yaz\u0131yor da benim bir muhalefet partisi genel ba\u015fkan\u0131, bir hukuk\u00e7u, bir insan olarak buna tepki g\u00f6stermem neye g\u00f6re yanl\u0131\u015f?<\/p>\n<p style=\"text-align: justify;\"><strong><em>BALYOZ DO\u011eRU \u00c7IKSA, BEN\u0130M D\u00dcNYAM SARSILIR<\/em><\/strong><\/p>\n<p style=\"text-align: justify;\"><em>Ayn\u0131 soruyu \u015fimdi tekrar soray\u0131m: Balyoz\u2019la ilgili ni\u00e7in hemen \u201cReddediyorum, inanm\u0131yorum\u201d dediniz? <\/em><\/p>\n<p style=\"text-align: justify;\">\u00c7\u00fcnk\u00fc Silahl\u0131 Kuvvetler\u2019in bir camiyi bombalamay\u0131 bir g\u00f6rev olarak ifade etmesini, bir T\u00fcrk jetinin yine bir T\u00fcrk jeti taraf\u0131ndan d\u00fc\u015f\u00fcr\u00fclmesinin \u00f6ng\u00f6r\u00fclmesini hi\u00e7bir \u015fekilde tasavvur edemem.<\/p>\n<p style=\"text-align: justify;\"><strong><em>Bu sizin inanc\u0131n\u0131z, ama ger\u00e7ekle inan\u00e7 farkl\u0131 olabilir?<\/em><\/strong><\/p>\n<p style=\"text-align: justify;\">Olursa benim d\u00fcnyam \u00e7ok sars\u0131l\u0131r. Ben T\u00fcrkiye\u2019de bu \u00e7\u0131karsa \u00e7ok derin bir \u00fcz\u00fcnt\u00fcye girerim, \u00e7ok derin bir sorgulama yapar\u0131m. Bunu benim mant\u0131\u011f\u0131m kabul etmez. Ben b\u00f6yle yeti\u015ftirilmedim. Benim do\u011frular\u0131m, ger\u00e7eklerim, inan\u00e7lar\u0131m, kimli\u011fim, hepsi sars\u0131l\u0131r b\u00f6yle bir \u015fey kar\u015f\u0131s\u0131nda.<\/p>\n<p style=\"text-align: justify;\"><strong><em>O zaman bunun kan\u0131tlanmas\u0131n\u0131 talep etmemiz gerekmiyor mu? <\/em><\/strong><\/p>\n<p style=\"text-align: justify;\">Ama buradan yola \u00e7\u0131karak \u201c\u00d6yle olmu\u015ftur\u201da getirmek de m\u00fcmk\u00fcn de\u011fil. Bak\u0131n bilen varsa \u00e7\u0131kacak, bunu tak diye s\u00f6yleyecek. Ben bunu g\u00f6rmedim bug\u00fcne kadar. Bir s\u00fcr\u00fc iddia at\u0131ld\u0131, hi\u00e7birisi de \u00e7\u0131kmad\u0131. \u015eimdi burada \u00e7\u0131kar m\u0131? \u00c7\u0131lg\u0131nca bir \u015fey bu, bunu kesin \u00f6ng\u00f6rm\u00fcyorum kesin kabul etmiyorum. Bir camiyi bombalatman\u0131n peygamber oca\u011f\u0131 diye bilinen bir kurumu milletin g\u00f6z\u00fcnde nesiller boyunca ne hale sokaca\u011f\u0131n\u0131n de\u011ferlendirmesini yapamayacak ki\u015fi nas\u0131l kurmay olur, nas\u0131l subay olur? Kim kendi kader arkada\u015f\u0131n\u0131n jetini d\u00fc\u015f\u00fcr\u00fcr, b\u00f6yle bir emri kim verir, b\u00f6yle bir emir verilse bu nas\u0131l gizli kal\u0131r? Orada d\u00fczinelerle subay bu i\u015fin i\u00e7inde, sonu\u00e7ta bu ka\u00e7\u0131r\u0131lan, gizlenen bir yer alt\u0131 faaliyeti de\u011fil, herkesin bilgisi i\u00e7inde haz\u0131rlanan bir seminer. Peki kimse tutup bunu haz\u0131rlayana \u201cSa\u00e7malama b\u00f6yle \u015fey olmaz\u201d dememi\u015f mi? Bu ne zaman yap\u0131lm\u0131\u015f? 2003 y\u0131l\u0131nda. Hangi y\u0131lday\u0131z? 2010. Bu yedi y\u0131l boyunca ka\u00e7 tane komutan gelmi\u015f ge\u00e7mi\u015f, bunlar\u0131n hi\u00e7birisi \u201cYa b\u00f6yle bir \u015fey olur mu?\u201d dememi\u015f mi?<\/p>\n<p style=\"text-align: justify;\">\u015eimdi buralardan \u00e7\u0131karaca\u011f\u0131m \u015fudur: Her bir olayda defalarca ortaya \u00e7\u0131kan bu komplolar zincirinin bir par\u00e7as\u0131 olarak bunun da tahrif edilebilmi\u015f olma ihtimalini dikkate almak laz\u0131m. Cevab\u0131m bu. Kim, niye ekleme yapar? Ben \u015fu an bunu sorma ihtiyac\u0131n\u0131 hissediyorum.<\/p>\n<p style=\"text-align: justify;\"><strong><em>Diyelim ki cami ve jet ekleme; kalan\u0131 bile k\u00f6t\u00fc de\u011fil mi? <\/em><\/strong><\/p>\n<p style=\"text-align: justify;\">O zaman cami ve jeti kim, ni\u00e7in eklemi\u015f acaba. Ortada bir komplonun bulundu\u011funu bu bile a\u00e7\u0131k\u00e7a g\u00f6sterir. Tabii, niye somut isimler koydunuz; bu kadar hassas bir i\u00e7 siyaset konusu darbeye ve sava\u015fa niye ba\u011flan\u0131yor; s\u0131k\u0131y\u00f6netim \u015fartlar\u0131nda sava\u015f nas\u0131l g\u00f6t\u00fcr\u00fcl\u00fcr? Bu sorular\u0131n hepsi \u00e7ok me\u015fru. Bu konuda \u00e7ok \u015fey s\u00f6ylenebilir. Ama ben \u015fimdi \u015funu sormak istiyorum; e\u011fer bu iddiay\u0131 ortaya atanlar bir tek c\u00fcmle eklemi\u015flerse dahi oraya niye eklemi\u015flerdir? Yani olay\u0131n esas\u0131 yetmemi\u015ftir de neyin pe\u015findedirler?<\/p>\n<p style=\"text-align: justify;\"><strong><em>Eklenip eklenmedi\u011fini anlamak i\u00e7in de bize ger\u00e7e\u011finin g\u00f6sterilmesi gerekmiyor mu?<\/em><\/strong><\/p>\n<p style=\"text-align: justify;\">Tabii elbette ve bunun ortaya \u00e7\u0131kaca\u011f\u0131na da inan\u0131yorum, hi\u00e7bir \u015fey gizli kalmaz. Gizli kal\u0131rsa onun ortaya \u00e7\u0131kmas\u0131n\u0131 birileri istemiyor demektir. Ama \u015funu anlatmaya \u00e7al\u0131\u015f\u0131yorum, biz ortaya at\u0131lan her laf\u0131 art\u0131k b\u00f6yle magazin haberi gibi dinlemeye ba\u015flad\u0131k. Do\u011fru \u00e7\u0131kmay\u0131nca b\u0131rakt\u0131k, unuttuk, adeta ba\u015fkas\u0131n\u0131 bekler hale geldik; \u201c\u015fimdi yenisi gelsin\u201d diyoruz. B\u00f6yle \u015fey olmaz. Bunlar ciddi olaylar. Ben h\u00e2l\u00e2 bu Dursun \u00c7i\u00e7ek olay\u0131n\u0131 Ba\u015fbakan\u2019\u0131n ayd\u0131nlatmas\u0131n\u0131 bekliyorum. Ba\u015fbakan ne diyordu, \u201cBu imza her \u015feyi ortaya koyacak turnusol k\u00e2\u011f\u0131d\u0131d\u0131r\u201d diyordu. Meydan meydan konu\u015fmas\u0131n\u0131 yapt\u0131, mahkemeye verdi. Ne oldu karde\u015fim bu dava? Can\u0131m b\u0131rak, unutuver. Niye unutay\u0131m karde\u015fim? (Baykal, s\u00f6z\u00fcn buras\u0131nda \u00e7ok ayr\u0131nt\u0131l\u0131 bir bi\u00e7imde \u0131slak imza, Yarbay Ali Tatar ve Ar\u0131n\u00e7\u2019a suikast olaylar\u0131n\u0131n kronolojisini anlat\u0131yor, ancak yer s\u0131k\u0131nt\u0131s\u0131 nedeniyle \u00f6zetle devam ediyoruz.)<\/p>\n<p style=\"text-align: justify;\">Toplumu aya\u011fa kald\u0131ran olaylara \u015fimdi bak\u0131yoruz, ya takip edilmedi, ya gere\u011fi yap\u0131lmad\u0131. Ge\u00e7erli ge\u00e7ersiz dayanaklar, belgeler, do\u011fru-yanl\u0131\u015f telefon dinlemeleri vs. gibi \u015feylerle bir b\u00fcy\u00fck heyecan yarat\u0131l\u0131yor, ama sonra bir \u015fey \u00e7\u0131km\u0131yor. Bir, iki, \u00fc\u00e7, \u00fcst \u00fcste y\u0131\u011f\u0131nla komplo \u00e7\u0131kt\u0131. Sonunda ne olmaya ba\u015flad\u0131; T\u00fcrkiye giderek komplolara \u015ferbetlenmeye ba\u015flad\u0131. Ortaya at\u0131lan iddialar\u0131 art\u0131k toplumun ciddiye almas\u0131n\u0131 beklemek giderek g\u00fc\u00e7le\u015fmi\u015ftir.<\/p>\n<p style=\"text-align: justify;\"><strong><em>BA\u015eBAKAN BEN OLSAYDIM DERHAL GERE\u011e\u0130N\u0130 YAPARDIM <\/em><\/strong><\/p>\n<p style=\"text-align: justify;\"><strong>Siz Ba\u015fbakan\u2019\u0131n yerinde olsayd\u0131n\u0131z ne yapard\u0131n\u0131z?<\/strong><\/p>\n<p style=\"text-align: justify;\">\u00d6nce ne yapmayaca\u011f\u0131m\u0131 s\u00f6yleyeyim: Silahl\u0131 Kuvvetleri do\u011frulu\u011fu ku\u015fkulu, belgeleri ge\u00e7ersiz iddialarla su\u00e7lay\u0131p y\u0131pratma kampanyas\u0131na g\u00f6z yummazd\u0131m. Ancak baz\u0131 somut iddialar varsa o zaman elbette yap\u0131lmas\u0131 gereken \u015fey de \u00e7ok a\u00e7\u0131kt\u0131r: E\u011fer Ba\u015fbakan bu olaylar\u0131n bir par\u00e7as\u0131 olarak Genelkurmay Ba\u015fkan\u0131\u2019n\u0131n ya da kuvvet komutanlar\u0131n\u0131n do\u011frudan i\u015fin i\u00e7inde bulundu\u011funa kani olmu\u015fsa \u00f6nce bunu ara\u015ft\u0131r\u0131r. Kendisini h\u00fck\u00fcm verme noktas\u0131na getirecek verileri toplar. E\u011fer b\u00f6yle bir h\u00fckm\u00fc olu\u015ftuysa da derhal yapmas\u0131 gereken i\u015f -ben olsam kesin yapard\u0131m- Genelkurmay Ba\u015fkan\u0131 ya da ilgili kuvvet komutanlar\u0131n\u0131 g\u00f6revden almakt\u0131r.<\/p>\n<p style=\"text-align: justify;\"><strong><em>As\u0131l o zaman \u201cAk Parti askere sava\u015f a\u00e7t\u0131\u201d denmez miydi?<\/em><\/strong><\/p>\n<p style=\"text-align: justify;\">Hay\u0131r, gerek\u00e7esini de \u00e7\u0131kar s\u00f6ylersin. Ama bunu b\u00f6yle psikolojik ortam haz\u0131rlayarak, tahrip ederek, kampanyalar organize ederek, olay\u0131 kar\u015f\u0131l\u0131kl\u0131 m\u00fccadelede bir avantaj sa\u011flamaya \u00e7al\u0131\u015farak yapmazs\u0131n. E\u011fer ger\u00e7ekten bu konuda bir teredd\u00fcd\u00fcn varsa derhal gere\u011fini yapars\u0131n ve bunu topluma anlat\u0131rs\u0131n. Devam ediyorum; diyelim ki genelkurmay ba\u015fkan\u0131n\u0131n bu i\u015fin d\u0131\u015f\u0131nda oldu\u011funu, ama b\u00f6yle olaylar\u0131n maalesef altta \u015fekillendi\u011fini g\u00f6rd\u00fcm. O zaman da bunu ulu orta serip, b\u00f6yle dedikodusunu yapt\u0131raca\u011f\u0131ma derhal genelkurmay ba\u015fkan\u0131n\u0131 \u00e7a\u011f\u0131r\u0131r\u0131m ve derim ki \u201cL\u00fctfen gere\u011fini yap\u0131n, size emanet ediyorum, derhal bunu inceleyin.\u201d<\/p>\n<p style=\"text-align: justify;\"><strong><em>Yapmazsa? <\/em><\/strong><\/p>\n<p style=\"text-align: justify;\">Yapmazsa o zaman yine birinci maddeye d\u00f6neriz. Ama \u00f6nce bunu ondan isteyeceksin. Onun i\u015fini sen yapmaya kalkmayacaks\u0131n. Onun arkas\u0131ndan oyun \u00e7evirmeyeceksin. \u00d6nce kur\u015funu s\u0131k\u0131p, sonra dosyas\u0131n\u0131 haz\u0131rlamayacaks\u0131n. Samimiyetle o kurumu sahipleniyorsan, bu meselelerin gere\u011fini yapacak bir insan\u0131n ba\u015f\u0131nda bulunmas\u0131n\u0131 da g\u00fcvence alt\u0131na alacaks\u0131n. Ama yapm\u0131yorsa o zaman da gere\u011fini bizzat sen yapacaks\u0131n. Orada da bitmeyecek i\u015fin. Bakacaks\u0131n, olay\u0131n ba\u015fka yans\u0131malar\u0131, uzant\u0131lar\u0131 var m\u0131? Varsa ona g\u00f6re de tedbirlerini alacaks\u0131n ve elbette sorunlar\u0131 derhal yarg\u0131ya intikal ettireceksin. Ama Ba\u015fbakan \u015fu an bununla me\u015fgul de\u011fil. G\u00f6revden alm\u0131yor, onun yerine tahrip ediyor, sava\u015f\u0131yor.<\/p>\n<p style=\"text-align: justify;\"><strong><em>Neden sizce? <\/em><\/strong><\/p>\n<p style=\"text-align: justify;\">\u00c7\u00fcnk\u00fc ikna olacak bir olay yok elinde. \u00c7\u0131k\u0131p kamuoyuna anlat\u0131p, bu budur diyece\u011fi somut bir \u015fey yok. Kald\u0131 ki e\u011fer varsa ve yap\u0131lanlar\u0131 kan\u0131tlamaya haz\u0131r bir noktadaysa, benimle konu\u015fmas\u0131na, kamuoyuyla konu\u015fmas\u0131na da gerek yok, derhal gere\u011fini yapmas\u0131 laz\u0131m. Ama ne yap\u0131yorsun; \u201cE ben seni yemek istiyorum, onun i\u00e7in sende a\u00e7\u0131k ar\u0131yorum, seninle s\u00fcrt\u00fc\u015f\u00fcyorum\u201d demeye ba\u015fl\u0131yorsun.<\/p>\n<p style=\"text-align: justify;\"><strong><em>TABLO TSK\u2019YA ZARAR VER\u0130YOR <\/em><\/strong><\/p>\n<p style=\"text-align: justify;\">Asl\u0131nda \u015f\u00f6yle de bir iddia var; Genelkurmay Ba\u015fkan\u0131 Ba\u015fbu\u011f\u2019un da i\u00e7erideki bu giri\u015fimlerden \u00e7ok rahats\u0131z oldu\u011fu, bir temizlenmenin yap\u0131lmas\u0131n\u0131 kendisinin de istedi\u011fi, asl\u0131nda zaten Ergenekon\u2019un da kozmik odaya girilmesinin de hep askerin iste\u011fi do\u011frultusunda ya\u015fand\u0131\u011f\u0131&#8230; Siz b\u00f6yle bir hava ald\u0131n\u0131z m\u0131 hi\u00e7?<\/p>\n<p style=\"text-align: justify;\">S\u00f6ylentilerle ilgili bir de\u011ferlendirme yapamam. Temas\u0131m yok, b\u00f6yle bir g\u00f6zlemim de yok. Ben tabloya bak\u0131yorum, ger\u00e7eklere bak\u0131yorum. Bu olay\u0131n bir b\u00fct\u00fcnl\u00fck i\u00e7inde ele al\u0131nmas\u0131 laz\u0131m. O b\u00fct\u00fcnl\u00fc\u011f\u00fcn i\u00e7inde ben siyasi sindirme stratejisinin i\u015flemekte oldu\u011funu g\u00f6r\u00fcyorum. \u00c7\u00fcnk\u00fc i\u015fin \u00f6z\u00fcn\u00fcn derhal ayd\u0131nl\u0131\u011fa \u00e7\u0131kar\u0131lmas\u0131 konusunda etkili bir talep g\u00f6rm\u00fcyorum, tersine bir teslimiyet g\u00f6r\u00fcyorum. Bir s\u00fcre\u00e7 i\u015fliyor. Hukuk sayg\u0131s\u0131ndand\u0131r, demokrasidendir, \u015fudur budur, onu bilemem, ama bu tablonun da T\u00fcrkiye\u2019ye ve Silahl\u0131 Kuvvetler\u2019e \u00e7ok ciddi zarar verdi\u011fi tart\u0131\u015fma g\u00f6t\u00fcrmez bir ger\u00e7ektir.<\/p>\n<p style=\"text-align: justify;\"><span style=\"color: #888888;\">VATAN<\/span><\/p>\n","protected":false},"excerpt":{"rendered":"<p style=\"text-align: center;\">\n<p style=\"text-align: justify;\">Baykal: Balyoz do\u011fru \u00e7\u0131karsa benim d\u00fcnyam sars\u0131l\u0131r. <\/p>\n<p style=\"text-align: justify;\">Toplumu aya\u011fa kald\u0131ran olaylara \u015fimdi bak\u0131yoruz, ya takip edilmedi, ya gere\u011fi yap\u0131lmad\u0131. T\u00fcrkiye giderek komplolara \u015ferbetlenmeye ba\u015flad\u0131\u201d diyen Baykal, son Balyoz darbesiyle ilgili iddialar i\u00e7in de \u015funlar\u0131 s\u00f6yl\u00fcyor:<\/p>\n<p style=\"text-align: justify;\">\u201cE\u011fer Ba\u015fbakan bu olaylar\u0131n bir par\u00e7as\u0131 olarak Genelkurmay Ba\u015fkan\u0131\u2019n\u0131n ya <\/p>\n","protected":false},"author":1,"featured_media":0,"comment_status":"open","ping_status":"closed","sticky":false,"template":"","format":"standard","meta":{"footnotes":""},"categories":[105],"tags":[],"class_list":["post-18384","post","type-post","status-publish","format-standard","hentry","category-gundem","odd"],"_links":{"self":[{"href":"http:\/\/www.korhanyilmaz.com\/index.php?rest_route=\/wp\/v2\/posts\/18384","targetHints":{"allow":["GET"]}}],"collection":[{"href":"http:\/\/www.korhanyilmaz.com\/index.php?rest_route=\/wp\/v2\/posts"}],"about":[{"href":"http:\/\/www.korhanyilmaz.com\/index.php?rest_route=\/wp\/v2\/types\/post"}],"author":[{"embeddable":true,"href":"http:\/\/www.korhanyilmaz.com\/index.php?rest_route=\/wp\/v2\/users\/1"}],"replies":[{"embeddable":true,"href":"http:\/\/www.korhanyilmaz.com\/index.php?rest_route=%2Fwp%2Fv2%2Fcomments&post=18384"}],"version-history":[{"count":0,"href":"http:\/\/www.korhanyilmaz.com\/index.php?rest_route=\/wp\/v2\/posts\/18384\/revisions"}],"wp:attachment":[{"href":"http:\/\/www.korhanyilmaz.com\/index.php?rest_route=%2Fwp%2Fv2%2Fmedia&parent=18384"}],"wp:term":[{"taxonomy":"category","embeddable":true,"href":"http:\/\/www.korhanyilmaz.com\/index.php?rest_route=%2Fwp%2Fv2%2Fcategories&post=18384"},{"taxonomy":"post_tag","embeddable":true,"href":"http:\/\/www.korhanyilmaz.com\/index.php?rest_route=%2Fwp%2Fv2%2Ftags&post=18384"}],"curies":[{"name":"wp","href":"https:\/\/api.w.org\/{rel}","templated":true}]}}