{"id":18376,"date":"2010-01-25T14:01:04","date_gmt":"2010-01-25T12:01:04","guid":{"rendered":"http:\/\/www.korhanyilmaz.com\/?p=18376"},"modified":"2010-01-25T14:01:04","modified_gmt":"2010-01-25T12:01:04","slug":"basbug-turk-ordusunun-bir-sabri-var","status":"publish","type":"post","link":"http:\/\/www.korhanyilmaz.com\/?p=18376","title":{"rendered":"Ba\u015fbu\u011f: &#039;T\u00fcrk ordusunun bir sabr\u0131 var&#039;"},"content":{"rendered":"<p style=\"text-align: center;\"><a class=\"lightview\" title=\"Ba\u015fbu\u011f \u00c7ok Sert ::B\u00f6l\u00fcm 1 :: width: 500, height:395 \" rel=\"set[basbug]\" href=\"http:\/\/www.korhanyilmaz.com\/swf\/flvplayer.swf?file=http:\/\/data.gazetevatan.com\/video\/file\/250120101415481310334.flv\"><\/a><a class=\"lightview\" title=\"Ba\u015fbu\u011f \u00c7ok Sert ::B\u00f6l\u00fcm 2 :: width: 500, height:395\" rel=\"set[basbug]\" href=\"http:\/\/www.korhanyilmaz.com\/swf\/flvplayer.swf?file=http:\/\/data.gazetevatan.com\/video\/file\/250120101422111310499.flv\"><img loading=\"lazy\" decoding=\"async\" class=\"aligncenter size-full wp-image-18443\" src=\"http:\/\/www.korhanyilmaz.com\/wp-content\/uploads\/2010\/01\/basbug2.jpg\" alt=\"\" width=\"307\" height=\"236\" \/ class=\"lightview\"><\/a><\/p>\n<p style=\"text-align: justify;\">Genelkurmay Ba\u015fkan\u0131 Orgeneral \u0130lker Ba\u015fbu\u011f, darbe plan\u0131 iddialar\u0131yla ilgili olarak, &#8220;Yanl\u0131\u015f bilgi felakettir, hakikat aranmal\u0131&#8221; dedi. &#8220;Allah Allah diye taarruz eden ordu camiye bomba koyar m\u0131?&#8221; diyen Ba\u015fbu\u011f, &#8220;T\u00fcrk ordusunun da bir sabr\u0131 var&#8221; ifadesini kulland\u0131.<!--more--><\/p>\n<p style=\"text-align: justify;\">Genelkurmay Ba\u015fkanl\u0131\u011f\u0131 Karargah\u0131&#8217;nda Kaz\u0131m Karabekir i\u00e7in d\u00fczenlenen \u00f6zel anma t\u00f6reninde konu\u015fan Ba\u015fbu\u011f, Taraf gazetesinin Balyoz Eylem Plan\u0131 haberleriyle ilgili olarak Kaz\u0131m Karabekir&#8217;in, &#8220;Vatanda\u015f! Yanl\u0131\u015f bilgi felaket kayna\u011f\u0131d\u0131r. Her i\u015fin evvela hakikatini ara ve \u00f6\u011fren, sonra m\u00fcnaka\u015fas\u0131n\u0131 istedi\u011fin gibi yap&#8221; s\u00f6zlerini an\u0131msatt\u0131 ve &#8220;Bug\u00fcn buna \u00e7ok ihtiyac\u0131m\u0131z oldu\u011funu d\u00fc\u015f\u00fcn\u00fcyorum&#8221; dedi.<\/p>\n<p style=\"text-align: justify;\"><strong><em>&#8220;Vicdans\u0131zlar&#8230;&#8221; <\/em><\/strong><\/p>\n<p style=\"text-align: justify;\">&#8220;Camilere bombal\u0131 sald\u0131r\u0131 d\u00fczenlenecekti&#8221; iddialar\u0131na sert tepki g\u00f6steren Ba\u015fbu\u011f, TSK&#8217;n\u0131n talimnamelerinin h\u00fccumla ilgili b\u00f6l\u00fcmlerinde &#8220;Allah, Allah&#8221; diye askere taarruz ettirildi\u011fini belirterek, &#8220;Nas\u0131l olur da TSK camiyi bombalatt\u0131rmay\u0131 d\u00fc\u015f\u00fcn\u00fcr. Bu vicdans\u0131zl\u0131kt\u0131r.  Vicdans\u0131zlara sesleniyorum; T\u00fcrk ordusunun da bir sabr\u0131 var. Nas\u0131l b\u00f6yle itham edilir. \u0130ddialar\u0131 lanetliyorum&#8221; diye konu\u015ftu.<\/p>\n<p style=\"text-align: justify;\">Ana g\u00fcndem maddesi haline gelen darbe iddialar\u0131ndan hicap duydu\u011funu s\u00f6yleyen Genelkurmay Ba\u015fkan\u0131, &#8220;Biz diyoruz ki demokrasilerde en ideal husus iktidarlar\u0131n se\u00e7imlerle, demokratik y\u00f6ntemlerle yer de\u011fi\u015ftirmesidir. D\u00fc\u015f\u00fcncem bu kadar a\u00e7\u0131k&#8221; dedi.<\/p>\n<p style=\"text-align: justify;\"><strong><em>&#8220;Kim menfaat sa\u011fl\u0131yor?&#8221;<\/em><\/strong><\/p>\n<p style=\"text-align: justify;\">&#8220;Bunlar 7 y\u0131l \u00f6nceki tatbikat planlar\u0131. 5 y\u0131lda bir bu tip planlar imha edilir&#8221; diyen Ba\u015fbu\u011f, &#8220;Biraz insafl\u0131, sab\u0131rl\u0131 olmak laz\u0131m. Belgeleri inceliyoruz, ancak incelenmesi kabul\u00fc anlam\u0131na gelmez&#8221; dedi.<\/p>\n<p style=\"text-align: justify;\">Genelkurmay Ba\u015fkanl\u0131\u011f\u0131, konuyla ilgili yaz\u0131l\u0131 a\u00e7\u0131klamas\u0131nda, &#8220;1&#8217;inci Ordu Komutanl\u0131\u011f\u0131 taraf\u0131ndan 5-7 Mart 2003 tarihleri aras\u0131nda icra edilen Plan Seminerine ili\u015fkin \u00e7e\u015fitli iddialar ve de\u011ferlendirmeler medyada yer almaktad\u0131r. \u0130ddialar\u0131, akl\u0131 ve vicdan\u0131 olan hi\u00e7bir kimsenin kabul etmesi m\u00fcmk\u00fcn de\u011fildir&#8221; ifadesini kullanm\u0131\u015ft\u0131.<\/p>\n<p style=\"text-align: justify;\"><strong><em>TSK&#8217;da k\u00f6stebek <\/em><\/strong><\/p>\n<p style=\"text-align: justify;\">Ba\u015fbu\u011f, s\u0131zan bilgiler \u00fczerinde ekleme ve de\u011fi\u015ftirmeler yap\u0131lm\u0131\u015f oldu\u011funu belirterek, bu iddialardan kimlerin menfaat sa\u011flad\u0131\u011f\u0131n\u0131n d\u00fc\u015f\u00fcn\u00fclmesini istedi.<\/p>\n<p style=\"text-align: justify;\">\u0130lker Ba\u015fbu\u011f, bug\u00fcne kadar TSK i\u00e7inde bilgi s\u0131zd\u0131rmalar kapsam\u0131nda a\u00e7\u0131lan soru\u015fturma say\u0131s\u0131n\u0131n 61 oldu\u011funu belirterek, bunlardan 9 tanesinin yarg\u0131 safhas\u0131na d\u00f6n\u00fc\u015ft\u00fc\u011f\u00fcn\u00fc, 3 y\u0131l hapis cezas\u0131 alan bir subay\u0131n da TSK&#8217;dan uzakla\u015ft\u0131r\u0131ld\u0131\u011f\u0131n\u0131 bildirdi. Orgeneral Ba\u015fbu\u011f, \u015fu anda 10 ki\u015finin de bu su\u00e7lamalardan tutuklu oldu\u011funu s\u00f6yledi.<\/p>\n<p style=\"text-align: justify;\">TSK&#8217;da hata yapanlar olabilece\u011fini s\u00f6yleyen Ba\u015fbu\u011f, bu ki\u015fileri bar\u0131nd\u0131rmayacaklar\u0131n\u0131 s\u00f6yledi.<\/p>\n<p style=\"text-align: justify;\"><strong><em>Taraf&#8217;\u0131n iddialar\u0131 <\/em><\/strong><\/p>\n<p style=\"text-align: justify;\">Taraf gazetesi darbeye ortam haz\u0131rlamak amac\u0131yla yeni bir eylem plan\u0131 iddias\u0131n\u0131 ortaya atm\u0131\u015ft\u0131. &#8220;Balyoz G\u00fcvenlik Harekat Plan\u0131&#8221; ad\u0131 alt\u0131nda &#8220;\u00c7ar\u015faf&#8221;, &#8220;Sakal&#8221;, &#8220;Oraj&#8221; ve &#8220;Suga&#8221; ad\u0131 verilen planlara g\u00f6re Beyaz\u0131t ve Fatih camilerinde cuma g\u00fcn\u00fc bombal\u0131 sald\u0131r\u0131lar d\u00fczenlenecek, Ege&#8217;de T\u00fcrk jeti d\u00fc\u015f\u00fcr\u00fclecek, AK Parti aciz g\u00f6sterilmeye \u00e7al\u0131\u015f\u0131lacakt\u0131. Kaos ortam\u0131 sonunda 11 sayfal\u0131k Balyoz plan\u0131 hayata ge\u00e7irilecekti.<\/p>\n<p style=\"text-align: justify;\">Gazetenin haberine g\u00f6re d\u00f6nemin I. Ordu Komutan\u0131 Orgeneral \u00c7etin Do\u011fan y\u00f6netimindeki askerler, darbeye direnebilecek 200 bin ki\u015fiyi stadlara doldurmay\u0131 planl\u0131yordu. Hatta, darbe kabinesi bile haz\u0131rlanm\u0131\u015ft\u0131.<\/p>\n<p style=\"text-align: justify;\">Planda imzas\u0131 bulundu\u011fu iddia edilen Orgeneral Do\u011fan, &#8220;T\u00fcrk Silahl\u0131 Kuvvetleri&#8217;nde her kademede mevcut planlar\u0131 g\u00f6zden ge\u00e7irmek \u00fczere harp oyunu, plan tatbikat\u0131 ve seminerler yap\u0131lmas\u0131 do\u011fal bir uygulamad\u0131r&#8221; demi\u015fti.<\/p>\n<p style=\"text-align: justify;\"><span style=\"color: #888888;\">CNN T\u00dcRK<\/span><\/p>\n","protected":false},"excerpt":{"rendered":"<p style=\"text-align: center;\">\n<p style=\"text-align: justify;\">Genelkurmay Ba\u015fkan\u0131 Orgeneral \u0130lker Ba\u015fbu\u011f, darbe plan\u0131 iddialar\u0131yla ilgili olarak, &#8220;Yanl\u0131\u015f bilgi felakettir, hakikat aranmal\u0131&#8221; dedi. &#8220;Allah Allah diye taarruz eden ordu camiye bomba koyar m\u0131?&#8221; diyen Ba\u015fbu\u011f, &#8220;T\u00fcrk ordusunun da bir sabr\u0131 var&#8221; ifadesini kulland\u0131.<\/p>\n","protected":false},"author":1,"featured_media":0,"comment_status":"open","ping_status":"closed","sticky":false,"template":"","format":"standard","meta":{"footnotes":""},"categories":[105],"tags":[],"class_list":["post-18376","post","type-post","status-publish","format-standard","hentry","category-gundem","odd"],"_links":{"self":[{"href":"http:\/\/www.korhanyilmaz.com\/index.php?rest_route=\/wp\/v2\/posts\/18376","targetHints":{"allow":["GET"]}}],"collection":[{"href":"http:\/\/www.korhanyilmaz.com\/index.php?rest_route=\/wp\/v2\/posts"}],"about":[{"href":"http:\/\/www.korhanyilmaz.com\/index.php?rest_route=\/wp\/v2\/types\/post"}],"author":[{"embeddable":true,"href":"http:\/\/www.korhanyilmaz.com\/index.php?rest_route=\/wp\/v2\/users\/1"}],"replies":[{"embeddable":true,"href":"http:\/\/www.korhanyilmaz.com\/index.php?rest_route=%2Fwp%2Fv2%2Fcomments&post=18376"}],"version-history":[{"count":0,"href":"http:\/\/www.korhanyilmaz.com\/index.php?rest_route=\/wp\/v2\/posts\/18376\/revisions"}],"wp:attachment":[{"href":"http:\/\/www.korhanyilmaz.com\/index.php?rest_route=%2Fwp%2Fv2%2Fmedia&parent=18376"}],"wp:term":[{"taxonomy":"category","embeddable":true,"href":"http:\/\/www.korhanyilmaz.com\/index.php?rest_route=%2Fwp%2Fv2%2Fcategories&post=18376"},{"taxonomy":"post_tag","embeddable":true,"href":"http:\/\/www.korhanyilmaz.com\/index.php?rest_route=%2Fwp%2Fv2%2Ftags&post=18376"}],"curies":[{"name":"wp","href":"https:\/\/api.w.org\/{rel}","templated":true}]}}