{"id":18305,"date":"2010-01-22T17:46:34","date_gmt":"2010-01-22T15:46:34","guid":{"rendered":"http:\/\/www.korhanyilmaz.com\/?p=18305"},"modified":"2010-01-22T17:46:34","modified_gmt":"2010-01-22T15:46:34","slug":"selcuk-yargidaki-sicak-basliklari-yorumladi","status":"publish","type":"post","link":"http:\/\/www.korhanyilmaz.com\/?p=18305","title":{"rendered":"Sel\u00e7uk yarg\u0131daki s\u0131cak ba\u015fl\u0131klar\u0131 yorumlad\u0131"},"content":{"rendered":"<p style=\"text-align: center;\"><a href=\"http:\/\/www.korhanyilmaz.com\/wp-content\/uploads\/2010\/01\/selcuk.jpg\"  class=\"lightview\"><img loading=\"lazy\" decoding=\"async\" class=\"aligncenter size-full wp-image-18306\" title=\"selcuk\" src=\"http:\/\/www.korhanyilmaz.com\/wp-content\/uploads\/2010\/01\/selcuk.jpg\" alt=\"\" width=\"307\" height=\"236\" \/><\/a><\/p>\n<p style=\"text-align: justify;\">Yarg\u0131tay Onursal Ba\u015fkan\u0131 Sami Sel\u00e7uk, CNN T\u00dcRK&#8217;te yay\u0131nlanan Yedi 24 program\u0131nda h\u00fck\u00fcmetin yarg\u0131 \u00fczerindeki etkisi ve askere sivil yarg\u0131 yolunu kapatan Anayasa Mahkemesi karar\u0131n\u0131 yorumlad\u0131.<\/p>\n<p style=\"text-align: justify;\">CNN T\u00dcRK Haber Koordinat\u00f6r\u00fc Yavuz O\u011fhan ve Kanal D Ankara Haber M\u00fcd\u00fcr\u00fc Erhan Karada\u011f&#8217;\u0131n sorular\u0131n\u0131 yan\u0131tlayan Sel\u00e7uk&#8217;un a\u00e7\u0131klamalar\u0131ndan \u00f6nemli ba\u015fl\u0131klar \u015f\u00f6yle: <!--more--><\/p>\n<p style=\"text-align: justify;\"><strong><em>Yarg\u0131ya iktidar bask\u0131s\u0131 <\/em><\/strong><\/p>\n<p style=\"text-align: justify;\">&#8211; Kimisi h\u00fck\u00fcmet bask\u0131 yap\u0131yor diyor. Buna benzer olaylar oldu\u011funa dair de kan\u0131tlar ortaya at\u0131ld\u0131. Varsa gere\u011fi yap\u0131l\u0131r. Bu bir su\u00e7tur.<\/p>\n<p style=\"text-align: justify;\">&#8211; Ben savc\u0131y\u0131m. Hi\u00e7bir zaman h\u00fck\u00fcmete &#8216;ben \u015f\u00f6yle bir soru\u015fturma yap\u0131yorum&#8217; diye sorar m\u0131y\u0131m? Herkes zannediyor ki h\u00fck\u00fcmet-savc\u0131 i\u015fbirli\u011fi halinde bu i\u015fi y\u00fcr\u00fct\u00fcyor. Hay\u0131r, hi\u00e7bir ileti\u015fim yok. Bunu unutun. 40 y\u0131lda bana kimse telefon etmedi. Bu olmaz, olursa zaten duyulur. Onun i\u00e7in falan ki\u015fi tutukland\u0131\u011f\u0131nda h\u00fck\u00fcmetin ele\u015ftirilmesine kar\u015f\u0131y\u0131m.<\/p>\n<p style=\"text-align: justify;\"><strong><em><a href=\"http:\/\/www.korhanyilmaz.com\/wp-content\/uploads\/2010\/01\/SELCUK2.jpg\"  class=\"lightview\"><img loading=\"lazy\" decoding=\"async\" class=\"alignleft size-full wp-image-18307\" style=\"margin-left: 10px; margin-right: 10px;\" src=\"http:\/\/www.korhanyilmaz.com\/wp-content\/uploads\/2010\/01\/SELCUK2.jpg\" alt=\"\" width=\"234\" height=\"179\" \/><\/a>Askere sivil yarg\u0131 yolunun kapat\u0131lmas\u0131 <\/em><\/strong><\/p>\n<p style=\"text-align: justify;\">&#8211; Anayasa Mahkemesi&#8217;nin gerek\u00e7eli karar\u0131n\u0131 g\u00f6rmeden kesin tav\u0131r almak yanl\u0131\u015f.<\/p>\n<p style=\"text-align: justify;\">&#8211; Anayasa&#8217;n\u0131n 148. maddesi askeri yarg\u0131yla ilgili. Bu maddedeki &#8216;asker olmayan ki\u015filerin yasada g\u00f6sterilen g\u00f6revlerini yapt\u0131klar\u0131 s\u0131rada, askeri yerlerde askerlere kar\u015f\u0131 su\u00e7 i\u015fledikleri hallerde askeri mahkemeler bakacakt\u0131r&#8217; s\u00f6zc\u00fckleri \u00f6nemlidir. San\u0131yorum Anayasa Mahkemesi bunu g\u00f6r\u00fcnce iptal etti. \u0130ptali yapmak zorunda idi. Kimse bunun ard\u0131nda siyasi saik aramas\u0131n.<\/p>\n<p style=\"text-align: justify;\">&#8211; En \u00f6nemli nokta, T\u00fcrkiye&#8217;de tart\u0131\u015fman\u0131n \u00e7arp\u0131kl\u0131\u011f\u0131. Herkes yarg\u0131n\u0131n mutlaka ba\u015fka bir saikle karar verdi\u011fini d\u00fc\u015f\u00fcnmesin. Kan\u0131tlayamazs\u0131n\u0131z. Bun ideolojik olarak karar vermeye kalksam; bunu d\u0131\u015far\u0131 yans\u0131tmad\u0131\u011f\u0131m s\u00fcrece bunu tek bir varl\u0131k bilir, o da Allah&#8217;t\u0131r. Onun i\u00e7in bo\u015f laflar\u0131 b\u0131rakal\u0131m.<\/p>\n<p style=\"text-align: justify;\">&#8211; \u0130ktidar\u0131n da muhalefetin de siyasi ele\u015ftirileri yanl\u0131\u015f. Bir mahkeme sa\u011f\u0131na soluna bak\u0131p bug\u00fcnlerde g\u00fcndem ne, ona g\u00f6re bu g\u00f6r\u00fc\u015fmeyi yap\u0131yorum diyebilir mi? Kimse karar ideolojik demesin. Kimse kendini Tanr\u0131 yerine koymas\u0131n.<\/p>\n<p style=\"text-align: justify;\"><span style=\"color: #888888;\">CNN T\u00dcRK<\/span><\/p>\n","protected":false},"excerpt":{"rendered":"<p style=\"text-align: center;\">\n<p style=\"text-align: justify;\">Yarg\u0131tay Onursal Ba\u015fkan\u0131 Sami Sel\u00e7uk, CNN T\u00dcRK&#8217;te yay\u0131nlanan Yedi 24 program\u0131nda h\u00fck\u00fcmetin yarg\u0131 \u00fczerindeki etkisi ve askere sivil yarg\u0131 yolunu kapatan Anayasa Mahkemesi karar\u0131n\u0131 yorumlad\u0131.<\/p>\n<p style=\"text-align: justify;\">CNN T\u00dcRK Haber Koordinat\u00f6r\u00fc Yavuz O\u011fhan ve Kanal D Ankara Haber M\u00fcd\u00fcr\u00fc Erhan Karada\u011f&#8217;\u0131n sorular\u0131n\u0131 yan\u0131tlayan Sel\u00e7uk&#8217;un a\u00e7\u0131klamalar\u0131ndan \u00f6nemli ba\u015fl\u0131klar \u015f\u00f6yle: <\/p>\n","protected":false},"author":1,"featured_media":0,"comment_status":"open","ping_status":"closed","sticky":false,"template":"","format":"standard","meta":{"footnotes":""},"categories":[105],"tags":[],"class_list":["post-18305","post","type-post","status-publish","format-standard","hentry","category-gundem","odd"],"_links":{"self":[{"href":"http:\/\/www.korhanyilmaz.com\/index.php?rest_route=\/wp\/v2\/posts\/18305","targetHints":{"allow":["GET"]}}],"collection":[{"href":"http:\/\/www.korhanyilmaz.com\/index.php?rest_route=\/wp\/v2\/posts"}],"about":[{"href":"http:\/\/www.korhanyilmaz.com\/index.php?rest_route=\/wp\/v2\/types\/post"}],"author":[{"embeddable":true,"href":"http:\/\/www.korhanyilmaz.com\/index.php?rest_route=\/wp\/v2\/users\/1"}],"replies":[{"embeddable":true,"href":"http:\/\/www.korhanyilmaz.com\/index.php?rest_route=%2Fwp%2Fv2%2Fcomments&post=18305"}],"version-history":[{"count":0,"href":"http:\/\/www.korhanyilmaz.com\/index.php?rest_route=\/wp\/v2\/posts\/18305\/revisions"}],"wp:attachment":[{"href":"http:\/\/www.korhanyilmaz.com\/index.php?rest_route=%2Fwp%2Fv2%2Fmedia&parent=18305"}],"wp:term":[{"taxonomy":"category","embeddable":true,"href":"http:\/\/www.korhanyilmaz.com\/index.php?rest_route=%2Fwp%2Fv2%2Fcategories&post=18305"},{"taxonomy":"post_tag","embeddable":true,"href":"http:\/\/www.korhanyilmaz.com\/index.php?rest_route=%2Fwp%2Fv2%2Ftags&post=18305"}],"curies":[{"name":"wp","href":"https:\/\/api.w.org\/{rel}","templated":true}]}}