{"id":18297,"date":"2010-01-22T15:01:14","date_gmt":"2010-01-22T13:01:14","guid":{"rendered":"http:\/\/www.korhanyilmaz.com\/?p=18297"},"modified":"2010-01-22T15:01:14","modified_gmt":"2010-01-22T13:01:14","slug":"kozmik-odadan-darbe-planina-tsk-aciklamalari","status":"publish","type":"post","link":"http:\/\/www.korhanyilmaz.com\/?p=18297","title":{"rendered":"Kozmik odadan darbe plan\u0131na TSK a\u00e7\u0131klamalar\u0131"},"content":{"rendered":"<p style=\"text-align: center;\"><a href=\"http:\/\/www.korhanyilmaz.com\/wp-content\/uploads\/2010\/01\/GENELKURMAY.jpg\"  class=\"lightview\"><img loading=\"lazy\" decoding=\"async\" class=\"aligncenter size-full wp-image-18298\" src=\"http:\/\/www.korhanyilmaz.com\/wp-content\/uploads\/2010\/01\/GENELKURMAY.jpg\" alt=\"\" width=\"276\" height=\"212\" \/><\/a><\/p>\n<p style=\"text-align: justify;\">Bir s\u00fcre \u00f6nce cuma g\u00fcnleri yap\u0131lan brifingleri iptal edip &#8220;sadece gerekti\u011finde yap\u0131lacak&#8221; diyen Genelkurmay Ba\u015fkanl\u0131\u011f\u0131, bug\u00fcn bir brifing d\u00fczenledi. Genelkurmay, kozmik oda, darbe eylem plan\u0131 ve askere sivil yarg\u0131 yolunun kapat\u0131lmas\u0131yla ilgili olarak \u00f6nemli a\u00e7\u0131klamalarda bulundu; yeni darbe plan\u0131 iddialar\u0131n\u0131n zamanlamas\u0131na dikkat \u00e7ekti. <!--more--><\/p>\n<p style=\"text-align: justify;\">Genelkurmay Ba\u015fkanl\u0131\u011f\u0131 Adli M\u00fc\u015faviri Tu\u011fgeneral H\u0131fz\u0131 \u00c7ubuklu, Genelkurmay Karargah\u0131&#8217;nda gazetecilerin sorular\u0131n\u0131 yan\u0131tlad\u0131.<\/p>\n<p style=\"text-align: justify;\"><strong><em>Kozmik arama:<\/em><\/strong><\/p>\n<p style=\"text-align: justify;\">&#8211; Seferberlik B\u00f6lge Ba\u015fkanl\u0131\u011f\u0131 Kurumsal olarak kendisine verilen g\u00f6revi yapmaktad\u0131r. Devlet s\u0131rr\u0131 niteli\u011finde olan baz\u0131 planlarla ilgili olarak g\u00fcvenlik prensibi ihlali olmu\u015ftur. Mevcut usuller gere\u011fi uzun y\u0131llar b\u00fcy\u00fck emek verilerek haz\u0131rlanan ve geli\u015ftirilen s\u00f6z konusu planlar ge\u00e7erlili\u011fini kaybetmi\u015ftir. Bu nedenle bu planlar iptal edilecektir.<\/p>\n<p style=\"text-align: justify;\">&#8211; \u0130stenirse engellenirdi ama yasad\u0131\u015f\u0131 bir\u015fey olmad\u0131\u011f\u0131n\u0131 g\u00f6stermek i\u00e7in izin verildi.<\/p>\n<p style=\"text-align: justify;\"><em><strong>Darbe plan\u0131 iddialar\u0131:<\/strong><\/em><\/p>\n<p style=\"text-align: justify;\">&#8211; Arama tutana\u011f\u0131ndaki bilgiler do\u011frultusunda Ankara Seferberlik B\u00f6lge Ba\u015fkanl\u0131\u011f\u0131n\u0131n g\u00f6rev ve yetki alan\u0131 d\u0131\u015f\u0131nda bir faaliyeti tespit edilemedi<\/p>\n<p style=\"text-align: justify;\">&#8211; Balyoz Eylem Plan\u0131 iddialar\u0131n ortaya at\u0131ld\u0131\u011f\u0131ndaki zamanlama dikkat \u00e7ekici. Ankara Seferberlik B\u00f6lge Ba\u015fkanl\u0131\u011f\u0131ndaki arama sona eriyor, Anayasa Mahkemesi askere sivil yarg\u0131 yolunu a\u00e7an yasay\u0131 g\u00f6r\u00fc\u015fmek \u00fczere g\u00fcndeme al\u0131yor ve birden bire ortaya ne oldu\u011fu me\u00e7hul iddialar ve planlar ortaya \u00e7\u0131k\u0131yor.<\/p>\n<p style=\"text-align: justify;\"><strong><em>Askere sivil yarg\u0131<\/em><\/strong><\/p>\n<p style=\"text-align: justify;\">&#8211; Savc\u0131l\u0131klarda soru\u015fturmas\u0131 devam eden ve dava a\u015famas\u0131nda olanlarla ilgili de\u011ferlendirme mahkemelerince yap\u0131l\u0131p askeri mahkemelere g\u00f6nderilmesi gerekiyor.<\/p>\n<p style=\"text-align: justify;\"><span style=\"color: #993300;\"><strong><em>Detaylar\u0131yla \u00c7arp\u0131c\u0131 A\u00e7\u0131klamalar <\/em><\/strong><\/span><\/p>\n<p style=\"text-align: justify;\"><span style=\"color: #000000;\"><strong><em>Kozmik Odada Arama: <\/em><\/strong><\/span><\/p>\n<p style=\"text-align: justify;\">Tu\u011fgeneral H\u0131fz\u0131 \u00c7ubuklu, Ankara Seferberlik B\u00f6lge Ba\u015fkanl\u0131\u011f\u0131nda 25 Aral\u0131k 2009 tarihinde ba\u015flayan araman\u0131n 20 Ocak 2010 saat 15.30&#8217;da bitti\u011fini an\u0131msatt\u0131.<\/p>\n<p style=\"text-align: justify;\">Kamuoyuna 19 Aral\u0131k 2009&#8217;da &#8220;suikast iddialar\u0131&#8221; olarak yans\u0131yan olaya ili\u015fkin bilgi veren Tu\u011fgeneral \u00c7ubuklu, bu tarihte Ankara Emniyet M\u00fcd\u00fcrl\u00fc\u011f\u00fcne &#8220;iki ara\u00e7 i\u00e7erisinde \u015f\u00fcpheli \u015fah\u0131slar bulundu\u011fu ve Ba\u015fbakan Yard\u0131mc\u0131s\u0131 ve Devlet Bakan\u0131 B\u00fclent Ar\u0131n\u00e7&#8217;a sald\u0131r\u0131da bulunabilecekleri&#8221; \u015fekline ABD \u00fczerinden ihbar geldi\u011fi \u015feklinde haberlerin bas\u0131nda yer ald\u0131\u011f\u0131n\u0131, ter\u00f6rle m\u00fccadele ekiplerinin olay yerine intikal etti\u011fini ve ara\u00e7 i\u00e7indeki ki\u015filerin &#8220;asker olduklar\u0131n\u0131 ifade etmelerine ve kimlik g\u00f6stermelerine imkan verilmeden&#8221; \u00fcst aramas\u0131n\u0131n ger\u00e7ekle\u015ftirildi\u011fini anlatt\u0131.<\/p>\n<p style=\"text-align: justify;\"><strong><em>Cumhuriyet Savc\u0131s\u0131 bulunmadan arama <\/em><\/strong><\/p>\n<p style=\"text-align: justify;\">Ara\u00e7taki 2 ki\u015finin asker olduklar\u0131n\u0131 ifade etmeleri \u00fczerine, konunun Merkez Komutanl\u0131\u011f\u0131na iletildi\u011fini ve Cumhuriyet savc\u0131s\u0131n\u0131n yaz\u0131l\u0131 arama talimat\u0131 sonras\u0131nda \u015fah\u0131slarda ve ara\u00e7larda arama yap\u0131ld\u0131\u011f\u0131n\u0131 ifade eden \u00c7ubuklu, Cumhuriyet savc\u0131s\u0131n\u0131n haz\u0131r bulunmad\u0131\u011f\u0131 aramalarda herhangi bir su\u00e7 unsuruna rastlan\u0131lmad\u0131\u011f\u0131n\u0131 kaydetti.<\/p>\n<p style=\"text-align: justify;\">\u0130lgili savc\u0131n\u0131n talimat\u0131yla bu asker ki\u015filerin evlerinde Cumhuriyet savc\u0131s\u0131 nezaretinde Merkez Komutanl\u0131\u011f\u0131 ekiplerinin arama yapt\u0131\u011f\u0131n\u0131, konutlardaki bilgisayar, cep telefonlar\u0131, baz\u0131 CD ve notlara el konuldu\u011funu belirten \u00c7ubuklu, buradaki kontrollerde de g\u00f6zle tespit edilen herhangi bir su\u00e7 unsuruna rastlan\u0131lmad\u0131\u011f\u0131n\u0131, bu a\u015famada \u015f\u00fcpheli olan asker ki\u015filerin i\u015f yerlerinde arama yapmaya y\u00f6nelik talebin Cumhuriyet savc\u0131s\u0131 taraf\u0131ndan gelmedi\u011fini s\u00f6yledi.<\/p>\n<p style=\"text-align: justify;\">\u00c7ubuklu, ya\u015fananlar\u0131n ard\u0131ndan iki subay\u0131n serbest b\u0131rak\u0131ld\u0131\u011f\u0131n\u0131 ve g\u00fcnl\u00fck ya\u015famlar\u0131na d\u00f6nd\u00fcklerini belirterek, 19-20 Aral\u0131k 2009 gecesi ya\u015fanan geli\u015fmelerden 5 g\u00fcn sonra olay\u0131n &#8220;medyada farkl\u0131 \u015fekilde yer almas\u0131, yeterli bilgiye sahip olmadan verilen deme\u00e7lerdeki maksatl\u0131 sapt\u0131rmalar nedeniyle&#8221; Genelkurmay Ba\u015fkanl\u0131\u011f\u0131n\u0131n 23 Aral\u0131k 2009 tarihinde bir a\u00e7\u0131klama yapt\u0131\u011f\u0131n\u0131 hat\u0131rlatt\u0131.<\/p>\n<p style=\"text-align: justify;\"><strong><em>&#8220;Bu s\u00fcre\u00e7te belli bir alg\u0131n\u0131n olu\u015fmas\u0131na \u00e7al\u0131\u015f\u0131lm\u0131\u015ft\u0131r&#8221; <\/em><\/strong><\/p>\n<p style=\"text-align: justify;\">Konuya ili\u015fkin yap\u0131lan \u00e7e\u015fitli de\u011ferlendirmelerin ard\u0131ndan &#8220;s\u00fcrecin, \u015f\u00fcpheli g\u00f6z\u00fcken personelin \u00e7al\u0131\u015ft\u0131\u011f\u0131 Ankara Seferberlik B\u00f6lge Ba\u015fkanl\u0131\u011f\u0131n\u0131n sorgulanmas\u0131na zemin haz\u0131rlayacak bir istikamete y\u00f6nlendirilmeye \u00e7al\u0131\u015f\u0131ld\u0131\u011f\u0131n\u0131&#8221; ifade eden Tu\u011fgeneral \u00c7ubuklu, &#8220;Bu konuda \u00e7ok say\u0131da abart\u0131l\u0131, sapt\u0131r\u0131lm\u0131\u015f haber ve yorum bas\u0131n-yay\u0131n organlar\u0131nda yer alm\u0131\u015ft\u0131r. Bu haberlerle, \u00f6zellikle kamuoyunda belirli bir alg\u0131n\u0131n olu\u015fmas\u0131na \u00e7al\u0131\u015f\u0131lm\u0131\u015ft\u0131r. Ankara Seferberlik B\u00f6lge Ba\u015fkanl\u0131\u011f\u0131nda g\u00f6revli sekiz personelin g\u00f6zalt\u0131na al\u0131nd\u0131\u011f\u0131na dair ilgili savc\u0131l\u0131k talimat\u0131 Merkez Komutanl\u0131\u011f\u0131na ula\u015fm\u0131\u015f, daha sonra ise bu ki\u015filerin g\u00f6revli oldu\u011fu askeri mahalde arama yap\u0131laca\u011f\u0131 faks ile bildirilmi\u015ftir&#8221; dedi.<\/p>\n<p style=\"text-align: justify;\">\u00c7ubuklu, &#8220;Bu savc\u0131l\u0131k talimat\u0131 do\u011frultusunda gerekli haz\u0131rl\u0131klara ba\u015flanm\u0131\u015ft\u0131r. 25 Aral\u0131k 2009 Cuma g\u00fcn\u00fc saat 19.30&#8217;da ilgili Cumhuriyet savc\u0131s\u0131 di\u011fer savc\u0131lar ile birlikte Seferberlik B\u00f6lge Ba\u015fkanl\u0131\u011f\u0131na gelerek \u00f6zel b\u00f6l\u00fcmler hari\u00e7 aramaya ba\u015flam\u0131\u015flard\u0131r. Arama b\u00f6lgesinde sadece Merkez Komutanl\u0131\u011f\u0131 yetkilileri, askeri savc\u0131, arama yap\u0131lan B\u00f6lge Ba\u015fkanl\u0131\u011f\u0131 sorumlular\u0131 bulunmu\u015f, bunun d\u0131\u015f\u0131nda ne Genelkurmay, ne de Emniyet M\u00fcd\u00fcrl\u00fc\u011f\u00fcnden hi\u00e7 kimse bulunmam\u0131\u015ft\u0131r. B\u00f6lge Ba\u015fkanl\u0131\u011f\u0131n\u0131n di\u011fer b\u00fct\u00fcn odalar\u0131nda ve m\u00fc\u015ftemilat\u0131nda 5 savc\u0131 nezaretinde arama yap\u0131lm\u0131\u015f ancak s\u0131ra \u00f6zel odalara geldi\u011finde Ceza Muhakemesi Kanunu&#8217;nun (CMK) 125. maddesi g\u00fcndeme gelmi\u015ftir&#8221; diye konu\u015ftu.<\/p>\n<p style=\"text-align: justify;\"><strong><em>Hakimin \u00f6zel odalarda arama yapma \u0131srar\u0131 <\/em><\/strong><\/p>\n<p style=\"text-align: justify;\">Tu\u011fgeneral \u00c7ubuklu, asker hukuk\u00e7ular\u0131n arama yapan savc\u0131ya CMK&#8217;n\u0131n 125. maddesi gere\u011fi &#8220;devlet s\u0131rr\u0131 niteli\u011findeki evraka kimin hangi \u015fekilde bakabilece\u011fini&#8221; hat\u0131rlatmas\u0131 \u00fczerine ilgili savc\u0131n\u0131n \u00f6zel odaya girmedi\u011fini belirtti. Bunun \u00fczerine Ankara 11. A\u011f\u0131r Ceza Mahkemesi karar\u0131yla n\u00f6bet\u00e7i hakimin arama mahalline geldi\u011fini ve &#8220;hakimin aramadaki \u0131srar\u0131n\u0131 s\u00fcrd\u00fcrmesi ve yeni bir mahkeme karar\u0131 al\u0131nmas\u0131 \u00fczerine&#8221; \u00f6zel odalarda araman\u0131n ba\u015flad\u0131\u011f\u0131n\u0131 kaydetti.<\/p>\n<p style=\"text-align: justify;\">Tu\u011fgeneral \u00c7ubuklu, &#8220;Silahl\u0131 Kuvvetlerin \u00e7ekinecek ve saklayacak hi\u00e7bir \u015feyi olmad\u0131\u011f\u0131n\u0131 g\u00f6stermek, art niyetli ki\u015fi ve gruplar\u0131n, \u00f6zellikle de bilinen baz\u0131 medya organlar\u0131n\u0131n &#8216;baz\u0131 \u015feylerin \u00fczeri \u00f6rt\u00fcl\u00fcyor, bilgi-belge ka\u00e7\u0131r\u0131l\u0131yor&#8217; tarz\u0131 hezeyanlar\u0131na f\u0131rsat vermemek maksad\u0131yla, mahkeme karar\u0131na hemen itiraz edilmeyerek hakimin inceleme yapmas\u0131na kar\u015f\u0131 \u00e7\u0131k\u0131lmam\u0131\u015ft\u0131r&#8221; dedi.<\/p>\n<p style=\"text-align: justify;\">Seferberlik B\u00f6lge Ba\u015fkanl\u0131\u011f\u0131ndaki araman\u0131n &#8220;suikast giri\u015fimi&#8221; iddias\u0131yla ba\u015flay\u0131p g\u00f6zalt\u0131na al\u0131nan ki\u015filere &#8220;silahl\u0131 \u00f6rg\u00fct kurmak ve y\u00f6netmek, \u00f6rg\u00fct faaliyeti \u00e7er\u00e7evesinde h\u00fck\u00fcmete kar\u015f\u0131 su\u00e7a te\u015febb\u00fcs ettikleri&#8221; su\u00e7lamas\u0131n\u0131n y\u00f6neltildi\u011fine i\u015faret eden \u00c7ubuklu, g\u00f6zalt\u0131na al\u0131nan 8 askeri personelin 5&#8217;inin savc\u0131l\u0131k\u00e7a, 3&#8217;\u00fcn\u00fcn de \u00e7\u0131kar\u0131ld\u0131klar\u0131 mahkemece serbest b\u0131rak\u0131ld\u0131klar\u0131n\u0131 an\u0131msatt\u0131.<\/p>\n<p style=\"text-align: justify;\"><strong><em>Araman\u0131n durdurulmas\u0131 talepleri <\/em><\/strong><\/p>\n<p style=\"text-align: justify;\">\u00c7ubuklu, Genelkurmay Ba\u015fkanl\u0131\u011f\u0131n\u0131n, Ankara 11. A\u011f\u0131r Ceza Mahkemesinin aramaya ili\u015fkin karar\u0131na itiraz ederek, &#8220;devlet s\u0131rr\u0131 niteli\u011findeki bilgileri i\u00e7eren belge-kay\u0131tlar\u0131n hakim taraf\u0131ndan incelenmesine y\u00f6nelik arama karar\u0131n\u0131n hukuka ayk\u0131r\u0131 oldu\u011fu nedeniyle, bu karar\u0131n kald\u0131r\u0131lmas\u0131, devam etmekte olan incelemenin derhal durdurulmas\u0131, inceleme i\u015flemlerinde elde edilen belge ve evrak, elektronik ortamdakiler dahil haz\u0131rlanan tutana\u011f\u0131n imhas\u0131na karar verilmesini&#8221; talep etti\u011fini s\u00f6yledi.<\/p>\n<p style=\"text-align: justify;\">Tu\u011fgeneral \u00c7ubuklu, &#8220;Ankara 11. A\u011f\u0131r Ceza Mahkemesi, Genelkurmay Ba\u015fkanl\u0131\u011f\u0131 ve Milli Savunma Bakanl\u0131\u011f\u0131ndan gelen itirazlar\u0131 incelemi\u015f ve verdi\u011fi kararla, hakimin \u00f6zel b\u00f6l\u00fcmlerde arama yapabilece\u011fini ancak inceleme yapamayaca\u011f\u0131n\u0131, bu arama i\u015fleminin sadece CMK&#8217;n\u0131n 119. maddesindeki d\u00fczenleme dikkate al\u0131narak soru\u015fturma konusu fiille s\u0131n\u0131rland\u0131r\u0131lmas\u0131 ve soru\u015fturman\u0131n niteli\u011fi, arama yap\u0131lan yerin \u00f6zelli\u011fi ve yap\u0131lacak i\u015flemlerin kapsam\u0131 gibi nedenler de g\u00f6zetilerek araman\u0131n en k\u0131sa s\u00fcrede tamamlanarak sonu\u00e7land\u0131r\u0131lmas\u0131, arama tamamland\u0131\u011f\u0131nda tutulacak tutana\u011f\u0131n sadece soru\u015fturma konusu delillerle ilgili bilgi ve belgelerle s\u0131n\u0131rl\u0131 tutulmas\u0131 karara ba\u011flanm\u0131\u015ft\u0131r. Ancak bu karar da sorunu tam olarak \u00e7\u00f6zememi\u015ftir. Genelkurmay Adli M\u00fc\u015favirli\u011fi taraf\u0131ndan tekrar bir yaz\u0131 ile mahkemeden &#8216;arama&#8217; ile &#8216;inceleme&#8217; aras\u0131ndaki fark\u0131n ne oldu\u011fu sorulmu\u015ftur. E\u015f zamanl\u0131 olarak hakime, \u00f6zel odada arama daveti yap\u0131lm\u0131\u015f ve b\u00f6ylece bir engelleme olmad\u0131\u011f\u0131 ortaya konulmu\u015ftur. Hakim taraf\u0131ndan 4 Ocak 2010 Pazartesi g\u00fcn\u00fc arama\/incelemeye kald\u0131\u011f\u0131 yerden devam edilmi\u015ftir. \u0130kinci itiraz \u00fczerine mahkemece &#8216;verilen karar a\u00e7\u0131kt\u0131r&#8217; gerek\u00e7esiyle ayr\u0131ca bir karar verilmesine yer olmad\u0131\u011f\u0131na karar verilmi\u015ftir&#8221; dedi.<\/p>\n<p style=\"text-align: justify;\"><strong><em>&#8220;G\u00fcvenlik prensibi ihlal edildi, planlar iptal&#8221; <\/em><\/strong><\/p>\n<p style=\"text-align: justify;\">Ankara Seferberlik B\u00f6lge Ba\u015fkanl\u0131\u011f\u0131n\u0131n kurumsal olarak kendisine verilen g\u00f6revleri yapt\u0131\u011f\u0131n\u0131 vurgulayan Tu\u011fgeneral \u00c7ubuklu, aramalar nedeniyle &#8220;devlet s\u0131rr\u0131&#8221; niteli\u011findeki baz\u0131 planlar\u0131n &#8220;g\u00fcvenlik prensibi&#8221;nin ihlal edildi\u011fini, bu nedenle ge\u00e7erlili\u011fini yitiren planlar\u0131n iptal edilece\u011fini s\u00f6yledi.<\/p>\n<p style=\"text-align: justify;\">Olaylar\u0131n abart\u0131larak, \u00e7arp\u0131t\u0131larak ve \u00f6n yarg\u0131l\u0131 ifadelerle kamuoyuna verildi\u011fini, &#8220;amac\u0131n T\u00fcrk Silahl\u0131 Kuvvetlerine kar\u015f\u0131 olu\u015fturulmaya \u00e7al\u0131\u015f\u0131lan olumsuz alg\u0131y\u0131 g\u00fc\u00e7lendirmek ve toplunun geneline yaymak&#8221; oldu\u011funu ifade eden Tu\u011fgeneral \u00c7ubuklu, konunun &#8220;karargaha bask\u0131n&#8221; gibi abart\u0131l\u0131 ifadelerle aktar\u0131ld\u0131\u011f\u0131n\u0131, t\u00fcm birlik ve karargahlarda rutin bir i\u015flem olan evrak imha i\u015fleminin de &#8220;t\u00fcm belgeleri yakt\u0131lar&#8221; \u015fekilde kamuoyuna sunulmaya \u00e7al\u0131\u015f\u0131ld\u0131\u011f\u0131n\u0131 belirtti.<\/p>\n<p style=\"text-align: justify;\">Tu\u011fgeneral \u00c7ubuklu, aramay\u0131 yapan hakimin de takip edildi\u011fine ili\u015fkin haberlerin de dikkat \u00e7ekici oldu\u011funu ifade ederek, &#8220;Olay\u0131n olu\u015f \u015fekli g\u00f6r\u00fcnt\u00fcl\u00fc olarak medyada yer alm\u0131\u015ft\u0131r. Buradaki en \u00f6nemli husus ise durdurma i\u015flemiyle birlikte haberin bir k\u0131s\u0131m medyada an\u0131nda g\u00f6r\u00fcnt\u00fcl\u00fc haber olarak yer almas\u0131d\u0131r. Yine 19 Aral\u0131ktaki olayda oldu\u011fu gibi bir haber ajans\u0131, olay yerine herkesten \u00f6nce gelmi\u015f ve g\u00f6r\u00fcnt\u00fcleri \u00e7ekerek medyaya da\u011f\u0131tm\u0131\u015ft\u0131r. Cumhuriyet savc\u0131s\u0131 taraf\u0131ndan yap\u0131lan inceleme sonucunda, s\u00f6z konusu askeri personel, ayn\u0131 g\u00fcn saat 22.00 civar\u0131nda serbest b\u0131rak\u0131lm\u0131\u015ft\u0131r. Olay, yine baz\u0131 bas\u0131n-yay\u0131n organlar\u0131nda \u00e7arp\u0131t\u0131lm\u0131\u015f ve s\u00f6z konusu personelin &#8216;kamufle edilmi\u015f askerler oldu\u011fu&#8217; gibi g\u00fcl\u00fcn\u00e7 iddialara yer verilmi\u015ftir. Bu olaya askeri yarg\u0131n\u0131n g\u00f6rev alan\u0131 kapsam\u0131nda bak\u0131ld\u0131\u011f\u0131nda, yarg\u0131 s\u00fcrecinin i\u015fleyi\u015fine kar\u0131\u015fmamakla beraber, \u00f6zellikle arama tutana\u011f\u0131ndaki bilgiler do\u011frultusunda Ankara Seferberlik B\u00f6lge Ba\u015fkanl\u0131\u011f\u0131n\u0131n g\u00f6rev ve yetki alan\u0131 d\u0131\u015f\u0131nda bir faaliyetinin tespit edilemedi\u011fini ifade etmemiz m\u00fcmk\u00fcnd\u00fcr. Bu s\u00fcre\u00e7te ya\u015fananlar, TSK&#8217;n\u0131n hukuka olan sayg\u0131s\u0131n\u0131n en a\u00e7\u0131k g\u00f6stergesidir. TSK, \u00f6n\u00fcm\u00fczdeki s\u00fcre\u00e7te de bu kirli oyunlar\u0131 tezgahlayanlar\u0131n ve kendisini bir su\u00e7 \u00f6rg\u00fct\u00fcym\u00fc\u015f gibi g\u00f6stermek isteyenlerin, kafalar\u0131ndaki \u00f6n yarg\u0131lardan s\u0131yr\u0131lamayarak mesnetsiz su\u00e7lamalar\u0131na devam edeceklerinin bilincindedir. TSK&#8217;n\u0131n hi\u00e7bir birimi kurumsal olarak yasa d\u0131\u015f\u0131 bir faaliyetin i\u00e7inde olmam\u0131\u015ft\u0131r ve bundan sonra da olmas\u0131 m\u00fcmk\u00fcn de\u011fildir. Her kurumda olabilece\u011fi gibi, e\u011fer bireysel hata yapan ya da su\u00e7a bula\u015fanlar varsa, yetkili yarg\u0131 mercileri gere\u011fini yapacaklard\u0131r. Bu inan\u00e7la, TSK eskiden oldu\u011fu gibi gelecekte de t\u00fcm faaliyetlerini kendisine verilen yetki ve yasalar \u00e7er\u00e7evesinde s\u00fcrd\u00fcrmeye devam edecektir&#8221; dedi.<\/p>\n<p style=\"text-align: justify;\"><strong><em>Balyoz Eylem Plan\u0131 <\/em><\/strong><\/p>\n<p style=\"text-align: justify;\">Genelkurmay Ba\u015fkanl\u0131\u011f\u0131 Genel Sekreteri T\u00fcmgeneral Ferit G\u00fcler, &#8220;Bu iddialar\u0131n ortaya at\u0131ld\u0131\u011f\u0131ndaki zamanlamaya dikkatinizi \u00e7ekmek istiyorum. Ankara Seferberlik B\u00f6lge Ba\u015fkanl\u0131\u011f\u0131ndaki arama sona eriyor, Anayasa Mahkemesi askere sivil yarg\u0131 yolunu a\u00e7an yasay\u0131 g\u00f6r\u00fc\u015fmek \u00fczere g\u00fcndeme al\u0131yor ve birden bire ortaya ne oldu\u011fu me\u00e7hul iddialar ve planlar ortaya \u00e7\u0131k\u0131yor&#8221; dedi.<\/p>\n<p style=\"text-align: justify;\">G\u00fcler, haberdeki iddialar\u0131n 1. Ordu Komutanl\u0131\u011f\u0131ndaki plan seminerinde d\u0131\u015f tehdide y\u00f6nelik yap\u0131lm\u0131\u015f bir harekat plan\u0131 oldu\u011funun d\u00fcnk\u00fc a\u00e7\u0131klamada ifade edildi\u011fini s\u00f6yledi.<\/p>\n<p style=\"text-align: justify;\">T\u00fcmgeneral G\u00fcler, &#8220;Bu plan\u0131n ismi asla iddia edilen isim de\u011fildir. Bir kez daha alt\u0131n\u0131 \u00e7izerek s\u00f6yleyeyim, bu plan\u0131n ismi asla o iddia edilen isim de\u011fildir. O planla ba\u011flant\u0131l\u0131 olarak geri b\u00f6lge emniyeti ve s\u0131k\u0131 y\u00f6netim uygulamas\u0131n\u0131n g\u00f6r\u00fc\u015f\u00fcld\u00fc\u011f\u00fcn\u00fc a\u00e7\u0131klad\u0131k. Bu konular d\u0131\u015f\u0131nda da iddia edilen hususlar i\u00e7in ise &#8216;akl\u0131 ve vicdan\u0131 olan hi\u00e7bir kimsenin kabul etmeyece\u011fi&#8217; diyerek k\u0131nad\u0131k. Acaba, burada anla\u015f\u0131lamayan ne var diye d\u00fc\u015f\u00fcn\u00fcyorum&#8221; dedi.<\/p>\n<p style=\"text-align: justify;\">G\u00fcler, &#8220;Bug\u00fcn yaz\u0131l\u0131 medyaya bakt\u0131\u011f\u0131m\u0131z zaman da hangi konunun \u00f6ne \u00e7\u0131kt\u0131\u011f\u0131n\u0131 a\u00e7\u0131k\u00e7a g\u00f6rmektesiniz, zaten ama\u00e7 da bu. 20 Ocak 2010 tarihinde bir gazetede \u00e7\u0131kan konuyla ilgili s\u00f6yleyece\u011fim ana konu budur. TSK, bu t\u00fcr bilgi s\u0131zd\u0131rma olaylar\u0131n\u0131 \u00e7ok ciddiyetle soru\u015fturuyor. 1. Ordu&#8217;da buna benzer bir soru\u015fturma var. Y\u00fcr\u00fct\u00fclen soru\u015fturma neticelenmeden kesin bir h\u00fckme varamay\u0131z&#8221; ifadesini kulland\u0131.<\/p>\n<p style=\"text-align: justify;\">G\u00fcler, Batman&#8217;\u0131n Sason il\u00e7esinde icra edilen operasyonda Jandarma Uzman \u00c7avu\u015f Serkan \u0130pek&#8217;in \u015fehit olmas\u0131n\u0131n ard\u0131ndan, baz\u0131 korucular hakk\u0131nda a\u00e7\u0131lan soru\u015fturman\u0131n hangi a\u015famada oldu\u011funun sorulmas\u0131 \u00fczerine de Cumhuriyet savc\u0131l\u0131\u011f\u0131nca a\u00e7\u0131lan soru\u015fturman\u0131n devam etti\u011fini, askeri savc\u0131l\u0131\u011f\u0131n soru\u015fturma ba\u015flatmad\u0131\u011f\u0131n\u0131 s\u00f6yledi.<\/p>\n<p style=\"text-align: justify;\">Emekli Genelkurmay Ba\u015fkan\u0131 Orgeneral Necdet \u00dcru\u011f&#8217;un, medyada yer alan a\u00e7\u0131klamalar\u0131na ili\u015fkin bir soru \u00fczerine de G\u00fcler, &#8220;19. Genelkurmay Ba\u015fkan\u0131m\u0131z \u00dcru\u011f, konuya ili\u015fkin g\u00f6r\u00fc\u015f ve d\u00fc\u015f\u00fcncelerini a\u00e7\u0131klam\u0131\u015ft\u0131r. Bizim bu konuya ilave edece\u011fimiz bir husus yoktur. 19. Genelkurmay Ba\u015fkan\u0131 Emekli Orgeneral Necdet \u00dcru\u011f, TSK&#8217;n\u0131n en sayg\u0131n, en d\u00fcr\u00fcst ve do\u011fruluk timsali komutanlar\u0131ndan birisidir, bilmeyenlere bu hususu hat\u0131rlatmakta yarar g\u00f6r\u00fcyoruz&#8221; yan\u0131t\u0131n\u0131 verdi.<\/p>\n<p style=\"text-align: justify;\"><strong><em>Askere Sivil Yarg\u0131 Yolunu A\u00e7an D\u00fczenlemenin \u0130ptali: <\/em><\/strong><\/p>\n<p style=\"text-align: justify;\">Tu\u011fgeneral \u00c7ubuklu, Anayasa Mahkemesinin vermi\u015f oldu\u011fu kararla ilgili bir de\u011ferlendirme yapmalar\u0131n\u0131n m\u00fcmk\u00fcn olmad\u0131\u011f\u0131n\u0131 \u00e7\u00fcnk\u00fc Anayasa&#8217;n\u0131n 145. maddesindeki h\u00fckm\u00fcn \u00e7ok a\u00e7\u0131k oldu\u011funu s\u00f6yledi.<\/p>\n<p style=\"text-align: justify;\">&#8220;Bu ba\u011flamda verilen karara sayg\u0131 duyuyoruz&#8221; diyen \u00c7ubuklu, Anayasa&#8217;n\u0131n 145. maddesi ve 357 say\u0131l\u0131 Askeri Mahkemelerin Kurulu\u015f ve Yarg\u0131lama Kanunu&#8217;nun 9. maddesi kapsam\u0131nda askeri yarg\u0131n\u0131n g\u00f6rev alan\u0131na ili\u015fkin bilgiler verdi. Tu\u011fgeneral \u00c7ubuklu, &#8220;Asker ki\u015filerin, askeri olan su\u00e7lar\u0131 askeri mahkemelerin g\u00f6rev alan\u0131 i\u00e7indedir. Bu su\u00e7lar ister askeri mahalde, isterse askeri mahal d\u0131\u015f\u0131nda i\u015flensin bu su\u00e7lar asker ki\u015filerin askeri olan su\u00e7lar\u0131 olarak de\u011ferlendirilir. Asker ki\u015filerin asker ki\u015filer aleyhine i\u015fledikleri su\u00e7lar, asker ki\u015filerin askerlik hizmet g\u00f6rev ve nedenleriyle i\u015fledikleri su\u00e7lar da askeri mahkemelerin g\u00f6rev alan\u0131 i\u00e7indedir. E\u011fer bir asker ki\u015fi askeri mahalde bir su\u00e7u i\u015flemi\u015fse bu durumda da g\u00f6rev askeri mahkemelerindir. Haks\u0131z ekonomik \u00e7\u0131kar sa\u011flamak i\u00e7in \u00f6rg\u00fct kurmak, \u00f6rg\u00fct faaliyeti \u00e7er\u00e7evesinde uyu\u015fturucu madde ticareti yapmak, T\u00fcrk Ceza Kanunu&#8217;nun 4, 5, 6 ve 7&#8217;nci b\u00f6l\u00fcm\u00fcnde devlet g\u00fcvenli\u011fine kar\u015f\u0131 i\u015flenen su\u00e7lar, gizli bilgi-belgelere ili\u015fkin su\u00e7lara da iptal karar\u0131n\u0131n ard\u0131ndan askeri mahkemeler bakacakt\u0131r&#8221; dedi.<\/p>\n<p style=\"text-align: justify;\">\u00c7ubuklu, bir soru \u00fczerine de &#8220;Savc\u0131l\u0131klarda soru\u015fturmas\u0131 devam eden ve dava a\u015famas\u0131nda olanlarla ilgili de\u011ferlendirme mahkemelerince yap\u0131l\u0131p askeri mahkemelere g\u00f6nderilmesi gerekiyor&#8221; dedi.<\/p>\n<p style=\"text-align: justify;\"><span style=\"color: #808080;\">CNN T\u00dcRK<\/span><\/p>\n","protected":false},"excerpt":{"rendered":"<p style=\"text-align: center;\">\n<p style=\"text-align: justify;\">Bir s\u00fcre \u00f6nce cuma g\u00fcnleri yap\u0131lan brifingleri iptal edip &#8220;sadece gerekti\u011finde yap\u0131lacak&#8221; diyen Genelkurmay Ba\u015fkanl\u0131\u011f\u0131, bug\u00fcn bir brifing d\u00fczenledi. Genelkurmay, kozmik oda, darbe eylem plan\u0131 ve askere sivil yarg\u0131 yolunun kapat\u0131lmas\u0131yla ilgili olarak \u00f6nemli a\u00e7\u0131klamalarda bulundu; yeni darbe plan\u0131 iddialar\u0131n\u0131n zamanlamas\u0131na dikkat \u00e7ekti. <\/p>\n","protected":false},"author":1,"featured_media":0,"comment_status":"open","ping_status":"closed","sticky":false,"template":"","format":"standard","meta":{"footnotes":""},"categories":[105],"tags":[],"class_list":["post-18297","post","type-post","status-publish","format-standard","hentry","category-gundem","odd"],"_links":{"self":[{"href":"http:\/\/www.korhanyilmaz.com\/index.php?rest_route=\/wp\/v2\/posts\/18297","targetHints":{"allow":["GET"]}}],"collection":[{"href":"http:\/\/www.korhanyilmaz.com\/index.php?rest_route=\/wp\/v2\/posts"}],"about":[{"href":"http:\/\/www.korhanyilmaz.com\/index.php?rest_route=\/wp\/v2\/types\/post"}],"author":[{"embeddable":true,"href":"http:\/\/www.korhanyilmaz.com\/index.php?rest_route=\/wp\/v2\/users\/1"}],"replies":[{"embeddable":true,"href":"http:\/\/www.korhanyilmaz.com\/index.php?rest_route=%2Fwp%2Fv2%2Fcomments&post=18297"}],"version-history":[{"count":0,"href":"http:\/\/www.korhanyilmaz.com\/index.php?rest_route=\/wp\/v2\/posts\/18297\/revisions"}],"wp:attachment":[{"href":"http:\/\/www.korhanyilmaz.com\/index.php?rest_route=%2Fwp%2Fv2%2Fmedia&parent=18297"}],"wp:term":[{"taxonomy":"category","embeddable":true,"href":"http:\/\/www.korhanyilmaz.com\/index.php?rest_route=%2Fwp%2Fv2%2Fcategories&post=18297"},{"taxonomy":"post_tag","embeddable":true,"href":"http:\/\/www.korhanyilmaz.com\/index.php?rest_route=%2Fwp%2Fv2%2Ftags&post=18297"}],"curies":[{"name":"wp","href":"https:\/\/api.w.org\/{rel}","templated":true}]}}