{"id":18294,"date":"2010-01-22T16:04:22","date_gmt":"2010-01-22T14:04:22","guid":{"rendered":"http:\/\/www.korhanyilmaz.com\/?p=18294"},"modified":"2010-01-22T16:04:22","modified_gmt":"2010-01-22T14:04:22","slug":"darbe-basbakani-iddiasina-yanit","status":"publish","type":"post","link":"http:\/\/www.korhanyilmaz.com\/?p=18294","title":{"rendered":"Darbe ba\u015fbakan\u0131 iddias\u0131na yan\u0131t"},"content":{"rendered":"<p style=\"text-align: center;\"><a href=\"http:\/\/www.korhanyilmaz.com\/wp-content\/uploads\/2010\/01\/hisarciklioglu.jpg\"  class=\"lightview\"><img loading=\"lazy\" decoding=\"async\" class=\"aligncenter size-full wp-image-18295\" src=\"http:\/\/www.korhanyilmaz.com\/wp-content\/uploads\/2010\/01\/hisarciklioglu.jpg\" alt=\"\" width=\"263\" height=\"230\" \/><\/a><\/p>\n<p style=\"text-align: justify;\">Taraf gazetesinin Balyoz Eylem Plan\u0131 haberlerinde &#8220;darbe sonras\u0131 kurulacak h\u00fck\u00fcmetin ba\u015fbakan\u0131&#8221; olarak ad\u0131 ge\u00e7en T\u00fcrkiye Odalar ve Borsalar Birli\u011fi (TOBB) Ba\u015fkan\u0131 Rifat Hisarc\u0131kl\u0131o\u011flu, iddialara kameralar\u0131n kar\u015f\u0131s\u0131na ge\u00e7erek yan\u0131t verdi. &#8220;Darbe vatana ihanettir&#8221; diyen Hisarc\u0131kl\u0131o\u011flu, plan\u0131 ilk kez bas\u0131ndan duydu\u011funu ve haz\u0131rlayanlar\u0131 tan\u0131mad\u0131g\u0131n\u0131 s\u00f6yledi.<!--more--><\/p>\n<p style=\"text-align: justify;\">Siyaseti, toplumsal tercihlerin belirlendi\u011fi bir alan olarak g\u00f6rd\u00fc\u011f\u00fcn\u00fc ifade eden Hisarc\u0131kl\u0131o\u011flu, &#8220;TOBB&#8217;nin varl\u0131k nedenini ve camiam\u0131z\u0131n istek ve beklentilerini her zaman esas ald\u0131m. Bunu yaparken, siyasetin alan\u0131yla kendi g\u00f6rev alan\u0131m\u0131 birbirine kar\u0131\u015ft\u0131rmamaya \u00f6zen g\u00f6sterdim. Bu sorumlulu\u011fun bilincinde oldum&#8221; dedi.<\/p>\n<p style=\"text-align: justify;\">\u00dclke meselelerinin \u00e7\u00f6z\u00fcm yerinin, sadece demokrasi platformunda oldu\u011funa inand\u0131\u011f\u0131n\u0131 belirten Hisarc\u0131kl\u0131o\u011flu, &#8220;Daha d\u00fcne kadar h\u00fck\u00fcmetin yanda\u015f\u0131 olarak nitelendiriliyordum \u015fimdi ise darbecilikle ilgili iddialara maruz kalmaya ba\u015flad\u0131m. Ben darbe yapmay\u0131 vatana ihanet kabul ederim. \u0130hanete te\u015febb\u00fcs edenlerin yan\u0131nda da olmam, olamam. Bu konuda net olarak \u015funu s\u00f6yleyeyim ki bu \u00e7amur benim \u00fczerine yap\u0131\u015fmaz&#8221; diye konu\u015ftu.<\/p>\n<p style=\"text-align: justify;\">Hisarc\u0131kl\u0131o\u011flu, &#8220;Bug\u00fcnk\u00fc Taraf gazetesinde yay\u0131mlanan bir habere g\u00f6re, birileri darbe yap\u0131p, yeni bir h\u00fck\u00fcmet kurup, ba\u015fbakanl\u0131\u011fa da beni getireceklermi\u015f. Balyoz Harekat Plan\u0131&#8217;n\u0131 ilk kez bas\u0131ndan duydum. Darbe plan\u0131 haz\u0131rlad\u0131\u011f\u0131 s\u00f6ylenen \u015fah\u0131slar\u0131 da tan\u0131m\u0131yorum. Buna ra\u011fmen, demokrasi kar\u015f\u0131t\u0131 planlara ismimi kar\u0131\u015ft\u0131ranlardan \u015fikayet\u00e7i\u011fim. Sadece iddialara dayal\u0131 lin\u00e7 fetvalar\u0131 yay\u0131nlanmas\u0131ndan \u015fikayet\u00e7i\u011fim. Bulan\u0131k suda bal\u0131k avlamaya \u00e7al\u0131\u015fanlar\u0131n oltas\u0131na tak\u0131lanlardan \u015fikayet\u00e7iyim. Gazetecilerin de bunu sorgulamadan yay\u0131nlamas\u0131ndan \u015fikayet\u00e7i\u011fim. Gerekli hukuki s\u00fcrecide ba\u015flatm\u0131\u015f bulunuyorum&#8221; dedi.<\/p>\n<p style=\"text-align: justify;\">\u015eimdiye kadar ya\u015fanan darbelerden ailece, 28 \u015eubat s\u00fcrecinde de \u015fahsen ciddi zarar g\u00f6rd\u00fc\u011f\u00fcn\u00fc belirten Hisarc\u0131kl\u0131o\u011flu, demokrasi kar\u015f\u0131t\u0131 hi\u00e7bir hareketin i\u00e7inde, \u00f6n\u00fcnde, arkas\u0131nda hatta dedikodusunda bile yer almad\u0131\u011f\u0131n\u0131 vurgulad\u0131. Hisarc\u0131kl\u0131o\u011flu, &#8220;Hayat\u0131m boyunca \u00e7ok \u015f\u00fck\u00fcr ne zulmeden oldum ne de zalimlerden merhamet isteyen oldum. Sadece adaletin yan\u0131nda oldum&#8221; dedi.<\/p>\n<p style=\"text-align: justify;\">Farabi&#8217;nin &#8220;Ancak \u00f6zg\u00fcr birey ve toplumlar ahlakl\u0131 olabilir&#8221; s\u00f6z\u00fcn\u00fc hat\u0131rlatan Hisarc\u0131kl\u0131o\u011fu, T\u00fcrkiye&#8217;nin sorunlar\u0131n\u0131n \u00e7\u00f6z\u00fcm\u00fcn\u00fcn me\u015fruiyet d\u0131\u015f\u0131 yollarda aranmamas\u0131 gerekti\u011fini vurgulad\u0131.<\/p>\n<p style=\"text-align: justify;\"><strong><em>&#8220;Darbe tezgahlar\u0131 ne kadar namussuzluk ise&#8230;&#8221; <\/em><\/strong><\/p>\n<p style=\"text-align: justify;\">TOBB Ba\u015fkan\u0131, &#8220;Darbe tezgahlar\u0131 ne kadar namussuzluk ise haysiyet cellatl\u0131\u011f\u0131 da o kadar namussuzluktur. \u0130kisi de zul\u00fcmd\u00fcr. Zul\u00fcm ile de abat olunmaz. Ben \u00fclkemin her kar\u0131\u015f\u0131n\u0131 geziyorum ve her f\u0131rsatta adaletsizlik, zul\u00fcm ve korku \u00fczerine kurulan b\u00fct\u00fcn sistemlerin yok olmaya mahkum oldu\u011funu s\u00f6yl\u00fcyorum. Bu \u00fclkeyi ihtiraslar\u0131ndan daha fazla seven herkesi, bir kez daha demokrasiye sahip \u00e7\u0131kmaya, hukukun \u00fcst\u00fcnl\u00fc\u011f\u00fcn\u00fc korumaya, birbirine \u00e7amur atmamaya, lin\u00e7 fetvalar\u0131na son vermeye, bilgi kirlili\u011fini \u00f6nlemeye, vicdan\u0131na kulak vermeye, fitne ve fesattan vazge\u00e7meye, \u00fclkemizin kurumlar\u0131n\u0131 y\u0131pratmamaya, her kurumu da \u015feffaf olmaya davet ediyorum. Zira bu \u00fclke hepimizin, gidecek ba\u015fka bir yerimiz de yok&#8221; dedi.<\/p>\n<p style=\"text-align: justify;\">Olup bitenlerin a\u015f, i\u015f, ekmek kavgas\u0131 ile bir alakas\u0131 olmad\u0131\u011f\u0131n\u0131 kaydeden TOBB Ba\u015fkan\u0131 Hisarc\u0131kl\u0131o\u011flu, &#8220;Ama biz a\u015f, i\u015f, ekmek kavgas\u0131 vermek istiyoruz. \u00dclkemizi ve 72 milyonu zenginle\u015ftirmek istiyoruz. Bunun i\u00e7in de T\u00fcrkiye&#8217;nin tek \u00e7\u0131k\u0131\u015f yolu var; g\u00fc\u00e7l\u00fc ekonomi ve kaliteli demokrasi. Bu y\u00fczden herkesin hesap sorabildi\u011fi ve herkesin hesap verebildi\u011fi birinci s\u0131n\u0131f bir demokrasi istiyoruz. Birilerine imtiyaz sa\u011flamak i\u00e7in de\u011fil, herkes i\u00e7in \u00f6zg\u00fcrl\u00fckleri esas alan bir demokrasi istiyoruz&#8221; diye konu\u015ftu.<\/p>\n<p style=\"text-align: justify;\">Demokrasiye sahip \u00e7\u0131kman\u0131n yolunun, darbeyi ve her t\u00fcrl\u00fc darbe te\u015febb\u00fcs\u00fcn\u00fc lanetlemek ve darbecileri cezaland\u0131rmak kadar sa\u011fduyulu olmak, hukukun \u00fcst\u00fcnl\u00fc\u011f\u00fcn\u00fc korumak, kurumlar\u0131n ve ki\u015filerin sayg\u0131nl\u0131\u011f\u0131n korumak ve y\u0131pratmamaktan ge\u00e7ti\u011fini ifade eden Hisarc\u0131kl\u0131o\u011flu, &#8220;Demokrasi ve hukuk \u00e7\u0131tas\u0131n\u0131 y\u00fckseltmek, hukuk d\u0131\u015f\u0131na \u00e7\u0131karak birilerine \u00e7amur atmakla olmaz. Makam\u0131, r\u00fctbesi g\u00f6revi, ismi, aidiyeti ne olursa olsun hi\u00e7 kimse, demokrasinin ve hukukun d\u0131\u015f\u0131na \u00e7\u0131kamaz. Bu noktada hukukun \u00fcst\u00fcnl\u00fc\u011f\u00fcne ve yarg\u0131ya olan inanc\u0131m\u0131z tamd\u0131r. Ama herkes mutlaka \u015feffaf ve a\u00e7\u0131k olmal\u0131d\u0131r. \u015eeffaf olmayan her olay ve kurum fitneyi besler. Ortam haysiyet cellatlar\u0131na kal\u0131r. \u0130steyen istedi\u011fi kadar demokrasi d\u0131\u015f\u0131 hayaller kurabilir, hezeyanlarda bulunabilir. Ama benim, i\u00e7inde milletimizin yer almad\u0131\u011f\u0131 hi\u00e7 bir hayalim olmad\u0131. Benim ad\u0131m\u0131 bu fitneye kar\u0131\u015ft\u0131ranlara hakk\u0131m\u0131 helal etmiyorum. Allah herkese zihin a\u00e7\u0131kl\u0131\u011f\u0131 versin&#8221; diye konu\u015ftu.<\/p>\n<p style=\"text-align: justify;\"><span style=\"color: #888888;\">CNN T\u00dcRK<\/span><\/p>\n","protected":false},"excerpt":{"rendered":"<p style=\"text-align: center;\">\n<p style=\"text-align: justify;\">Taraf gazetesinin Balyoz Eylem Plan\u0131 haberlerinde &#8220;darbe sonras\u0131 kurulacak h\u00fck\u00fcmetin ba\u015fbakan\u0131&#8221; olarak ad\u0131 ge\u00e7en T\u00fcrkiye Odalar ve Borsalar Birli\u011fi (TOBB) Ba\u015fkan\u0131 Rifat Hisarc\u0131kl\u0131o\u011flu, iddialara kameralar\u0131n kar\u015f\u0131s\u0131na ge\u00e7erek yan\u0131t verdi. &#8220;Darbe vatana ihanettir&#8221; diyen Hisarc\u0131kl\u0131o\u011flu, plan\u0131 ilk kez bas\u0131ndan duydu\u011funu ve haz\u0131rlayanlar\u0131 tan\u0131mad\u0131g\u0131n\u0131 s\u00f6yledi.<\/p>\n","protected":false},"author":1,"featured_media":0,"comment_status":"open","ping_status":"closed","sticky":false,"template":"","format":"standard","meta":{"footnotes":""},"categories":[105],"tags":[],"class_list":["post-18294","post","type-post","status-publish","format-standard","hentry","category-gundem","odd"],"_links":{"self":[{"href":"http:\/\/www.korhanyilmaz.com\/index.php?rest_route=\/wp\/v2\/posts\/18294","targetHints":{"allow":["GET"]}}],"collection":[{"href":"http:\/\/www.korhanyilmaz.com\/index.php?rest_route=\/wp\/v2\/posts"}],"about":[{"href":"http:\/\/www.korhanyilmaz.com\/index.php?rest_route=\/wp\/v2\/types\/post"}],"author":[{"embeddable":true,"href":"http:\/\/www.korhanyilmaz.com\/index.php?rest_route=\/wp\/v2\/users\/1"}],"replies":[{"embeddable":true,"href":"http:\/\/www.korhanyilmaz.com\/index.php?rest_route=%2Fwp%2Fv2%2Fcomments&post=18294"}],"version-history":[{"count":0,"href":"http:\/\/www.korhanyilmaz.com\/index.php?rest_route=\/wp\/v2\/posts\/18294\/revisions"}],"wp:attachment":[{"href":"http:\/\/www.korhanyilmaz.com\/index.php?rest_route=%2Fwp%2Fv2%2Fmedia&parent=18294"}],"wp:term":[{"taxonomy":"category","embeddable":true,"href":"http:\/\/www.korhanyilmaz.com\/index.php?rest_route=%2Fwp%2Fv2%2Fcategories&post=18294"},{"taxonomy":"post_tag","embeddable":true,"href":"http:\/\/www.korhanyilmaz.com\/index.php?rest_route=%2Fwp%2Fv2%2Ftags&post=18294"}],"curies":[{"name":"wp","href":"https:\/\/api.w.org\/{rel}","templated":true}]}}