{"id":18257,"date":"2010-01-21T09:21:02","date_gmt":"2010-01-21T07:21:02","guid":{"rendered":"http:\/\/www.korhanyilmaz.com\/?p=18257"},"modified":"2010-01-21T09:21:02","modified_gmt":"2010-01-21T07:21:02","slug":"taraf-darbe-plani-iddialarini-surdurdu","status":"publish","type":"post","link":"http:\/\/www.korhanyilmaz.com\/?p=18257","title":{"rendered":"Taraf darbe plan\u0131 iddialar\u0131n\u0131 s\u00fcrd\u00fcrd\u00fc"},"content":{"rendered":"<p style=\"text-align: justify;\"><a href=\"http:\/\/www.korhanyilmaz.com\/wp-content\/uploads\/2010\/01\/cetindogan1.jpg\"  class=\"lightview\"><img loading=\"lazy\" decoding=\"async\" class=\"aligncenter size-full wp-image-18258\" src=\"http:\/\/www.korhanyilmaz.com\/wp-content\/uploads\/2010\/01\/cetindogan1.jpg\" alt=\"\" width=\"292\" height=\"214\" \/><\/a><\/p>\n<p style=\"text-align: justify;\">Taraf gazetesi d\u00fcn yay\u0131mlad\u0131\u011f\u0131 Balyoz adl\u0131 darbe plan\u0131 iddialar\u0131n\u0131 bug\u00fcn de s\u00fcrd\u00fcrd\u00fc. Gazetenin haberine g\u00f6re d\u00f6nemin I. Ordu Komutan\u0131 \u00c7etin Do\u011fan y\u00f6netimindeki askerler, darbeye direnebilecek 200 bin ki\u015fiyi stadlara doldurmay\u0131 planl\u0131yordu.<\/p>\n<p style=\"text-align: justify;\">Taraf&#8217;\u0131n d\u00fcn yay\u0131mlad\u0131\u011f\u0131 \u00c7ar\u015faf, Sakal, Oraj ve Suga planlar\u0131 ile Beyaz\u0131t ve Fatih camilerinde cuma g\u00fcn\u00fc bombal\u0131 sald\u0131r\u0131lar d\u00fczenlenecek, Ege&#8217;de T\u00fcrk jeti d\u00fc\u015f\u00fcr\u00fclecek, AK Parti aciz g\u00f6sterilmeye \u00e7al\u0131\u015f\u0131lacakt\u0131. Kaos ortam\u0131 sonunda 11 sayfal\u0131k Balyoz plan\u0131 hayata ge\u00e7irilecekti.<!--more--><\/p>\n<p style=\"text-align: justify;\">Plan\u0131n haz\u0131rl\u0131k, harekat ortam\u0131n\u0131n \u015fekillendirilmesi, icra ve yeniden yap\u0131lanma olmak \u00fczere d\u00f6rt ba\u015fl\u0131ktan olu\u015ftu\u011fu iddia edilen haberin bug\u00fcnk\u00fc b\u00f6l\u00fcm\u00fcnde  darbenin icra a\u015famas\u0131nda, toprak alt\u0131na g\u00f6m\u00fcl\u00fc m\u00fchimmat\u0131n \u00e7\u0131kar\u0131lmas\u0131 isteniyor.<\/p>\n<p style=\"text-align: justify;\">Darbeye direnmesi muhtemel 200 bin ki\u015finin \u0130stanbul&#8217;da \u015e\u00fckr\u00fc Sara\u00e7o\u011flu, Burhan Felek Spor Salonu ve \u00dcmraniye NETA\u015e tesislerinde tutulmas\u0131n\u0131n planland\u0131\u011f\u0131 iddia ediliyor.<\/p>\n<p style=\"text-align: justify;\">\u0130ddiaya g\u00f6re planda darbe ve sonras\u0131nda yararlan\u0131lacak, \u0130stanbul ve \u00e7evresinde ya\u015fayan, ordu ile ba\u011flant\u0131l\u0131 843 ki\u015finin isimleri de s\u0131ralan\u0131yor.<\/p>\n<p style=\"text-align: justify;\">Habere g\u00f6re demokrat g\u00f6r\u00fc\u015f\u00fc bilinen 36 gazeteci g\u00f6zalt\u0131na al\u0131nacak, 137 gazeteciden ise darbeye destek ama\u00e7l\u0131 olarak faydalan\u0131lacakt\u0131.<\/p>\n<p style=\"text-align: justify;\">D\u00f6nemin I. Ordu Komutan\u0131 \u00c7etin Do\u011fan ise iddialar\u0131 yalanlad\u0131, &#8220;T\u00fcrk Silahl\u0131 Kuvvetleri&#8217;nde her kademede mevcut planlar\u0131 g\u00f6zden ge\u00e7irmek \u00fczere harp oyunu, plan tatbikat\u0131 ve seminerler yap\u0131lmas\u0131 do\u011fal bir uygulamad\u0131r&#8221; dedi.<\/p>\n<p style=\"text-align: justify;\">Do\u011fan, &#8220;\u015eahs\u0131ma y\u00f6nelik \u00e7irkin bir iftira kampanyas\u0131nda bulunanlar\u0131n as\u0131l hedeflerinin ben de\u011fil tsk oldu\u011funu biliyorum&#8221; ifadesini kulland\u0131.<\/p>\n<p style=\"text-align: justify;\"><span style=\"color: #888888;\">CNN T\u00dcRK<\/span><\/p>\n","protected":false},"excerpt":{"rendered":"<p style=\"text-align: justify;\">\n<p style=\"text-align: justify;\">Taraf gazetesi d\u00fcn yay\u0131mlad\u0131\u011f\u0131 Balyoz adl\u0131 darbe plan\u0131 iddialar\u0131n\u0131 bug\u00fcn de s\u00fcrd\u00fcrd\u00fc. Gazetenin haberine g\u00f6re d\u00f6nemin I. Ordu Komutan\u0131 \u00c7etin Do\u011fan y\u00f6netimindeki askerler, darbeye direnebilecek 200 bin ki\u015fiyi stadlara doldurmay\u0131 planl\u0131yordu.<\/p>\n<p style=\"text-align: justify;\">Taraf&#8217;\u0131n d\u00fcn yay\u0131mlad\u0131\u011f\u0131 \u00c7ar\u015faf, Sakal, Oraj ve Suga planlar\u0131 ile Beyaz\u0131t ve Fatih camilerinde cuma g\u00fcn\u00fc bombal\u0131 <\/p>\n","protected":false},"author":1,"featured_media":0,"comment_status":"open","ping_status":"closed","sticky":false,"template":"","format":"standard","meta":{"footnotes":""},"categories":[105],"tags":[],"class_list":["post-18257","post","type-post","status-publish","format-standard","hentry","category-gundem","odd"],"_links":{"self":[{"href":"http:\/\/www.korhanyilmaz.com\/index.php?rest_route=\/wp\/v2\/posts\/18257","targetHints":{"allow":["GET"]}}],"collection":[{"href":"http:\/\/www.korhanyilmaz.com\/index.php?rest_route=\/wp\/v2\/posts"}],"about":[{"href":"http:\/\/www.korhanyilmaz.com\/index.php?rest_route=\/wp\/v2\/types\/post"}],"author":[{"embeddable":true,"href":"http:\/\/www.korhanyilmaz.com\/index.php?rest_route=\/wp\/v2\/users\/1"}],"replies":[{"embeddable":true,"href":"http:\/\/www.korhanyilmaz.com\/index.php?rest_route=%2Fwp%2Fv2%2Fcomments&post=18257"}],"version-history":[{"count":0,"href":"http:\/\/www.korhanyilmaz.com\/index.php?rest_route=\/wp\/v2\/posts\/18257\/revisions"}],"wp:attachment":[{"href":"http:\/\/www.korhanyilmaz.com\/index.php?rest_route=%2Fwp%2Fv2%2Fmedia&parent=18257"}],"wp:term":[{"taxonomy":"category","embeddable":true,"href":"http:\/\/www.korhanyilmaz.com\/index.php?rest_route=%2Fwp%2Fv2%2Fcategories&post=18257"},{"taxonomy":"post_tag","embeddable":true,"href":"http:\/\/www.korhanyilmaz.com\/index.php?rest_route=%2Fwp%2Fv2%2Ftags&post=18257"}],"curies":[{"name":"wp","href":"https:\/\/api.w.org\/{rel}","templated":true}]}}