{"id":18237,"date":"2010-01-20T17:09:36","date_gmt":"2010-01-20T15:09:36","guid":{"rendered":"http:\/\/www.korhanyilmaz.com\/?p=18237"},"modified":"2010-01-20T17:09:36","modified_gmt":"2010-01-20T15:09:36","slug":"istanbulda-hafta-sonu-kuvvetli-kar-yagisi-var","status":"publish","type":"post","link":"http:\/\/www.korhanyilmaz.com\/?p=18237","title":{"rendered":"\u0130stanbul&#039;da hafta sonu kuvvetli kar ya\u011f\u0131\u015f\u0131 var"},"content":{"rendered":"<p style=\"text-align: center;\">\n<p style=\"text-align: center;\"><a href=\"http:\/\/www.korhanyilmaz.com\/wp-content\/uploads\/2010\/01\/KAR.jpg\"  class=\"lightview\"><img loading=\"lazy\" decoding=\"async\" class=\"aligncenter\" src=\"http:\/\/www.korhanyilmaz.com\/wp-content\/uploads\/2010\/01\/KAR.jpg\" alt=\"\" width=\"292\" height=\"211\" \/><\/a><\/p>\n<p style=\"text-align: justify;\">\u0130stanbul&#8217;da d\u00fcn \u00f6\u011fle saatlerinde ba\u015flayan kar ya\u011f\u0131\u015f\u0131 sabaha kar\u015f\u0131 etkisini kaybetti. Ancak kentte hafta sonunda kuvvetli kar ya\u011f\u0131\u015f\u0131 bekleniyor.<\/p>\n<p style=\"text-align: justify;\"><strong><em>\u0130stanbul Valisi Muammer G\u00fcler<\/em><\/strong>, kar ya\u011f\u0131\u015f\u0131n\u0131n d\u00f6rt g\u00f6zle beklendi\u011fini belirterek, &#8220;Hafta sonunda daha kuvvetli bir kar ya\u011f\u0131\u015f\u0131 bekleniyor. Biz daha \u00e7ok kar ya\u011fs\u0131n istiyoruz&#8221; dedi.<!--more--><\/p>\n<p style=\"text-align: justify;\">\u0130stanbul B\u00fcy\u00fck\u015fehir Belediyesi, Karayollar\u0131 B\u00f6lge M\u00fcd\u00fcrl\u00fc\u011f\u00fc ve \u0130stanbul Valili\u011fi ile di\u011fer kurumlar\u0131n gerekli t\u00fcm tedbirleri ald\u0131\u011f\u0131n\u0131 s\u00f6yleyen G\u00fcler, evsizlere y\u00f6nelik tedbirler de al\u0131nd\u0131\u011f\u0131n\u0131 belirtti.<\/p>\n<p style=\"text-align: justify;\">G\u00fcler&#8217;in verdi\u011fi bilgiye g\u00f6re, d\u00fcnden beri 90&#8217;\u0131n \u00fczerinde ki\u015fi \u0130stanbul B\u00fcy\u00fck\u015fehir Belediyesi ve Sosyal Hizmetler \u0130l M\u00fcd\u00fcrl\u00fc\u011f\u00fc&#8217;n\u00fcn belirledi\u011fi mekanlarda ikamet etti.<\/p>\n<p style=\"text-align: justify;\"><strong><em>\u0130stanbul B\u00fcy\u00fck\u015fehir Belediyesi Ba\u015fkan\u0131 Kadir Topba\u015f<\/em><\/strong> da, hafta sonu beklenen so\u011fuk ve karl\u0131 hava nedeniyle trafi\u011fe \u00e7\u0131kacaklar\u0131 uyard\u0131.<\/p>\n<p style=\"text-align: justify;\">Topba\u015f, &#8220;Yazl\u0131k ayakkab\u0131yla k\u0131\u015f\u0131n gezemedi\u011finiz gibi ara\u00e7 lastikleri de buna g\u00f6re al\u0131nmal\u0131. Yo\u011fun kar ya\u011f\u0131\u015f\u0131 oldu\u011fu b\u00f6lgelerde toplu ta\u015f\u0131ma ara\u00e7lar\u0131 tercih edilmeli, dikkatli ara\u00e7 kullan\u0131lmal\u0131. Gece saatlerinde gizli buzlanma olabiliyor. Yani arac\u0131n\u0131zdaki d\u0131\u015f mekan \u0131s\u0131 g\u00f6stergelerine \u00e7ok g\u00fcvenmeyin, cihaz bozuk olabilir. Sizin araban\u0131z 0 dereceyi g\u00f6sterir ama asl\u0131nda d\u0131\u015far\u0131daki so\u011fuk -1 derecedir. Viyad\u00fckler ve k\u00f6pr\u00fcler r\u00fczgar\u0131n etkisiyle buzlanman\u0131n erken oldu\u011fu b\u00f6lgelerdir. Gizli buzlanma her zaman en b\u00fcy\u00fck tehlikelerden bir tanesidir&#8221; dedi.<\/p>\n<p style=\"text-align: justify;\">Topba\u015f, Silivri ve \u00c7atalca b\u00f6lgelerinde kar\u0131n k\u0131smen etkisini s\u00fcrd\u00fcrd\u00fc\u011f\u00fcn\u00fc belirtti.<\/p>\n<p style=\"text-align: justify;\"><strong><em>Cumartesi tipi bekleniyor <\/em><\/strong><\/p>\n<p style=\"text-align: justify;\">\u0130stanbul B\u00fcy\u00fck\u015fehir Belediyesi Afet Koordinasyon Merkezi (AKOM)&#8217;nden yap\u0131lan a\u00e7\u0131klamaya g\u00f6re, karla kar\u0131\u015f\u0131k ya\u011fmur ve kar aral\u0131klarla per\u015fembe ak\u015fam\u0131na kadar devam edecek. Cumartesi g\u00fcn\u00fc \u00f6\u011fle saatlerinden sonra ise, Sibirya \u00fczerinden gelecek so\u011fuk hava dalgas\u0131 ile tipi \u015feklinde kar ya\u011fmas\u0131 bekleniyor.<\/p>\n<p style=\"text-align: justify;\"><strong><em>Kentte d\u00fcn gece <\/em><\/strong><\/p>\n<p style=\"text-align: justify;\">\u0130stanbul&#8217;da d\u00fcn etkili olmaya ba\u015flayan kar ya\u011f\u0131\u015f\u0131 nedeniyle belediye ekipleri de alarma ge\u00e7ti. \u0130ki vardiya halinde \u00e7al\u0131\u015fan bin 774 personel, 520 ara\u00e7 ile k\u00f6t\u00fc hava ko\u015fullar\u0131yla m\u00fccadele etti. Ekipler buzlanmaya kar\u015f\u0131 6 bin 23 ton tuz, 54 ton sol\u00fcsyon kulland\u0131.<\/p>\n<p style=\"text-align: justify;\"><strong><em>Ankara&#8217;ya Kar Geliyor <\/em><\/strong><\/p>\n<p style=\"text-align: justify;\">Ak\u015fam saatlerinden itibaren \u00f6nce Ankara&#8217;n\u0131n g\u00fcney ve bat\u0131 il\u00e7elerinde, sonras\u0131nda il genelinde ba\u015flayacak kar ya\u011f\u0131\u015f\u0131n\u0131n gece saatlerinde etkisini art\u0131rmas\u0131 bekleniyor.<\/p>\n<p style=\"text-align: justify;\">Devlet Meteoroloji \u0130\u015fleri Genel M\u00fcd\u00fcrl\u00fc\u011f\u00fcnden yap\u0131lan meteorolojik uyar\u0131ya g\u00f6re, kar ya\u011f\u0131\u015f\u0131n\u0131n yar\u0131n sabah saatlerinde de aral\u0131klarla hafif olarak devam edece\u011fi ve ard\u0131ndan ya\u011f\u0131\u015f\u0131n kesilece\u011fi tahmin ediliyor. Gece s\u0131cakl\u0131\u011f\u0131n\u0131n il merkezinde s\u0131f\u0131r, y\u00fcksek kesimlerinde -2\/-3 dereceye kadar d\u00fc\u015fece\u011fi \u00f6ng\u00f6r\u00fcl\u00fcyor.<\/p>\n<p style=\"text-align: justify;\">Kar ya\u011f\u0131\u015f\u0131yla birlikte buzlanma ve don olay\u0131 g\u00f6r\u00fclebilece\u011finden, bu gece ve yar\u0131n sabah saatlerinde ba\u015fta s\u00fcr\u00fcc\u00fcler olmak \u00fczere ilgililerin ve vatanda\u015flar\u0131n tedbirli olmalar\u0131 gerekiyor.<\/p>\n<p style=\"text-align: justify;\"><strong><em>Al\u0131nan \u00f6nlemler <\/em><\/strong><\/p>\n<p style=\"text-align: justify;\">Ankara B\u00fcy\u00fck\u015fehir Belediyesi de \u00f6nlemlerini art\u0131rd\u0131. Fen \u0130\u015fleri Daire Ba\u015fkanl\u0131\u011f\u0131nda olu\u015fturulan karla m\u00fccadele ekiplerinin, olu\u015fabilecek ani kar ya\u011f\u0131\u015f\u0131 ve buzlanma ihtimaline kar\u015f\u0131 24 saat haz\u0131r bekleyece\u011fi belirtildi.<\/p>\n<p style=\"text-align: justify;\">Bu gece beklenen kar ya\u011f\u0131\u015f\u0131 nedeniyle ana cadde ve bulvarlar, otob\u00fcs ring yollar\u0131, geni\u015fli\u011fi 12 metreden b\u00fcy\u00fck sokaklar ile kald\u0131r\u0131mlar kar ve buzdan temizlenecek.<\/p>\n<p style=\"text-align: justify;\">62 unimog, 27 greyder, 20 kamyon, 22 loder, 19 dozer ve 662 i\u015f\u00e7i 24 saat s\u00fcreyle g\u00f6rev yapacak. B\u00fcy\u00fck\u015fehir belediyesinin 9 bin ton tuz sto\u011fu bulunuyor.<\/p>\n<p style=\"text-align: justify;\"><span style=\"color: #888888;\">CNN T\u00dcRK<\/span><\/p>\n","protected":false},"excerpt":{"rendered":"<p style=\"text-align: center;\">\n<p style=\"text-align: center;\">\n<p style=\"text-align: justify;\">\u0130stanbul&#8217;da d\u00fcn \u00f6\u011fle saatlerinde ba\u015flayan kar ya\u011f\u0131\u015f\u0131 sabaha kar\u015f\u0131 etkisini kaybetti. Ancak kentte hafta sonunda kuvvetli kar ya\u011f\u0131\u015f\u0131 bekleniyor.<\/p>\n<p style=\"text-align: justify;\">\u0130stanbul Valisi Muammer G\u00fcler, kar ya\u011f\u0131\u015f\u0131n\u0131n d\u00f6rt g\u00f6zle beklendi\u011fini belirterek, &#8220;Hafta sonunda daha kuvvetli bir kar ya\u011f\u0131\u015f\u0131 bekleniyor. Biz daha \u00e7ok kar ya\u011fs\u0131n istiyoruz&#8221; dedi.<\/p>\n","protected":false},"author":1,"featured_media":0,"comment_status":"open","ping_status":"closed","sticky":false,"template":"","format":"standard","meta":{"footnotes":""},"categories":[105],"tags":[],"class_list":["post-18237","post","type-post","status-publish","format-standard","hentry","category-gundem","odd"],"_links":{"self":[{"href":"http:\/\/www.korhanyilmaz.com\/index.php?rest_route=\/wp\/v2\/posts\/18237","targetHints":{"allow":["GET"]}}],"collection":[{"href":"http:\/\/www.korhanyilmaz.com\/index.php?rest_route=\/wp\/v2\/posts"}],"about":[{"href":"http:\/\/www.korhanyilmaz.com\/index.php?rest_route=\/wp\/v2\/types\/post"}],"author":[{"embeddable":true,"href":"http:\/\/www.korhanyilmaz.com\/index.php?rest_route=\/wp\/v2\/users\/1"}],"replies":[{"embeddable":true,"href":"http:\/\/www.korhanyilmaz.com\/index.php?rest_route=%2Fwp%2Fv2%2Fcomments&post=18237"}],"version-history":[{"count":0,"href":"http:\/\/www.korhanyilmaz.com\/index.php?rest_route=\/wp\/v2\/posts\/18237\/revisions"}],"wp:attachment":[{"href":"http:\/\/www.korhanyilmaz.com\/index.php?rest_route=%2Fwp%2Fv2%2Fmedia&parent=18237"}],"wp:term":[{"taxonomy":"category","embeddable":true,"href":"http:\/\/www.korhanyilmaz.com\/index.php?rest_route=%2Fwp%2Fv2%2Fcategories&post=18237"},{"taxonomy":"post_tag","embeddable":true,"href":"http:\/\/www.korhanyilmaz.com\/index.php?rest_route=%2Fwp%2Fv2%2Ftags&post=18237"}],"curies":[{"name":"wp","href":"https:\/\/api.w.org\/{rel}","templated":true}]}}