{"id":18222,"date":"2010-01-20T13:01:36","date_gmt":"2010-01-20T11:01:36","guid":{"rendered":"http:\/\/www.korhanyilmaz.com\/?p=18222"},"modified":"2011-11-21T16:05:02","modified_gmt":"2011-11-21T14:05:02","slug":"taraftan-yeni-bir-eylem-plani-iddiasi-daha","status":"publish","type":"post","link":"http:\/\/www.korhanyilmaz.com\/?p=18222","title":{"rendered":"Taraf&#8217;tan yeni bir eylem plan\u0131 iddias\u0131 daha"},"content":{"rendered":"<p><a href=\"http:\/\/www.korhanyilmaz.com\/wp-content\/uploads\/2010\/01\/taraf2.jpg\"  class=\"lightview\"><img loading=\"lazy\" decoding=\"async\" class=\"aligncenter size-full wp-image-18223\" src=\"http:\/\/www.korhanyilmaz.com\/wp-content\/uploads\/2010\/01\/taraf2.jpg\" alt=\"\" width=\"292\" height=\"233\" \/><\/a><\/p>\n<p style=\"text-align: justify;\">Darbeye ortam haz\u0131rlamak amac\u0131yla yeni bir eylem plan\u0131 iddias\u0131 ortaya at\u0131ld\u0131. &#8220;\u00c7ar\u015faf&#8221; ve &#8220;Sakal&#8221; ad\u0131 verilen planlara g\u00f6re Beyaz\u0131t ve Fatih camilerinde cuma g\u00fcn\u00fc bombal\u0131 sald\u0131r\u0131lar d\u00fczenlenecekti.<\/p>\n<p style=\"text-align: justify;\">Taraf gazetesinin haberine g\u00f6re, Kas\u0131m 2000&#8217;de AK Parti&#8217;nin iktidara gelmesinden hemen sonra baz\u0131 generaller &#8220;Balyoz&#8221; ad\u0131 verilen bir dizi eylem plan\u0131 haz\u0131rlad\u0131. Ama\u00e7 AK Parti&#8217;yi iktidardan d\u00fc\u015f\u00fcrmekti. <!--more--><\/p>\n<p style=\"text-align: justify;\">\u0130ddiaya g\u00f6re AK Parti iktidara geldikten 1 ay sonra, 1. Ordu&#8217;nun \u0130stanbul Selimiye&#8217;deki karargah\u0131n\u0131n raflar\u0131ndan, 12 Eyl\u00fcl darbesinin bayrak harekat plan\u0131 \u00f6rnek almak i\u00e7in indirildi.<\/p>\n<p style=\"text-align: justify;\"><strong><em>Hedef \u00f6nce s\u0131k\u0131y\u00f6netim, sonra da h\u00fck\u00fcmeti devirmekti.<\/em><\/strong><\/p>\n<p style=\"text-align: justify;\">Taraf gazetesinin haberine g\u00f6re 12 Eyl\u00fcl&#8217;\u00fcn harekat plan\u0131 \u00fczerinde \u00e7al\u0131\u015fan generaller AK Parti&#8217;yi iktidardan d\u00fc\u015f\u00fcrmek i\u00e7in haz\u0131rlad\u0131klar\u0131 plana, 1971 darbesinin \u00fcnl\u00fc operasyonunun ad\u0131n\u0131 verdiler: Balyoz.<\/p>\n<p style=\"text-align: justify;\"><strong><em>Plan\u0131 hayata ge\u00e7irirken T\u00fcrk u\u00e7aklar\u0131 d\u00fc\u015f\u00fcr\u00fclecek, camiler bombalanacakt\u0131.<\/em><\/strong><\/p>\n<p style=\"text-align: justify;\">Habere g\u00f6re, camileri bombalamaya y\u00f6nelik eylem planlar\u0131n\u0131n ad\u0131 &#8220;\u00c7ar\u015faf&#8221; ve &#8220;Sakal&#8221;d\u0131. Hedeflenen camiler Fatih ve Beyaz\u0131t, se\u00e7ilen g\u00fcn ise cumayd\u0131.<\/p>\n<p style=\"text-align: justify;\">Kullan\u0131lacak patlay\u0131c\u0131 cep telefonu ile patlat\u0131lacak, operasyonda kiral\u0131k ara\u00e7lar kullan\u0131lacakt\u0131.<\/p>\n<p style=\"text-align: justify;\">T\u00fcrkiye ile Yunanistan&#8217;\u0131, bir T\u00fcrk jetinin T\u00fcrkiye taraf\u0131ndan d\u00fc\u015f\u00fcr\u00fclmesiyle sava\u015f\u0131n e\u015fi\u011fine getirilmesi de &#8220;Balyoz&#8221; plan\u0131n\u0131n par\u00e7alar\u0131ndan biriydi.<\/p>\n<p style=\"text-align: justify;\"><span style=\"color: #888888;\">CNN T\u00dcRK<\/span><\/p>\n","protected":false},"excerpt":{"rendered":"<\/p>\n<p style=\"text-align: justify;\">Darbeye ortam haz\u0131rlamak amac\u0131yla yeni bir eylem plan\u0131 iddias\u0131 ortaya at\u0131ld\u0131. &#8220;\u00c7ar\u015faf&#8221; ve &#8220;Sakal&#8221; ad\u0131 verilen planlara g\u00f6re Beyaz\u0131t ve Fatih camilerinde cuma g\u00fcn\u00fc bombal\u0131 sald\u0131r\u0131lar d\u00fczenlenecekti.<\/p>\n<p style=\"text-align: justify;\">Taraf gazetesinin haberine g\u00f6re, Kas\u0131m 2000&#8217;de AK Parti&#8217;nin iktidara gelmesinden hemen sonra baz\u0131 generaller &#8220;Balyoz&#8221; ad\u0131 verilen bir dizi eylem plan\u0131 haz\u0131rlad\u0131. Ama\u00e7 <\/p>\n","protected":false},"author":1,"featured_media":0,"comment_status":"open","ping_status":"closed","sticky":false,"template":"","format":"standard","meta":{"footnotes":""},"categories":[105],"tags":[],"class_list":["post-18222","post","type-post","status-publish","format-standard","hentry","category-gundem","odd"],"_links":{"self":[{"href":"http:\/\/www.korhanyilmaz.com\/index.php?rest_route=\/wp\/v2\/posts\/18222","targetHints":{"allow":["GET"]}}],"collection":[{"href":"http:\/\/www.korhanyilmaz.com\/index.php?rest_route=\/wp\/v2\/posts"}],"about":[{"href":"http:\/\/www.korhanyilmaz.com\/index.php?rest_route=\/wp\/v2\/types\/post"}],"author":[{"embeddable":true,"href":"http:\/\/www.korhanyilmaz.com\/index.php?rest_route=\/wp\/v2\/users\/1"}],"replies":[{"embeddable":true,"href":"http:\/\/www.korhanyilmaz.com\/index.php?rest_route=%2Fwp%2Fv2%2Fcomments&post=18222"}],"version-history":[{"count":0,"href":"http:\/\/www.korhanyilmaz.com\/index.php?rest_route=\/wp\/v2\/posts\/18222\/revisions"}],"wp:attachment":[{"href":"http:\/\/www.korhanyilmaz.com\/index.php?rest_route=%2Fwp%2Fv2%2Fmedia&parent=18222"}],"wp:term":[{"taxonomy":"category","embeddable":true,"href":"http:\/\/www.korhanyilmaz.com\/index.php?rest_route=%2Fwp%2Fv2%2Fcategories&post=18222"},{"taxonomy":"post_tag","embeddable":true,"href":"http:\/\/www.korhanyilmaz.com\/index.php?rest_route=%2Fwp%2Fv2%2Ftags&post=18222"}],"curies":[{"name":"wp","href":"https:\/\/api.w.org\/{rel}","templated":true}]}}