{"id":18218,"date":"2010-01-20T13:53:54","date_gmt":"2010-01-20T11:53:54","guid":{"rendered":"http:\/\/www.korhanyilmaz.com\/?p=18218"},"modified":"2011-11-21T16:04:10","modified_gmt":"2011-11-21T14:04:10","slug":"cemil-cicekten-taraf-iddiasi-aciklamasi","status":"publish","type":"post","link":"http:\/\/www.korhanyilmaz.com\/?p=18218","title":{"rendered":"Cemil \u00c7i\u00e7ek&#8217;ten Taraf iddias\u0131 a\u00e7\u0131klamas\u0131"},"content":{"rendered":"<p><a href=\"http:\/\/www.korhanyilmaz.com\/wp-content\/uploads\/2010\/01\/cicek1.jpg\"  class=\"lightview\"><img loading=\"lazy\" decoding=\"async\" class=\"aligncenter size-full wp-image-18219\" src=\"http:\/\/www.korhanyilmaz.com\/wp-content\/uploads\/2010\/01\/cicek1.jpg\" alt=\"\" width=\"292\" height=\"193\" \/><\/a><\/p>\n<p style=\"text-align: justify;\">Devlet Bakan\u0131 ve Ba\u015fbakan Yard\u0131mc\u0131s\u0131 Cemil \u00c7i\u00e7ek, &#8220;Fatih caminin bombalanaca\u011f\u0131&#8221; y\u00f6n\u00fcnde Taraf gazetesinde yer alan habere ili\u015fkin &#8220;Gerekli ara\u015ft\u0131rma yapmadan konuyla ilgili de\u011ferlendirme yapman\u0131n yanl\u0131\u015f ve eksik olaca\u011f\u0131n\u0131&#8221; s\u00f6yledi.<\/p>\n<p style=\"text-align: justify;\">G\u00f6lba\u015f\u0131 HASVAK Devlet Hastanesi Semt Poliklini\u011fi&#8217;nin a\u00e7\u0131l\u0131\u015f t\u00f6renine kat\u0131lan \u00c7i\u00e7ek, t\u00f6rene geli\u015finde gazetecilerin sorular\u0131n\u0131 yan\u0131tlad\u0131. <!--more--><\/p>\n<p style=\"text-align: justify;\">Taraf Gazetesi&#8217;nin &#8220;Fatih camii bombalanacakt\u0131&#8221; haberine ili\u015fkin bir soru \u00fczerine \u00c7i\u00e7ek, son zamanlarda bu tip yay\u0131nlar yap\u0131ld\u0131\u011f\u0131n\u0131 belirterek, &#8220;B\u00f6yle haberler g\u00fcndeme geliyor, ancak bunun ger\u00e7ekli\u011fi nedir, bunu tam bilmeden, gerekli ara\u015ft\u0131rma yap\u0131lmadan ve konuyla ilgili a\u00e7\u0131klamalar\u0131n t\u00fcm\u00fcn\u00fc g\u00f6rmeden bir de\u011ferlendirme yapmak yanl\u0131\u015f ve eksik olur&#8221; dedi.<\/p>\n<p style=\"text-align: justify;\">T\u00fcrkiye&#8217;nin ya\u015fad\u0131\u011f\u0131 en b\u00fcy\u00fck s\u0131k\u0131nt\u0131n\u0131n ba\u015f\u0131nda bilgi kirlili\u011fi geldi\u011fini ifade eden \u00c7i\u00e7ek, &#8220;Bir konu g\u00fcndeme geliyor, bu konuyla ilgili benim s\u00f6yledi\u011fim, t\u00fcm unsurlar ortaya konulmadan de\u011ferlendirme yapt\u0131\u011f\u0131m\u0131zda, bunu da siyasetin g\u00fcndemine oturttu\u011fumuz da vatanda\u015f\u0131n kafas\u0131 kar\u0131\u015f\u0131yor. Toplum daha farkl\u0131 de\u011ferlendirmelerin i\u00e7ine itiliyor. Onun i\u00e7in bu konu \u00f6n\u00fcm\u00fczdeki g\u00fcnlerde konuyla ilgili olanlar varsa ilgili kurumlar belki bir a\u00e7\u0131klama yapar. Ondan sonra de\u011ferlendirme yapmay\u0131 tercih ederim. Kald\u0131 ki bu tip haberler zaten bas\u0131n yoluyla veya bir \u015fekilde g\u00fcndeme geldi\u011finde yarg\u0131 makamlar\u0131 su\u00e7 te\u015fkil eden bir yan\u0131 varsa inceliyor ve ara\u015ft\u0131r\u0131yorlar. Dolay\u0131s\u0131yla i\u015fin bir de o yan\u0131n\u0131 g\u00f6rmek gerekir. Sab\u0131rla beklemek bence daha do\u011fru olur&#8221; dedi.<\/p>\n<p style=\"text-align: justify;\">&#8220;S\u00f6z konusu eylem 2003 tarihini i\u015faret ediyor, bu konuda ne d\u00fc\u015f\u00fcn\u00fcyorsunuz?&#8221; sorusu \u00fczerine de \u00c7i\u00e7ek, &#8220;Neticede bir s\u0131fat\u0131m\u0131z var ve sorumluluk ta\u015f\u0131yoruz. Mikrofonlar uzat\u0131ld\u0131\u011f\u0131nda ayak \u00fcst\u00fc bu konularda beyanda bulunmak bence \u00e7ok do\u011fru de\u011fil. Sadece beyanat vermek de\u011fil, vatanda\u015f\u0131m\u0131z a\u00e7\u0131s\u0131ndan da bilgi kirlili\u011fine sebebiyet verecek a\u00e7\u0131klamalardan da ka\u00e7\u0131nmam\u0131z laz\u0131m&#8221; yan\u0131t\u0131n\u0131 verdi.<\/p>\n<p style=\"text-align: justify;\">\u00c7i\u00e7ek, \u00c7ankaya K\u00f6\u015fk\u00fc&#8217;nde d\u00fczenlenen t\u00f6rende duygulu anlar ya\u015fad\u0131\u011f\u0131n\u0131n hat\u0131rlat\u0131lmas\u0131 \u00fczerine de, &#8220;\u0130nsanl\u0131ktan az\u0131c\u0131k nasibi olan herkesin orada ya\u015fananlar kar\u015f\u0131s\u0131nda duygulanmamas\u0131 m\u00fcmk\u00fcn de\u011fil. Biz orada \u00f6v\u00fcn\u00e7 madalyas\u0131n\u0131 hak etmi\u015f insanlara, onlar\u0131n \u015fahs\u0131nda t\u00fcm \u015fehitlerimize ve gazilerimize \u015f\u00fckran, minnet borcumuz var. Ben de bir vatanda\u015f\u0131m, netice itibariyle bir insan\u0131m. Bizim de zaman zaman duygulu anlar\u0131m\u0131z oluyor&#8221; \u015fekilde de\u011ferlendirme yapt\u0131.<\/p>\n<p style=\"text-align: justify;\"><strong><em>Taraf gazetesinin iddias\u0131 <\/em><\/strong><\/p>\n<p style=\"text-align: justify;\">Darbeye ortam haz\u0131rlamak amac\u0131yla yeni bir eylem plan\u0131 iddias\u0131 ortaya at\u0131ld\u0131. Taraf gazetesinde yay\u0131mlanan &#8220;\u00c7ar\u015faf&#8221; ve &#8220;Sakal&#8221; ad\u0131 verilen planlara g\u00f6re Beyaz\u0131t ve Fatih camilerinde cuma g\u00fcn\u00fc bombal\u0131 sald\u0131r\u0131lar d\u00fczenlenecekti.<\/p>\n<p style=\"text-align: justify;\"><span style=\"color: #888888;\">CNN T\u00dcRK<\/span><\/p>\n","protected":false},"excerpt":{"rendered":"<\/p>\n<p style=\"text-align: justify;\">Devlet Bakan\u0131 ve Ba\u015fbakan Yard\u0131mc\u0131s\u0131 Cemil \u00c7i\u00e7ek, &#8220;Fatih caminin bombalanaca\u011f\u0131&#8221; y\u00f6n\u00fcnde Taraf gazetesinde yer alan habere ili\u015fkin &#8220;Gerekli ara\u015ft\u0131rma yapmadan konuyla ilgili de\u011ferlendirme yapman\u0131n yanl\u0131\u015f ve eksik olaca\u011f\u0131n\u0131&#8221; s\u00f6yledi.<\/p>\n<p style=\"text-align: justify;\">G\u00f6lba\u015f\u0131 HASVAK Devlet Hastanesi Semt Poliklini\u011fi&#8217;nin a\u00e7\u0131l\u0131\u015f t\u00f6renine kat\u0131lan \u00c7i\u00e7ek, t\u00f6rene geli\u015finde gazetecilerin sorular\u0131n\u0131 yan\u0131tlad\u0131. <\/p>\n","protected":false},"author":1,"featured_media":0,"comment_status":"open","ping_status":"closed","sticky":false,"template":"","format":"standard","meta":{"footnotes":""},"categories":[105],"tags":[],"class_list":["post-18218","post","type-post","status-publish","format-standard","hentry","category-gundem","odd"],"_links":{"self":[{"href":"http:\/\/www.korhanyilmaz.com\/index.php?rest_route=\/wp\/v2\/posts\/18218","targetHints":{"allow":["GET"]}}],"collection":[{"href":"http:\/\/www.korhanyilmaz.com\/index.php?rest_route=\/wp\/v2\/posts"}],"about":[{"href":"http:\/\/www.korhanyilmaz.com\/index.php?rest_route=\/wp\/v2\/types\/post"}],"author":[{"embeddable":true,"href":"http:\/\/www.korhanyilmaz.com\/index.php?rest_route=\/wp\/v2\/users\/1"}],"replies":[{"embeddable":true,"href":"http:\/\/www.korhanyilmaz.com\/index.php?rest_route=%2Fwp%2Fv2%2Fcomments&post=18218"}],"version-history":[{"count":0,"href":"http:\/\/www.korhanyilmaz.com\/index.php?rest_route=\/wp\/v2\/posts\/18218\/revisions"}],"wp:attachment":[{"href":"http:\/\/www.korhanyilmaz.com\/index.php?rest_route=%2Fwp%2Fv2%2Fmedia&parent=18218"}],"wp:term":[{"taxonomy":"category","embeddable":true,"href":"http:\/\/www.korhanyilmaz.com\/index.php?rest_route=%2Fwp%2Fv2%2Fcategories&post=18218"},{"taxonomy":"post_tag","embeddable":true,"href":"http:\/\/www.korhanyilmaz.com\/index.php?rest_route=%2Fwp%2Fv2%2Ftags&post=18218"}],"curies":[{"name":"wp","href":"https:\/\/api.w.org\/{rel}","templated":true}]}}