{"id":18205,"date":"2010-01-20T12:22:23","date_gmt":"2010-01-20T10:22:23","guid":{"rendered":"http:\/\/www.korhanyilmaz.com\/?p=18205"},"modified":"2011-11-21T16:05:49","modified_gmt":"2011-11-21T14:05:49","slug":"erdogandan-ermenistana-protokol-sitemi","status":"publish","type":"post","link":"http:\/\/www.korhanyilmaz.com\/?p=18205","title":{"rendered":"Erdo\u011fan&#8217;dan Ermenistan&#8217;a protokol sitemi"},"content":{"rendered":"<p style=\"text-align: center;\"><a href=\"http:\/\/www.korhanyilmaz.com\/wp-content\/uploads\/2010\/01\/erdogan1.jpg\"  class=\"lightview\"><img loading=\"lazy\" decoding=\"async\" class=\"aligncenter size-full wp-image-18206\" src=\"http:\/\/www.korhanyilmaz.com\/wp-content\/uploads\/2010\/01\/erdogan1.jpg\" alt=\"\" width=\"307\" height=\"236\" \/><\/a><\/p>\n<p style=\"text-align: justify;\">Ba\u015fbakan Recep Tayyip Erdo\u011fan, Ermenistan Anayasa Mahkemesi&#8217;nin T\u00fcrkiye ile imzalanan protokoller hakk\u0131ndaki karar\u0131yla ilgili olarak &#8220;Ermenistan, metnin \u00fczerinde operasyona kalk\u0131\u015ft\u0131&#8221; dedi. D\u0131\u015fi\u015fleri Bakan\u0131 Ahmet Davuto\u011flu da Ermeni muhatab\u0131na T\u00fcrkiye&#8217;nin rahats\u0131zl\u0131\u011f\u0131n\u0131 iletti.<\/p>\n<p style=\"text-align: justify;\">Suudi Arabistan&#8217;da bulunan Erdo\u011fan, \u0130slam Konferans\u0131 Te\u015fkilat\u0131 Genel Sekreteri Ekmeleddin \u0130hsano\u011flu ile ortak bas\u0131n toplant\u0131s\u0131 d\u00fczenledi. <!--more--><\/p>\n<p style=\"text-align: justify;\">Erdo\u011fan, Ermenistan&#8217;\u0131n tavr\u0131yla ilgili bir soru \u00fczerine, &#8220;Ermenistan Anayasa Mahkemesi&#8217;nin verdi\u011fi karar\u0131n gerek\u00e7esinde, temel ilke olarak asla kabul edilemeyecek bir yakla\u015f\u0131m tarz\u0131 oldu\u011funu&#8221; s\u00f6yledi.<\/p>\n<p style=\"text-align: justify;\">Erdo\u011fan, &#8220;Biz bu metni hemen parlamentomuza g\u00f6nderdik, herhangi bir kurumu arac\u0131 olarak sokmad\u0131k. C\u00fcmleler aras\u0131nda operasyon da yapmad\u0131k. Aynen g\u00f6nderdik ve biz orada samimiyet g\u00f6sterdik&#8221; dedi.<\/p>\n<p style=\"text-align: justify;\">&#8220;\u015eu anda Ermenistan, metnin \u00fczerinde operasyon yapmaya kalk\u0131\u015ft\u0131. Bunun tabii d\u00fczeltilmesi laz\u0131m, bu d\u00fczeltilmedikten sonra s\u00fcre\u00e7 zedelenmi\u015f olur&#8221; diye konu\u015fan Erdo\u011fan, &#8220;Kald\u0131 ki Ermenistan-Azerbaycan aras\u0131ndaki ili\u015fkiyi bu i\u015fin d\u0131\u015f\u0131nda tutmak gibi bir l\u00fcks\u00fcm\u00fcz de yok&#8221; dedi.<\/p>\n<p style=\"text-align: justify;\"><strong><em>&#8220;Dosdo\u011fru olacaks\u0131n\u0131z&#8221; <\/em><\/strong><\/p>\n<p style=\"text-align: justify;\">Erdo\u011fan, &#8220;T\u00fcrkiye&#8217;nin, Arap halk\u0131na kar\u015f\u0131 de\u011fi\u015fen olumlu tavr\u0131n\u0131n, AB&#8217;ye \u00fcyelik durumunda de\u011fi\u015fip de\u011fi\u015fmeyece\u011fi&#8221; y\u00f6n\u00fcndeki bir soru \u00fczerine, &#8220;Bizim bir de\u011fi\u015fmez ilkemiz var&#8221; diyerek Kuran&#8217;dan bir ayetle kar\u015f\u0131l\u0131k verdi: &#8220;Emrolundu\u011fu gibi dosdo\u011fru olacaks\u0131n\u0131z.&#8221;<\/p>\n<p style=\"text-align: justify;\">&#8220;Biz Ortado\u011fu&#8217;daki tavr\u0131m\u0131z\u0131, bir defa kendi de\u011ferlerimizden gelen insani bir tav\u0131r olarak ortaya koyduk&#8221; diyen Erdo\u011fan, &#8220;Bu tavr\u0131m\u0131z\u0131 biz G\u00fcrcistan&#8217;da da ortaya koyduk, d\u00fcnyan\u0131n bir ba\u015fka yerinde olsa ayn\u0131 tavr\u0131 yine koyar\u0131z. AB bunu asla de\u011fi\u015ftirmez. Biz AB&#8217;yi H\u0131ristiyan klub\u00fc olarak de\u011fil siyasi kl\u00fcp olarak g\u00f6r\u00fcyoruz. 50 y\u0131ld\u0131r AB kap\u0131s\u0131nda bekletilen ba\u015fka bir \u00fclke olmam\u0131\u015ft\u0131r. AB burada adil davranmam\u0131\u015ft\u0131r&#8221; diye konu\u015ftu.<\/p>\n<p style=\"text-align: justify;\">Ba\u015fbakan Erdo\u011fan, Suudi Arabistan&#8217;la vizenin kalk\u0131p kalkmayaca\u011f\u0131 yolundaki soru \u00fczerine, konuyla ilgili daha \u00e7ok diplomat ve i\u015fadamlar\u0131n\u0131 kapsayan bir geli\u015fme olaca\u011f\u0131n\u0131 s\u00f6yledi.<\/p>\n<p style=\"text-align: justify;\"><strong><em>Davuto\u011flu&#8217;na Erivan&#8217;dan telefon <\/em><\/strong><\/p>\n<p style=\"text-align: justify;\">D\u0131\u015fi\u015fleri Bakan\u0131 Ahmet Davuto\u011flu da, Ermenistan D\u0131\u015fi\u015fleri Bakan\u0131 Edward Nalbandyan ile bir telefon g\u00f6r\u00fc\u015fmesi yaparak, Ermenistan Anayasa Mahkemesi&#8217;nin protokoller hakk\u0131nda yay\u0131mlad\u0131\u011f\u0131 ayr\u0131nt\u0131l\u0131 karar hakk\u0131ndaki rahats\u0131zl\u0131\u011f\u0131n\u0131 iletti, Ermenistan h\u00fck\u00fcmetinden duruma a\u00e7\u0131kl\u0131k getirmesini ve gerekli siyasi iradeyi sergilemesini beklediklerini kaydetti.<\/p>\n<p style=\"text-align: justify;\">D\u0131\u015fi\u015fleri Bakanl\u0131\u011f\u0131 S\u00f6zc\u00fcs\u00fc Burak \u00d6z\u00fcgergin, Nalbantyan&#8217;\u0131n Davuto\u011flu&#8217;nu arad\u0131\u011f\u0131n\u0131 belirtti.<\/p>\n<p style=\"text-align: justify;\">Davuto\u011flu, muhatab\u0131na mahkeme karar\u0131n\u0131n kabul edilemez bir bi\u00e7imde \u00f6n ko\u015fullar ve k\u0131s\u0131tlay\u0131c\u0131 yorumlar i\u00e7erdi\u011fini aktard\u0131.<\/p>\n<p style=\"text-align: justify;\">T\u00fcrkiye&#8217;nin gerek m\u00fczakere s\u00fcrecindeki yap\u0131c\u0131 tutumuna, gerekse imzalanan protokollerin ruhu ve lafz\u0131na ba\u011fl\u0131 kalmaya devam etmesine dikkati \u00e7eken Davuto\u011flu, ayn\u0131 kararl\u0131l\u0131k ve iyi niyetin Ermenistan h\u00fck\u00fcmetinden de beklendi\u011fini vurgulad\u0131.<\/p>\n<p style=\"text-align: justify;\">Bakan Davuto\u011flu, imzadan hemen sonra protokoller hakk\u0131nda kamuoyunu bilgilendirme s\u00fcrecini ba\u015flatarak bunlar\u0131n TBMM&#8217;ye sevk edildi\u011fini hat\u0131rlatarak, T\u00fcrk taraf\u0131n\u0131n s\u00fcreci geciktirmeye \u00e7al\u0131\u015fmakla su\u00e7lanmas\u0131n\u0131n tamamen temelsiz oldu\u011funa, zira Ermeni taraf\u0131n\u0131n parlamenter s\u00fcre\u00e7te halen T\u00fcrkiye&#8217;nin bir hayli gerisinde bulundu\u011funa i\u015faret etti.<\/p>\n<p style=\"text-align: justify;\">Protokollerin i\u00e7eri\u011finin bir b\u00fct\u00fcnl\u00fck olu\u015fturdu\u011funu ve unsurlar\u0131n ba\u011flam\u0131ndan kopar\u0131lmas\u0131n\u0131n normalizasyon s\u00fcrecinin temel ama\u00e7lar\u0131ndan ve felsefesinden uzakla\u015fmak anlam\u0131na gelece\u011fini ve yeni bir durum olu\u015fturaca\u011f\u0131n\u0131 belirten Davuto\u011flu, i\u00e7inde bulunulan bu a\u015famada T\u00fcrkiye&#8217;nin Ermenistan h\u00fck\u00fcmetinden duruma a\u00e7\u0131kl\u0131k getirmesini ve gerekli siyasi iradeyi sergilemesini bekledi\u011fini vurgulad\u0131.<\/p>\n<p style=\"text-align: justify;\"><strong><em>Bakanl\u0131k d\u00fcn de sert \u00e7\u0131km\u0131\u015ft\u0131 <\/em><\/strong><\/p>\n<p style=\"text-align: justify;\">D\u0131\u015fi\u015fleri Bakanl\u0131\u011f\u0131 konuyla ilgili olarak d\u00fcn de sert bir a\u00e7\u0131klama yay\u0131mlam\u0131\u015f ve &#8220;Protokollerle hedeflenen temel ama\u00e7 sakatlan\u0131yor&#8221; denilmi\u015fti.<\/p>\n<p style=\"text-align: justify;\"><span style=\"color: #888888;\">CNN T\u00dcRK<\/span><\/p>\n","protected":false},"excerpt":{"rendered":"<p style=\"text-align: center;\">\n<p style=\"text-align: justify;\">Ba\u015fbakan Recep Tayyip Erdo\u011fan, Ermenistan Anayasa Mahkemesi&#8217;nin T\u00fcrkiye ile imzalanan protokoller hakk\u0131ndaki karar\u0131yla ilgili olarak &#8220;Ermenistan, metnin \u00fczerinde operasyona kalk\u0131\u015ft\u0131&#8221; dedi. D\u0131\u015fi\u015fleri Bakan\u0131 Ahmet Davuto\u011flu da Ermeni muhatab\u0131na T\u00fcrkiye&#8217;nin rahats\u0131zl\u0131\u011f\u0131n\u0131 iletti.<\/p>\n<p style=\"text-align: justify;\">Suudi Arabistan&#8217;da bulunan Erdo\u011fan, \u0130slam Konferans\u0131 Te\u015fkilat\u0131 Genel Sekreteri Ekmeleddin \u0130hsano\u011flu ile ortak bas\u0131n toplant\u0131s\u0131 d\u00fczenledi. <\/p>\n","protected":false},"author":1,"featured_media":0,"comment_status":"open","ping_status":"closed","sticky":false,"template":"","format":"standard","meta":{"footnotes":""},"categories":[105],"tags":[],"class_list":["post-18205","post","type-post","status-publish","format-standard","hentry","category-gundem","odd"],"_links":{"self":[{"href":"http:\/\/www.korhanyilmaz.com\/index.php?rest_route=\/wp\/v2\/posts\/18205","targetHints":{"allow":["GET"]}}],"collection":[{"href":"http:\/\/www.korhanyilmaz.com\/index.php?rest_route=\/wp\/v2\/posts"}],"about":[{"href":"http:\/\/www.korhanyilmaz.com\/index.php?rest_route=\/wp\/v2\/types\/post"}],"author":[{"embeddable":true,"href":"http:\/\/www.korhanyilmaz.com\/index.php?rest_route=\/wp\/v2\/users\/1"}],"replies":[{"embeddable":true,"href":"http:\/\/www.korhanyilmaz.com\/index.php?rest_route=%2Fwp%2Fv2%2Fcomments&post=18205"}],"version-history":[{"count":0,"href":"http:\/\/www.korhanyilmaz.com\/index.php?rest_route=\/wp\/v2\/posts\/18205\/revisions"}],"wp:attachment":[{"href":"http:\/\/www.korhanyilmaz.com\/index.php?rest_route=%2Fwp%2Fv2%2Fmedia&parent=18205"}],"wp:term":[{"taxonomy":"category","embeddable":true,"href":"http:\/\/www.korhanyilmaz.com\/index.php?rest_route=%2Fwp%2Fv2%2Fcategories&post=18205"},{"taxonomy":"post_tag","embeddable":true,"href":"http:\/\/www.korhanyilmaz.com\/index.php?rest_route=%2Fwp%2Fv2%2Ftags&post=18205"}],"curies":[{"name":"wp","href":"https:\/\/api.w.org\/{rel}","templated":true}]}}