{"id":18194,"date":"2010-01-20T00:05:35","date_gmt":"2010-01-19T22:05:35","guid":{"rendered":"http:\/\/www.korhanyilmaz.com\/?p=18194"},"modified":"2010-01-20T00:05:35","modified_gmt":"2010-01-19T22:05:35","slug":"agca-basin-toplantisi-duzenleyecek","status":"publish","type":"post","link":"http:\/\/www.korhanyilmaz.com\/?p=18194","title":{"rendered":"A\u011fca bas\u0131n toplant\u0131s\u0131 d\u00fczenleyecek"},"content":{"rendered":"<p><a href=\"http:\/\/www.korhanyilmaz.com\/wp-content\/uploads\/2010\/01\/agca.jpg\"  class=\"lightview\"><img loading=\"lazy\" decoding=\"async\" class=\"aligncenter size-full wp-image-18195\" src=\"http:\/\/www.korhanyilmaz.com\/wp-content\/uploads\/2010\/01\/agca.jpg\" alt=\"\" width=\"292\" height=\"219\" \/><\/a><\/p>\n<p style=\"text-align: justify;\">Gazeteci-yazar Abdi \u0130pek\u00e7i cinayeti ve iki ayr\u0131 gasp su\u00e7undan h\u00fck\u00fcml\u00fc bulundu\u011fu cezaevinden tahliye edilen Mehmet Ali A\u011fca, Ankara&#8217;da kald\u0131\u011f\u0131 otelden d\u00fcn ayr\u0131ld\u0131. A\u011fca&#8217;n\u0131n avukat\u0131 G\u00f6kay G\u00fcltekin ise A\u011fca&#8217;n\u0131n bug\u00fcn Ankara&#8217;da bas\u0131n toplant\u0131s\u0131 d\u00fczenleyebilece\u011fini bildirdi.<\/p>\n<p style=\"text-align: justify;\">Al\u0131nan bilgiye g\u00f6re, h\u00fck\u00fcml\u00fc bulundu\u011fu Sincan F Tipi Cezaevinde mahkumiyetini tamamlad\u0131ktan sonra \u00f6nceki g\u00fcn serbest kalan A\u011fca, Ankara&#8217;da bir gece kald\u0131\u011f\u0131 otelden d\u00fcn saat 15.00 s\u0131ralar\u0131nda \u00e7\u0131k\u0131\u015f yapt\u0131. <!--more--><\/p>\n<p style=\"text-align: justify;\">Otel garaj\u0131ndan bir araca binen A\u011fca ve beraberindekiler, daha sonra Eryaman yak\u0131nlar\u0131nda ara\u00e7 de\u011fi\u015ftirdi.<\/p>\n<p style=\"text-align: justify;\">Mehmet Ali A\u011fca&#8217;n\u0131n korumal\u0131\u011f\u0131n\u0131 yapt\u0131\u011f\u0131 belirtilen ki\u015filer, burada kendilerini takip eden bas\u0131n mensuplar\u0131n\u0131n bulundu\u011fu ara\u00e7lar\u0131n \u00f6n\u00fcn\u00fc keserek, takip edilmesine engel oldu.<\/p>\n<p style=\"text-align: justify;\">A\u011fca ile beraberindekilerin karayoluyla \u0130stanbul y\u00f6n\u00fcne gitti\u011fi \u00f6\u011frenildi.<\/p>\n<p style=\"text-align: justify;\">Bu arada d\u00fcn sabah saatlerinde ise A\u011fca&#8217;n\u0131n kald\u0131\u011f\u0131 otele gelen G\u00fcltekin, burada bas\u0131n mensuplar\u0131n\u0131n sorular\u0131n\u0131 yan\u0131tlad\u0131.<\/p>\n<p style=\"text-align: justify;\">G\u00fcltekin, &#8220;Yaln\u0131zca odas\u0131nda dinlenecek ve b\u00fcy\u00fck ihtimalle bug\u00fcn yapaca\u011f\u0131 bas\u0131n toplant\u0131s\u0131na haz\u0131rl\u0131k yapacak&#8221; dedi.<\/p>\n<p style=\"text-align: justify;\">Bas\u0131n toplant\u0131s\u0131n\u0131n &#8220;T\u00fcrk\u00e7e mi \u0130ngilizce mi yap\u0131laca\u011f\u0131&#8221; y\u00f6n\u00fcndeki bir soru \u00fczerine G\u00fcltekin, bu konuda bilgisi olmad\u0131\u011f\u0131n\u0131 ancak mesajlar\u0131 yurt d\u0131\u015f\u0131na y\u00f6nelik oldu\u011fu i\u00e7in \u0130ngilizce konu\u015fmu\u015f olabilece\u011fini belirtti.<\/p>\n<p style=\"text-align: justify;\">A\u011fca&#8217;n\u0131n odas\u0131ndan d\u0131\u015far\u0131 \u00e7\u0131kmad\u0131\u011f\u0131n\u0131 kaydeden G\u00fcltekin, &#8220;Bug\u00fcn b\u00fcy\u00fck ihtimalle bas\u0131n toplant\u0131s\u0131 yapacak. O da b\u00fcy\u00fck ihtimalle Ankara&#8217;da olacak&#8221; diye konu\u015ftu.<\/p>\n<p style=\"text-align: justify;\">Bas\u0131n toplant\u0131s\u0131n\u0131n nerede yap\u0131laca\u011f\u0131n\u0131n sorulmas\u0131 \u00fczerine G\u00fcltekin, &#8220;Yeri daha net de\u011fil&#8221; dedi.<\/p>\n<p style=\"text-align: justify;\">A\u011fca&#8217;n\u0131n Ankara&#8217;dan ne zaman ayr\u0131laca\u011f\u0131 ve Malatya&#8217;ya gidip gitmeyece\u011fine ili\u015fkin bir soru \u00fczerine ise G\u00fcltekin, A\u011fca&#8217;n\u0131n Ankara&#8217;dan ne zaman ayr\u0131laca\u011f\u0131n\u0131n hen\u00fcz netle\u015fmedi\u011fini ancak Malatya&#8217;ya gitmeyi d\u00fc\u015f\u00fcnmedi\u011fini ifade ederek, &#8220;2006&#8217;da ka\u00e7t\u0131\u011f\u0131 gibi, sakland\u0131\u011f\u0131 gibi bir \u015fey olmayacak nereye gidiyorsak size bilgi verece\u011fiz&#8221; \u015feklinde konu\u015ftu.<\/p>\n<p style=\"text-align: justify;\"><strong><em>Serbest kald\u0131 <\/em><\/strong><\/p>\n<p style=\"text-align: justify;\">Gazeteci-yazar Abdi \u0130pek\u00e7i suikast\u0131 h\u00fck\u00fcml\u00fcs\u00fc olan ve Papa 2. Jean Paul&#8217;a suikast giri\u015fiminde bulunan Mehmet Ali A\u011fca&#8217;n\u0131n 30 y\u0131ll\u0131k cezaevi hayat\u0131 \u00f6nceki sabah sona erdi. Askerlik muayenesi i\u00e7in cezaevinden GATA&#8217;ya g\u00f6t\u00fcr\u00fclen A\u011fca, burada verilen &#8220;askerli\u011fe elveri\u015fsiz&#8221; raporunun ard\u0131ndan serbest b\u0131rak\u0131ld\u0131. GATA&#8217;dan ayr\u0131lan A\u011fca, Ankara Kavakl\u0131dere&#8217;de l\u00fcks bir otele yerle\u015fti.<\/p>\n<p style=\"text-align: justify;\"><span style=\"color: #888888;\">CNN T\u00dcRK<\/span><\/p>\n","protected":false},"excerpt":{"rendered":"<\/p>\n<p style=\"text-align: justify;\">Gazeteci-yazar Abdi \u0130pek\u00e7i cinayeti ve iki ayr\u0131 gasp su\u00e7undan h\u00fck\u00fcml\u00fc bulundu\u011fu cezaevinden tahliye edilen Mehmet Ali A\u011fca, Ankara&#8217;da kald\u0131\u011f\u0131 otelden d\u00fcn ayr\u0131ld\u0131. A\u011fca&#8217;n\u0131n avukat\u0131 G\u00f6kay G\u00fcltekin ise A\u011fca&#8217;n\u0131n bug\u00fcn Ankara&#8217;da bas\u0131n toplant\u0131s\u0131 d\u00fczenleyebilece\u011fini bildirdi.<\/p>\n<p style=\"text-align: justify;\">Al\u0131nan bilgiye g\u00f6re, h\u00fck\u00fcml\u00fc bulundu\u011fu Sincan F Tipi Cezaevinde mahkumiyetini tamamlad\u0131ktan sonra \u00f6nceki g\u00fcn serbest kalan <\/p>\n","protected":false},"author":1,"featured_media":0,"comment_status":"open","ping_status":"closed","sticky":false,"template":"","format":"standard","meta":{"footnotes":""},"categories":[105],"tags":[],"class_list":["post-18194","post","type-post","status-publish","format-standard","hentry","category-gundem","odd"],"_links":{"self":[{"href":"http:\/\/www.korhanyilmaz.com\/index.php?rest_route=\/wp\/v2\/posts\/18194","targetHints":{"allow":["GET"]}}],"collection":[{"href":"http:\/\/www.korhanyilmaz.com\/index.php?rest_route=\/wp\/v2\/posts"}],"about":[{"href":"http:\/\/www.korhanyilmaz.com\/index.php?rest_route=\/wp\/v2\/types\/post"}],"author":[{"embeddable":true,"href":"http:\/\/www.korhanyilmaz.com\/index.php?rest_route=\/wp\/v2\/users\/1"}],"replies":[{"embeddable":true,"href":"http:\/\/www.korhanyilmaz.com\/index.php?rest_route=%2Fwp%2Fv2%2Fcomments&post=18194"}],"version-history":[{"count":0,"href":"http:\/\/www.korhanyilmaz.com\/index.php?rest_route=\/wp\/v2\/posts\/18194\/revisions"}],"wp:attachment":[{"href":"http:\/\/www.korhanyilmaz.com\/index.php?rest_route=%2Fwp%2Fv2%2Fmedia&parent=18194"}],"wp:term":[{"taxonomy":"category","embeddable":true,"href":"http:\/\/www.korhanyilmaz.com\/index.php?rest_route=%2Fwp%2Fv2%2Fcategories&post=18194"},{"taxonomy":"post_tag","embeddable":true,"href":"http:\/\/www.korhanyilmaz.com\/index.php?rest_route=%2Fwp%2Fv2%2Ftags&post=18194"}],"curies":[{"name":"wp","href":"https:\/\/api.w.org\/{rel}","templated":true}]}}