{"id":18190,"date":"2010-01-19T16:47:04","date_gmt":"2010-01-19T14:47:04","guid":{"rendered":"http:\/\/www.korhanyilmaz.com\/?p=18190"},"modified":"2011-11-21T16:13:34","modified_gmt":"2011-11-21T14:13:34","slug":"giderayak-anayasayi-degistirmek-istiyorlar","status":"publish","type":"post","link":"http:\/\/www.korhanyilmaz.com\/?p=18190","title":{"rendered":"Giderayak Anayasa&#8217;y\u0131 de\u011fi\u015ftirmek istiyorlar"},"content":{"rendered":"<p style=\"text-align: justify;\"><a href=\"http:\/\/www.korhanyilmaz.com\/wp-content\/uploads\/2010\/01\/7196.jpg\"  class=\"lightview\"><img loading=\"lazy\" decoding=\"async\" class=\"aligncenter size-full wp-image-42995\" title=\"\" src=\"http:\/\/www.korhanyilmaz.com\/wp-content\/uploads\/2010\/01\/7196.jpg\" alt=\"\" width=\"313\" height=\"229\" \/><\/a><\/p>\n<p style=\"text-align: justify;\">CHP Genel Ba\u015fkan\u0131 Deniz Baykal&#8217;\u0131n da g\u00fcndemi Anayasa de\u011fi\u015fikli\u011fi. Baykal de\u011fi\u015fikli\u011fi, &#8220;Yarg\u0131 ve TSK&#8217;ya kar\u015f\u0131 y\u00fcr\u00fct\u00fclen sava\u015f\u0131n yeni a\u00e7\u0131l\u0131m\u0131&#8221; olarak de\u011ferlendirdi. Baykal h\u00fck\u00fcmetin giderayak Anayasa&#8217;y\u0131 de\u011fi\u015ftirmek istedi\u011fi iddias\u0131nda bulundu.<\/p>\n<p style=\"text-align: justify;\">Partisinin grup toplant\u0131s\u0131nda konu\u015fan CHP lideri, kurumlararas\u0131 \u00e7at\u0131\u015fma olmad\u0131\u011f\u0131n\u0131 da s\u00f6yledi.<!--more--><\/p>\n<p style=\"text-align: justify;\"><strong><em>Anayasa de\u011fi\u015fikli\u011fi:<\/em><\/strong><\/p>\n<p style=\"text-align: justify;\">Deniz Baykal, anayasa de\u011fi\u015fikli\u011fi projesinin &#8220;iktidar\u0131n kurumlarla \u00e7at\u0131\u015fma, hesapla\u015fma, haddini bildirme&#8221; konusundaki uygulamalar\u0131n\u0131n yeni bir d\u00fczeyde s\u00fcrd\u00fcr\u00fclmesi anlam\u0131na geldi\u011fini savundu.<\/p>\n<p style=\"text-align: justify;\">Baykal, &#8220;Anayasa de\u011fi\u015fikli\u011fi bu kavgay\u0131 \u00e7\u00f6zmenin yeni bir y\u00f6ntemi olarak planlan\u0131yor. Kurumlarla sava\u015f\u0131n, kurumlar\u0131 etkisiz k\u0131lmaya y\u00f6nelik m\u00fccadelenin en son a\u00e7\u0131l\u0131m\u0131, en son arac\u0131 anayasa de\u011fi\u015fikli\u011fidir. Anayasa de\u011fi\u015fikli\u011fi ile \u015fimdi amaca ula\u015f\u0131lmak isteniyor&#8221; dedi.<\/p>\n<p style=\"text-align: justify;\">Baykal, &#8220;Yarg\u0131tay Ba\u015fkan\u0131 diyor ki &#8216;savunmaday\u0131z&#8217;. Genelkurmay Ba\u015fkan\u0131 diyor ki &#8216;bize kar\u015f\u0131 harekat var&#8217;. \u015eimdi o harekat\u0131n yeni a\u015famas\u0131. &#8216;Savunma&#8217; diyor ya, \u015fimdi daha da savunmadad\u0131r yarg\u0131. Neyle? Anayasa de\u011fi\u015fikli\u011fiyle. Anayasa de\u011fi\u015fikli\u011fi yarg\u0131ya kar\u015f\u0131 sald\u0131r\u0131n\u0131n, sava\u015f\u0131n, Silahl\u0131 Kuvvetler&#8217;e kar\u015f\u0131 sava\u015f\u0131n yeni a\u00e7\u0131l\u0131m\u0131 olarak planlanm\u0131\u015ft\u0131r. De\u011fi\u015fikli\u011fin hedefi, bug\u00fcne kadar iftirayla, ithamla, uydurma belgeyle kurumlar\u0131 y\u0131pratmaya y\u00f6nelik m\u00fccadeleyi \u015fimdi nihai d\u00fczeyde \u00e7\u00f6z\u00fcme kavu\u015fturma aray\u0131\u015f\u0131d\u0131r&#8221; diye konu\u015ftu.<\/p>\n<p style=\"text-align: justify;\">Anayasa de\u011fi\u015fikli\u011fini &#8220;siyasetin yarg\u0131ya hakim k\u0131l\u0131nma giri\u015fimi&#8221; olarak da nitelendiren Baykal, siyasetin yarg\u0131y\u0131 tayin eder noktaya getirilmesine \u00e7al\u0131\u015f\u0131ld\u0131\u011f\u0131n\u0131 iddia etti.<\/p>\n<p style=\"text-align: justify;\">Yarg\u0131 ba\u011f\u0131ms\u0131zl\u0131\u011f\u0131n\u0131n T\u00fcrkiye&#8217;de demokrasiye ge\u00e7i\u015fin temel dayanak noktas\u0131 oldu\u011funu, ba\u011f\u0131ms\u0131z olmayan yarg\u0131n\u0131n tarafs\u0131z olmas\u0131n\u0131n m\u00fcmk\u00fcn olmad\u0131\u011f\u0131n\u0131 kaydeden Baykal, ba\u011f\u0131ms\u0131zl\u0131\u011f\u0131n tarafs\u0131zl\u0131\u011f\u0131n g\u00fcvencesi oldu\u011funu ifade etti. Baykal, &#8220;Yarg\u0131 ba\u011f\u0131ms\u0131z de\u011filse onun art\u0131k tarafs\u0131z oldu\u011funu hi\u00e7bir \u015fart alt\u0131nda umut etmek m\u00fcmk\u00fcn de\u011fildir&#8221; dedi.<\/p>\n<p style=\"text-align: justify;\"><strong><em>&#8220;Tuzak kurulmu\u015ftur&#8221; <\/em><\/strong><\/p>\n<p style=\"text-align: justify;\">CHP Genel Ba\u015fkan\u0131 Baykal, yarg\u0131n\u0131n bug\u00fcnk\u00fc yap\u0131 alt\u0131nda dahi b\u00fcy\u00fck \u00f6l\u00e7\u00fcde siyaset\u00e7ilerin denetimi alt\u0131na girdi\u011fini iddia ederek, &#8220;Ergenekon davas\u0131 yarg\u0131 ba\u011f\u0131ms\u0131zl\u0131\u011f\u0131 ile nas\u0131l izah edilir, bunu irdelemek laz\u0131m&#8221; dedi.<\/p>\n<p style=\"text-align: justify;\">Baykal, &#8220;Ama bilin ki e\u011fer HSYK iktidar\u0131n tayin etti\u011fi insanlarla olu\u015fma noktas\u0131na gelirse art\u0131k T\u00fcrkiye&#8217;de can, mal g\u00fcvenli\u011fi, ki\u015fi hak ve \u00f6zg\u00fcrl\u00fc\u011f\u00fc, hukukun \u00fcst\u00fcnl\u00fc\u011f\u00fc konular\u0131 t\u00fcm\u00fcyle ortadan kalkar. Anayasay\u0131 de\u011fi\u015ftirecek&#8230; Kim de\u011fi\u015ftirecek? Kendisi Anayasa Mahkemesi&#8217;nin karar\u0131yla anayasaya kar\u015f\u0131 eylemlerin oda\u011f\u0131 haline geldi\u011fi h\u00fckme ba\u011flanm\u0131\u015f bir parti de\u011fi\u015ftirecek.<\/p>\n<p style=\"text-align: justify;\">Umut ediyorum ki iktidar\u0131n i\u00e7indeki akl\u0131 ba\u015f\u0131nda insanlar bunun yanl\u0131\u015f oldu\u011funu iktidara hissettireceklerdir, giderayak T\u00fcrkiye&#8217;yi yeni gerginliklere s\u00fcr\u00fcklemenin do\u011fru olmad\u0131\u011f\u0131n\u0131 onlara anlatacaklard\u0131r ve bu te\u015febb\u00fcsten vazge\u00e7ireceklerdir. Anayasa de\u011fi\u015fikli\u011fi konusu T\u00fcrkiye&#8217;yi bir k\u0131r\u0131lma noktas\u0131 ile kar\u015f\u0131 kar\u015f\u0131ya getirebilecek olan bir konudur. \u00c7ok b\u00fcy\u00fck sorumluluk hepimizi bekliyor.<\/p>\n<p style=\"text-align: justify;\">Millete kar\u015f\u0131 referandum ile bir tuzak olarak kuruluyor. Bu tuza\u011f\u0131 ortadan kald\u0131rmak bizim g\u00f6revimiz olacakt\u0131r. Ge\u00e7mi\u015fte de b\u00f6yle tuzaklar kuruldu. Milletimiz o tuzaklar\u0131n alt\u0131ndan kalkmay\u0131 ba\u015fard\u0131. \u0130nan\u0131yorum bu tuza\u011f\u0131n arkas\u0131ndan da hep birlikte milletimizi kurtarman\u0131n yolunu mutlaka bulaca\u011f\u0131z. CHP olarak bu konuda tam bir kararl\u0131l\u0131k i\u00e7indeyiz.&#8221;<\/p>\n<p style=\"text-align: justify;\"><strong><em>\u0130la\u00e7 krizi:<\/em><\/strong><\/p>\n<p style=\"text-align: justify;\">Baykal, partisinin grup toplant\u0131s\u0131nda, vatanda\u015f\u0131n ila\u00e7 bulamad\u0131\u011f\u0131n\u0131, \u00e7\u00fcnk\u00fc depolardaki ilac\u0131n eczanelere indirilmedi\u011fini, bunun da fiyat belirsizli\u011finden kaynakland\u0131\u011f\u0131n\u0131 ifade etti.<\/p>\n<p style=\"text-align: justify;\">Baykal, &#8220;Sa\u011fl\u0131k hizmetlerini paral\u0131 hale getirmek i\u00e7in binbir t\u00fcrl\u00fc cambazl\u0131k sergileniyor. H\u00fck\u00fcmet, milletin cebine g\u00f6z dikmi\u015ftir&#8221; dedi.<\/p>\n<p style=\"text-align: justify;\"><strong><em>TEKEL i\u015f\u00e7ileri:<\/em><\/strong><\/p>\n<p style=\"text-align: justify;\">Baykal, TEKEL i\u015f\u00e7ilerinin eylemine de de\u011findi, h\u00fck\u00fcmeti g\u00f6reve \u00e7a\u011f\u0131rd\u0131.<\/p>\n<p style=\"text-align: justify;\">H\u00fck\u00fcmetten soruna \u00e7\u00f6z\u00fcm bulmas\u0131n\u0131 isteyen Baykal, &#8220;Vatanda\u015fla inatla\u015fmak devlete yak\u0131\u015fmaz&#8221; dedi.<\/p>\n<p style=\"text-align: justify;\"><span style=\"color: #888888;\">CNN T\u00dcRK<\/span><\/p>\n","protected":false},"excerpt":{"rendered":"<p style=\"text-align: justify;\">\n<p style=\"text-align: justify;\">CHP Genel Ba\u015fkan\u0131 Deniz Baykal&#8217;\u0131n da g\u00fcndemi Anayasa de\u011fi\u015fikli\u011fi. Baykal de\u011fi\u015fikli\u011fi, &#8220;Yarg\u0131 ve TSK&#8217;ya kar\u015f\u0131 y\u00fcr\u00fct\u00fclen sava\u015f\u0131n yeni a\u00e7\u0131l\u0131m\u0131&#8221; olarak de\u011ferlendirdi. Baykal h\u00fck\u00fcmetin giderayak Anayasa&#8217;y\u0131 de\u011fi\u015ftirmek istedi\u011fi iddias\u0131nda bulundu.<\/p>\n<p style=\"text-align: justify;\">Partisinin grup toplant\u0131s\u0131nda konu\u015fan CHP lideri, kurumlararas\u0131 \u00e7at\u0131\u015fma olmad\u0131\u011f\u0131n\u0131 da s\u00f6yledi.<\/p>\n","protected":false},"author":1,"featured_media":0,"comment_status":"open","ping_status":"closed","sticky":false,"template":"","format":"standard","meta":{"footnotes":""},"categories":[105],"tags":[],"class_list":["post-18190","post","type-post","status-publish","format-standard","hentry","category-gundem","odd"],"_links":{"self":[{"href":"http:\/\/www.korhanyilmaz.com\/index.php?rest_route=\/wp\/v2\/posts\/18190","targetHints":{"allow":["GET"]}}],"collection":[{"href":"http:\/\/www.korhanyilmaz.com\/index.php?rest_route=\/wp\/v2\/posts"}],"about":[{"href":"http:\/\/www.korhanyilmaz.com\/index.php?rest_route=\/wp\/v2\/types\/post"}],"author":[{"embeddable":true,"href":"http:\/\/www.korhanyilmaz.com\/index.php?rest_route=\/wp\/v2\/users\/1"}],"replies":[{"embeddable":true,"href":"http:\/\/www.korhanyilmaz.com\/index.php?rest_route=%2Fwp%2Fv2%2Fcomments&post=18190"}],"version-history":[{"count":0,"href":"http:\/\/www.korhanyilmaz.com\/index.php?rest_route=\/wp\/v2\/posts\/18190\/revisions"}],"wp:attachment":[{"href":"http:\/\/www.korhanyilmaz.com\/index.php?rest_route=%2Fwp%2Fv2%2Fmedia&parent=18190"}],"wp:term":[{"taxonomy":"category","embeddable":true,"href":"http:\/\/www.korhanyilmaz.com\/index.php?rest_route=%2Fwp%2Fv2%2Fcategories&post=18190"},{"taxonomy":"post_tag","embeddable":true,"href":"http:\/\/www.korhanyilmaz.com\/index.php?rest_route=%2Fwp%2Fv2%2Ftags&post=18190"}],"curies":[{"name":"wp","href":"https:\/\/api.w.org\/{rel}","templated":true}]}}