{"id":18187,"date":"2010-01-19T11:42:20","date_gmt":"2010-01-19T09:42:20","guid":{"rendered":"http:\/\/www.korhanyilmaz.com\/?p=18187"},"modified":"2011-11-21T16:07:02","modified_gmt":"2011-11-21T14:07:02","slug":"disislerinden-sert-ermenistan-aciklamasi","status":"publish","type":"post","link":"http:\/\/www.korhanyilmaz.com\/?p=18187","title":{"rendered":"D\u0131\u015fi\u015fleri&#8217;nden sert Ermenistan a\u00e7\u0131klamas\u0131"},"content":{"rendered":"<p style=\"text-align: center;\"><a href=\"http:\/\/www.korhanyilmaz.com\/wp-content\/uploads\/2010\/01\/ermenistan.jpg\"  class=\"lightview\"><img loading=\"lazy\" decoding=\"async\" class=\"aligncenter size-full wp-image-18188\" src=\"http:\/\/www.korhanyilmaz.com\/wp-content\/uploads\/2010\/01\/ermenistan.jpg\" alt=\"\" width=\"307\" height=\"236\" \/><\/a><\/p>\n<p style=\"text-align: justify;\">T\u00fcrkiye ve Ermenistan aras\u0131nda imzalanan protokoller ile ilgili olarak Ermenistan Anayasa Mahkemesi&#8217;nin ald\u0131\u011f\u0131 anayasaya uygunluk karar\u0131nda bir tak\u0131m \u00f6n ko\u015fullar ve k\u0131s\u0131tlay\u0131c\u0131 h\u00fck\u00fcmlerin yer almas\u0131 \u00fczerine, D\u0131\u015fi\u015fleri Bakanl\u0131\u011f\u0131 sert bir a\u00e7\u0131klama yay\u0131mlad\u0131. A\u00e7\u0131klamada, &#8220;Protokollerle hedeflenen temel ama\u00e7 sakatlan\u0131yor&#8221; denildi. <!--more--><\/p>\n<p style=\"text-align: justify;\">D\u0131\u015fi\u015fleri Bakanl\u0131\u011f\u0131&#8217;ndan yap\u0131lan a\u00e7\u0131klamada, &#8220;10 Ekim 2009 tarihinde imzalanan T\u00fcrkiye-Ermenistan Protokollerine ili\u015fkin olarak Ermenistan Anayasa Mahkemesi 12 Ocak 2010 tarihinde, anayasaya uygunluk karar\u0131n\u0131 k\u0131sa bir metinle a\u00e7\u0131klam\u0131\u015ft\u0131. Bu kez mahkeme gerek\u00e7eli karar\u0131n\u0131 yay\u0131mlam\u0131\u015ft\u0131r&#8221; denildi.<\/p>\n<p style=\"text-align: justify;\">A\u00e7\u0131klamada, &#8220;S\u00f6z konusu kararda, protokollerin lafz\u0131na ve ruhuna ayk\u0131r\u0131 \u00f6n ko\u015fullar ve k\u0131s\u0131tlay\u0131c\u0131 h\u00fck\u00fcmlerin zikredildi\u011fi tespit edilmi\u015ftir. Bu karar, s\u00f6z konusu protokollerin m\u00fczakere gerek\u00e7esini ve protokollerle hedeflenen temel amac\u0131 sakatlamaktad\u0131r. Bu yakla\u015f\u0131m taraf\u0131m\u0131zdan kabul edilemez&#8221; ifadesi yer ald\u0131.<\/p>\n<p style=\"text-align: justify;\">A\u00e7\u0131klamada son olarak, &#8220;T\u00fcrkiye, uluslararas\u0131 alandaki taahh\u00fctlerine olan her zamanki sadakati istikametinde s\u00f6z konusu protokollerin asli h\u00fck\u00fcmlerine ba\u011fl\u0131l\u0131\u011f\u0131n\u0131 muhafaza etmektedir. Ayn\u0131 sadakati Ermenistan H\u00fck\u00fcmetinden de beklemekteyiz&#8221; denildi.<\/p>\n<p style=\"text-align: justify;\"><span style=\"color: #888888;\">CNN T\u00dcRK<\/span><\/p>\n","protected":false},"excerpt":{"rendered":"<p style=\"text-align: center;\">\n<p style=\"text-align: justify;\">T\u00fcrkiye ve Ermenistan aras\u0131nda imzalanan protokoller ile ilgili olarak Ermenistan Anayasa Mahkemesi&#8217;nin ald\u0131\u011f\u0131 anayasaya uygunluk karar\u0131nda bir tak\u0131m \u00f6n ko\u015fullar ve k\u0131s\u0131tlay\u0131c\u0131 h\u00fck\u00fcmlerin yer almas\u0131 \u00fczerine, D\u0131\u015fi\u015fleri Bakanl\u0131\u011f\u0131 sert bir a\u00e7\u0131klama yay\u0131mlad\u0131. A\u00e7\u0131klamada, &#8220;Protokollerle hedeflenen temel ama\u00e7 sakatlan\u0131yor&#8221; denildi. <\/p>\n","protected":false},"author":1,"featured_media":0,"comment_status":"open","ping_status":"closed","sticky":false,"template":"","format":"standard","meta":{"footnotes":""},"categories":[3],"tags":[],"class_list":["post-18187","post","type-post","status-publish","format-standard","hentry","category-dunya","odd"],"_links":{"self":[{"href":"http:\/\/www.korhanyilmaz.com\/index.php?rest_route=\/wp\/v2\/posts\/18187","targetHints":{"allow":["GET"]}}],"collection":[{"href":"http:\/\/www.korhanyilmaz.com\/index.php?rest_route=\/wp\/v2\/posts"}],"about":[{"href":"http:\/\/www.korhanyilmaz.com\/index.php?rest_route=\/wp\/v2\/types\/post"}],"author":[{"embeddable":true,"href":"http:\/\/www.korhanyilmaz.com\/index.php?rest_route=\/wp\/v2\/users\/1"}],"replies":[{"embeddable":true,"href":"http:\/\/www.korhanyilmaz.com\/index.php?rest_route=%2Fwp%2Fv2%2Fcomments&post=18187"}],"version-history":[{"count":0,"href":"http:\/\/www.korhanyilmaz.com\/index.php?rest_route=\/wp\/v2\/posts\/18187\/revisions"}],"wp:attachment":[{"href":"http:\/\/www.korhanyilmaz.com\/index.php?rest_route=%2Fwp%2Fv2%2Fmedia&parent=18187"}],"wp:term":[{"taxonomy":"category","embeddable":true,"href":"http:\/\/www.korhanyilmaz.com\/index.php?rest_route=%2Fwp%2Fv2%2Fcategories&post=18187"},{"taxonomy":"post_tag","embeddable":true,"href":"http:\/\/www.korhanyilmaz.com\/index.php?rest_route=%2Fwp%2Fv2%2Ftags&post=18187"}],"curies":[{"name":"wp","href":"https:\/\/api.w.org\/{rel}","templated":true}]}}