{"id":18183,"date":"2010-01-19T13:11:35","date_gmt":"2010-01-19T11:11:35","guid":{"rendered":"http:\/\/www.korhanyilmaz.com\/?p=18183"},"modified":"2010-01-19T13:11:35","modified_gmt":"2010-01-19T11:11:35","slug":"bassavcidan-mufettislere-suc-duyurusu","status":"publish","type":"post","link":"http:\/\/www.korhanyilmaz.com\/?p=18183","title":{"rendered":"Ba\u015fsavc\u0131dan m\u00fcfetti\u015flere su\u00e7 duyurusu"},"content":{"rendered":"<p style=\"text-align: center;\"><a href=\"http:\/\/www.korhanyilmaz.com\/wp-content\/uploads\/2010\/01\/aykutcengiz.jpg\"  class=\"lightview\"><img loading=\"lazy\" decoding=\"async\" class=\"aligncenter size-full wp-image-18184\" src=\"http:\/\/www.korhanyilmaz.com\/wp-content\/uploads\/2010\/01\/aykutcengiz.jpg\" alt=\"\" width=\"307\" height=\"236\" \/><\/a><\/p>\n<p style=\"text-align: justify;\">Ergenekon soru\u015fturmas\u0131 kapsam\u0131nda telefonlar\u0131 dinlenen \u0130stanbul Cumhuriyet Ba\u015fsavc\u0131s\u0131 Aykut Cengiz Engin, dinleme karar\u0131 isteyen Adalet Bakanl\u0131\u011f\u0131 m\u00fcfetti\u015fleri hakk\u0131nda su\u00e7 duyurusunda bulundu.<\/p>\n<p style=\"text-align: justify;\">Ba\u015fsavc\u0131 Engin, su\u00e7 duyurusunu avukat\u0131 arac\u0131l\u0131\u011f\u0131yla Adalet Bakanl\u0131\u011f\u0131&#8217;na yapt\u0131.<\/p>\n<p style=\"text-align: justify;\">Engin&#8217;in Ergenekon soru\u015fturmas\u0131 kapsam\u0131nda telefonlar\u0131n\u0131n dinlendi\u011fi ortaya \u00e7\u0131km\u0131\u015ft\u0131. <!--more--><\/p>\n<p style=\"text-align: justify;\">Ba\u015fsavc\u0131 Engin, Adalet Bakanl\u0131\u011f\u0131 Ceza \u0130\u015fleri Genel M\u00fcd\u00fcrl\u00fc\u011f\u00fc&#8217;ne yapt\u0131\u011f\u0131 su\u00e7 duyurusunda dinleme kararlar\u0131n\u0131n usuls\u00fcz al\u0131nd\u0131\u011f\u0131n\u0131 savundu.<\/p>\n<p style=\"text-align: justify;\">Su\u00e7 duyurusu yap\u0131lan Adalet m\u00fcfetti\u015fi hakk\u0131nda Yarg\u0131tay Birinci Ba\u015fkanl\u0131k Kurulu&#8217;nun soru\u015fturma ba\u015flatmas\u0131 bekleniyor.<\/p>\n<p style=\"text-align: justify;\">M\u00fcfetti\u015fler hakk\u0131nda soru\u015fturma izni verme yetkisi Adalet Bakanl\u0131\u011f\u0131&#8217;nda.<\/p>\n<p style=\"text-align: justify;\">Ancak Dan\u0131\u015ftay Be\u015finci Dairesi, Adalet Bakanl\u0131\u011f\u0131&#8217;n\u0131n m\u00fcfetti\u015fler hakk\u0131nda soru\u015fturma izni vermemesi y\u00f6n\u00fcndeki karar\u0131n y\u00fcr\u00fctmesini durdurmu\u015f ve &#8220;M\u00fcfetti\u015fler soru\u015fturulsun&#8221; demi\u015fti.<\/p>\n<p style=\"text-align: justify;\"><span style=\"color: #888888;\">CNN T\u00dcRK<\/span><\/p>\n","protected":false},"excerpt":{"rendered":"<p style=\"text-align: center;\">\n<p style=\"text-align: justify;\">Ergenekon soru\u015fturmas\u0131 kapsam\u0131nda telefonlar\u0131 dinlenen \u0130stanbul Cumhuriyet Ba\u015fsavc\u0131s\u0131 Aykut Cengiz Engin, dinleme karar\u0131 isteyen Adalet Bakanl\u0131\u011f\u0131 m\u00fcfetti\u015fleri hakk\u0131nda su\u00e7 duyurusunda bulundu.<\/p>\n<p style=\"text-align: justify;\">Ba\u015fsavc\u0131 Engin, su\u00e7 duyurusunu avukat\u0131 arac\u0131l\u0131\u011f\u0131yla Adalet Bakanl\u0131\u011f\u0131&#8217;na yapt\u0131.<\/p>\n<p style=\"text-align: justify;\">Engin&#8217;in Ergenekon soru\u015fturmas\u0131 kapsam\u0131nda telefonlar\u0131n\u0131n dinlendi\u011fi ortaya \u00e7\u0131km\u0131\u015ft\u0131. <\/p>\n","protected":false},"author":1,"featured_media":0,"comment_status":"open","ping_status":"closed","sticky":false,"template":"","format":"standard","meta":{"footnotes":""},"categories":[105],"tags":[],"class_list":["post-18183","post","type-post","status-publish","format-standard","hentry","category-gundem","odd"],"_links":{"self":[{"href":"http:\/\/www.korhanyilmaz.com\/index.php?rest_route=\/wp\/v2\/posts\/18183","targetHints":{"allow":["GET"]}}],"collection":[{"href":"http:\/\/www.korhanyilmaz.com\/index.php?rest_route=\/wp\/v2\/posts"}],"about":[{"href":"http:\/\/www.korhanyilmaz.com\/index.php?rest_route=\/wp\/v2\/types\/post"}],"author":[{"embeddable":true,"href":"http:\/\/www.korhanyilmaz.com\/index.php?rest_route=\/wp\/v2\/users\/1"}],"replies":[{"embeddable":true,"href":"http:\/\/www.korhanyilmaz.com\/index.php?rest_route=%2Fwp%2Fv2%2Fcomments&post=18183"}],"version-history":[{"count":0,"href":"http:\/\/www.korhanyilmaz.com\/index.php?rest_route=\/wp\/v2\/posts\/18183\/revisions"}],"wp:attachment":[{"href":"http:\/\/www.korhanyilmaz.com\/index.php?rest_route=%2Fwp%2Fv2%2Fmedia&parent=18183"}],"wp:term":[{"taxonomy":"category","embeddable":true,"href":"http:\/\/www.korhanyilmaz.com\/index.php?rest_route=%2Fwp%2Fv2%2Fcategories&post=18183"},{"taxonomy":"post_tag","embeddable":true,"href":"http:\/\/www.korhanyilmaz.com\/index.php?rest_route=%2Fwp%2Fv2%2Ftags&post=18183"}],"curies":[{"name":"wp","href":"https:\/\/api.w.org\/{rel}","templated":true}]}}