{"id":18176,"date":"2010-01-19T10:21:53","date_gmt":"2010-01-19T08:21:53","guid":{"rendered":"http:\/\/www.korhanyilmaz.com\/?p=18176"},"modified":"2010-01-19T10:21:53","modified_gmt":"2010-01-19T08:21:53","slug":"yuksek-yargidaki-8-aylik-krize-son","status":"publish","type":"post","link":"http:\/\/www.korhanyilmaz.com\/?p=18176","title":{"rendered":"Y\u00fcksek yarg\u0131daki 8 ayl\u0131k krize son"},"content":{"rendered":"<p style=\"text-align: center;\"><a href=\"http:\/\/www.korhanyilmaz.com\/wp-content\/uploads\/2010\/01\/yargitay.jpg\"  class=\"lightview\"><img loading=\"lazy\" decoding=\"async\" class=\"aligncenter size-full wp-image-18177\" src=\"http:\/\/www.korhanyilmaz.com\/wp-content\/uploads\/2010\/01\/yargitay.jpg\" alt=\"\" width=\"307\" height=\"236\" \/><\/a><\/p>\n<p style=\"text-align: justify;\">Hakimler ve Savc\u0131lar Y\u00fcksek Kurulu (HSYK), Yarg\u0131tay&#8217;da bo\u015f bulunan 34 \u00fcyelik i\u00e7in se\u00e7im yapt\u0131. Yarg\u0131tay&#8217;\u0131n yeni \u00fcyeleri aras\u0131nda Ankara Cumhuriyet Ba\u015fsavc\u0131s\u0131 H\u00fcseyin Poyrazo\u011flu da bulunuyor. H\u00fck\u00fcmet cephesinden, &#8220;son d\u00f6nemin en iyi listesi&#8221; yorumu geldi.<\/p>\n<p style=\"text-align: justify;\">HSYK&#8217;n\u0131n d\u00fcn gece ge\u00e7 saatlere kadar s\u00fcren toplant\u0131s\u0131nda Yarg\u0131tay&#8217;da bo\u015f bulunan 34 \u00fcyelik i\u00e7in se\u00e7im i\u015flemi tamamland\u0131. <!--more--><\/p>\n<p style=\"text-align: justify;\">Yarg\u0131tay&#8217;\u0131n yeni \u00fcyeleri aras\u0131nda Ankara Cumhuriyet Ba\u015fsavc\u0131s\u0131 H\u00fcseyin Boyrazo\u011flu, Adalet Bakanl\u0131\u011f\u0131 M\u00fcste\u015far Yard\u0131mc\u0131s\u0131 H\u00fcseyin Y\u0131ld\u0131r\u0131m ve Adalet Bakanl\u0131\u011f\u0131 Hukuk \u0130\u015fleri Genel M\u00fcd\u00fcr Yard\u0131mc\u0131s\u0131 H\u00fcsn\u00fc u\u011furlu da bulunuyor.<\/p>\n<p style=\"text-align: justify;\"><strong><em>Buna g\u00f6re, Yarg\u0131tay&#8217;\u0131n yeni \u00fcyeleri \u015funlar: <\/em><\/strong><\/p>\n<p style=\"text-align: justify;\">&#8220;Hac\u0131 H\u00fcseyin \u00dcnald\u0131 (Ankara Hakimi), H\u00fcseyin Poyrazo\u011flu (Ankara Cumhuriyet Ba\u015fsavc\u0131s\u0131), Aysel Ko\u00e7ak (Kad\u0131k\u00f6y Hakimi), Mehmet Erdo\u011fan (Sar\u0131yer Hakimi), \u0130nci Ayta\u00e7 (Ankara Hakimi), Mustafa Aysal (\u0130zmir Hakimi), Mehmet Nuri \u00d6zt\u00fcrk (Ankara Hakimi), Beyhan Azman (Ankara Hakimi), Refik Cemal Hanedan (Ankara Ticaret Mahkemesi Ba\u015fkan\u0131), Leyla Elen K\u00f6ksal (Ankara Ticaret Mahkemesi Ba\u015fkan\u0131), Selma Bellek (Kartal Hakimi), Birol Soner (\u0130zmir Hakimi), Ali \u0130nceman (Bak\u0131rk\u00f6y Ticaret Mahkemesi Ba\u015fkan\u0131), Mehmet \u00c7amur (Bak\u0131rk\u00f6y Hakimi), Meryem \u00dcst\u00fcner (\u00dcsk\u00fcdar A\u011f\u0131r Ceza Mahkemesi Ba\u015fkan\u0131), Nilg\u00fcn Zehra Canl\u0131 (Ankara Hakimi), Ay\u015fe \u015eent\u00fcrk (\u0130stanbul Ticaret Mahkemesi Ba\u015fkan\u0131), Belk\u0131z Karaka\u015f (Bak\u0131rk\u00f6y Ticaret Mahkemesi Ba\u015fkan\u0131), \u0130rfan Okur (\u0130zmir Hakimi), Ahmet Tuncak (Ankara Ticaret Mahkemesi Ba\u015fkan\u0131), Mehmet Akarca (Kar\u015f\u0131yaka A\u011f\u0131r Ceza Mahkemesi Ba\u015fkan\u0131), Mustafa \u0130smet Y\u00f6r\u00fck (Mu\u011fla A\u011f\u0131r Ceza Mahkemesi Ba\u015fkan\u0131), M. \u015eebnem G\u00fcnayd\u0131n (Yarg\u0131tay Cumhuriyet Savc\u0131s\u0131), Yakup Ata (Yarg\u0131tay Tetkik Hakimi), Ahmet Karadavut (Yarg\u0131tay Tetkik Hakimi), Ay\u015fe \u00c7evikba\u015f Tart\u0131c\u0131 (Yarg\u0131tay Tetkik Hakimi), Fahri Ak\u00e7in (Yarg\u0131tay Tetkik Hakimi), Do\u00e7. Dr. Adnan De\u011fnekli (Yarg\u0131tay Tetkik Hakimi), Ali Orhan (Yarg\u0131tay Tetkik Hakimi), Fikriye Ernalbant (Yarg\u0131tay Tetkik Hakimi), Mete Duman (Yarg\u0131tay Tetkik Hakimi), Halit Baysoy (Adalet Ba\u015fm\u00fcfetti\u015fi), H\u00fcsn\u00fc U\u011furlu (Adalet Bakanl\u0131\u011f\u0131 Hukuk \u0130\u015fleri Genel M\u00fcd\u00fcr Yard\u0131mc\u0131s\u0131), H\u00fcseyin Y\u0131ld\u0131r\u0131m (Adalet Bakanl\u0131\u011f\u0131 M\u00fcste\u015far Yard\u0131mc\u0131s\u0131)&#8221;<\/p>\n<p style=\"text-align: justify;\">Boyrazo\u011flu&#8217;ndan bo\u015falan Ankara Cumhuriyet Ba\u015fsavc\u0131l\u0131\u011f\u0131 i\u00e7in ataman\u0131n \u00f6n\u00fcm\u00fczdeki g\u00fcnlerde yap\u0131laca\u011f\u0131 bildirildi.<\/p>\n<p style=\"text-align: justify;\"><strong><em>Yarg\u0131tay&#8217;da se\u00e7im krizi <\/em><\/strong><\/p>\n<p style=\"text-align: justify;\">Yarg\u0131tay&#8217;da 34 \u00fcyelik 8 aydan bu yana bo\u015f bulunuyordu. Yarg\u0131tay Kanunu&#8217;na g\u00f6re 10. \u00fcyelik d\u00fc\u015ft\u00fckten sonra en ge\u00e7 2 ay i\u00e7inde se\u00e7im yap\u0131lmas\u0131 gerekiyor.<\/p>\n<p style=\"text-align: justify;\">Hakimler Savc\u0131lar Y\u00fcksek Kurulu&#8217;nun se\u00e7ilmi\u015f \u00fcyeleriyle Adalet Bakan\u0131 ve Adalet Bakanl\u0131\u011f\u0131 m\u00fcste\u015far\u0131n\u0131n kar\u015f\u0131 kar\u015f\u0131ya gelmesinin se\u00e7im yap\u0131lamamas\u0131n\u0131n en \u00f6nemli nedeni oldu\u011fu belirtiliyordu.<\/p>\n<p style=\"text-align: justify;\"><span style=\"color: #888888;\">CNN T\u00dcRK<\/span><\/p>\n","protected":false},"excerpt":{"rendered":"<p style=\"text-align: center;\">\n<p style=\"text-align: justify;\">Hakimler ve Savc\u0131lar Y\u00fcksek Kurulu (HSYK), Yarg\u0131tay&#8217;da bo\u015f bulunan 34 \u00fcyelik i\u00e7in se\u00e7im yapt\u0131. Yarg\u0131tay&#8217;\u0131n yeni \u00fcyeleri aras\u0131nda Ankara Cumhuriyet Ba\u015fsavc\u0131s\u0131 H\u00fcseyin Poyrazo\u011flu da bulunuyor. H\u00fck\u00fcmet cephesinden, &#8220;son d\u00f6nemin en iyi listesi&#8221; yorumu geldi.<\/p>\n<p style=\"text-align: justify;\">HSYK&#8217;n\u0131n d\u00fcn gece ge\u00e7 saatlere kadar s\u00fcren toplant\u0131s\u0131nda Yarg\u0131tay&#8217;da bo\u015f bulunan 34 \u00fcyelik i\u00e7in <\/p>\n","protected":false},"author":1,"featured_media":0,"comment_status":"open","ping_status":"closed","sticky":false,"template":"","format":"standard","meta":{"footnotes":""},"categories":[105],"tags":[],"class_list":["post-18176","post","type-post","status-publish","format-standard","hentry","category-gundem","odd"],"_links":{"self":[{"href":"http:\/\/www.korhanyilmaz.com\/index.php?rest_route=\/wp\/v2\/posts\/18176","targetHints":{"allow":["GET"]}}],"collection":[{"href":"http:\/\/www.korhanyilmaz.com\/index.php?rest_route=\/wp\/v2\/posts"}],"about":[{"href":"http:\/\/www.korhanyilmaz.com\/index.php?rest_route=\/wp\/v2\/types\/post"}],"author":[{"embeddable":true,"href":"http:\/\/www.korhanyilmaz.com\/index.php?rest_route=\/wp\/v2\/users\/1"}],"replies":[{"embeddable":true,"href":"http:\/\/www.korhanyilmaz.com\/index.php?rest_route=%2Fwp%2Fv2%2Fcomments&post=18176"}],"version-history":[{"count":0,"href":"http:\/\/www.korhanyilmaz.com\/index.php?rest_route=\/wp\/v2\/posts\/18176\/revisions"}],"wp:attachment":[{"href":"http:\/\/www.korhanyilmaz.com\/index.php?rest_route=%2Fwp%2Fv2%2Fmedia&parent=18176"}],"wp:term":[{"taxonomy":"category","embeddable":true,"href":"http:\/\/www.korhanyilmaz.com\/index.php?rest_route=%2Fwp%2Fv2%2Fcategories&post=18176"},{"taxonomy":"post_tag","embeddable":true,"href":"http:\/\/www.korhanyilmaz.com\/index.php?rest_route=%2Fwp%2Fv2%2Ftags&post=18176"}],"curies":[{"name":"wp","href":"https:\/\/api.w.org\/{rel}","templated":true}]}}