{"id":18093,"date":"2010-01-16T09:38:19","date_gmt":"2010-01-16T07:38:19","guid":{"rendered":"http:\/\/www.korhanyilmaz.com\/?p=18093"},"modified":"2011-11-21T16:16:30","modified_gmt":"2011-11-21T14:16:30","slug":"buyukelci-oguz-celikkol-istanbulda","status":"publish","type":"post","link":"http:\/\/www.korhanyilmaz.com\/?p=18093","title":{"rendered":"B\u00fcy\u00fckel\u00e7i O\u011fuz \u00c7elikkol \u0130stanbul&#8217;da"},"content":{"rendered":"<p><a href=\"http:\/\/www.korhanyilmaz.com\/wp-content\/uploads\/2010\/01\/CEL\u0130KKOL.jpg\"  class=\"lightview\"><img loading=\"lazy\" decoding=\"async\" class=\"aligncenter size-full wp-image-18094\" src=\"http:\/\/www.korhanyilmaz.com\/wp-content\/uploads\/2010\/01\/CEL\u0130KKOL.jpg\" alt=\"\" width=\"292\" height=\"194\" \/><\/a><\/p>\n<p style=\"text-align: justify;\">\u0130srail ile ya\u015fanan krizin ard\u0131ndan Tel Aviv B\u00fcy\u00fckel\u00e7isi O\u011fuz \u00c7elikkol, \u0130stanbul&#8217;a geldi.<\/p>\n<p style=\"text-align: justify;\">\u0130srail D\u0131\u015fi\u015fleri Bakan Yard\u0131mc\u0131s\u0131 Danny Ayalon&#8217;un yak\u0131\u015f\u0131ks\u0131z davran\u0131\u015f\u0131na muhatap olan Tel Aviv B\u00fcy\u00fckel\u00e7isi O\u011fuz \u00c7elikkol, THY&#8217;nin tarifeli u\u00e7a\u011f\u0131yla saat 08.35&#8217;te T\u00fcrkiye&#8217;ye geldi. <!--more--><\/p>\n<p style=\"text-align: justify;\">Atat\u00fcrk Havaliman\u0131 VIP Salonu&#8217;nda bir s\u00fcre dinlenen \u00c7elikkol, THY&#8217;ye ait u\u00e7akla saat 09.00&#8217;da Ankara&#8217;ya hareket etti.<\/p>\n<p style=\"text-align: justify;\">B\u00fcy\u00fckel\u00e7i \u00c7elikkol, bas\u0131n mensuplar\u0131n\u0131n, T\u00fcrkiye&#8217;ye geli\u015fi ve \u0130srail&#8217;de ya\u015fanan krizle ilgili sorular\u0131n\u0131 cevaps\u0131z b\u0131rakt\u0131.<\/p>\n<p style=\"text-align: justify;\"><strong><em>T\u00fcrk el\u00e7inin zor anlar\u0131 <\/em><\/strong><\/p>\n<p style=\"text-align: justify;\">\u0130srail D\u0131\u015fi\u015fleri Bakanl\u0131\u011f\u0131, Kurtlar Vadisi dizisinden duydu\u011fu rahats\u0131zl\u0131\u011f\u0131 T\u00fcrkiye&#8217;nin Tel Aviv B\u00fcy\u00fckel\u00e7isi O\u011fuz \u00c7elikkol&#8217;a iletmi\u015f, g\u00f6r\u00fc\u015fmeye, \u0130srail D\u0131\u015fi\u015fleri Bakan\u0131 Yard\u0131mc\u0131s\u0131 Danny Ayalon&#8217;un diplomatik nezaketsizli\u011fi damgas\u0131n\u0131 vurmu\u015ftu. Ayalon, oturdu\u011fu koltu\u011fu T\u00fcrk el\u00e7inin koltu\u011fundan y\u00fcksekte tutmu\u015f, bunu \u0130branice olarak bas\u0131n mensuplar\u0131na s\u00f6ylemi\u015fti.<\/p>\n<p style=\"text-align: justify;\"><span style=\"color: #888888;\">CNN T\u00dcRK<\/span><\/p>\n","protected":false},"excerpt":{"rendered":"<\/p>\n<p style=\"text-align: justify;\">\u0130srail ile ya\u015fanan krizin ard\u0131ndan Tel Aviv B\u00fcy\u00fckel\u00e7isi O\u011fuz \u00c7elikkol, \u0130stanbul&#8217;a geldi.<\/p>\n<p style=\"text-align: justify;\">\u0130srail D\u0131\u015fi\u015fleri Bakan Yard\u0131mc\u0131s\u0131 Danny Ayalon&#8217;un yak\u0131\u015f\u0131ks\u0131z davran\u0131\u015f\u0131na muhatap olan Tel Aviv B\u00fcy\u00fckel\u00e7isi O\u011fuz \u00c7elikkol, THY&#8217;nin tarifeli u\u00e7a\u011f\u0131yla saat 08.35&#8217;te T\u00fcrkiye&#8217;ye geldi. <\/p>\n","protected":false},"author":1,"featured_media":0,"comment_status":"open","ping_status":"closed","sticky":false,"template":"","format":"standard","meta":{"footnotes":""},"categories":[105],"tags":[],"class_list":["post-18093","post","type-post","status-publish","format-standard","hentry","category-gundem","odd"],"_links":{"self":[{"href":"http:\/\/www.korhanyilmaz.com\/index.php?rest_route=\/wp\/v2\/posts\/18093","targetHints":{"allow":["GET"]}}],"collection":[{"href":"http:\/\/www.korhanyilmaz.com\/index.php?rest_route=\/wp\/v2\/posts"}],"about":[{"href":"http:\/\/www.korhanyilmaz.com\/index.php?rest_route=\/wp\/v2\/types\/post"}],"author":[{"embeddable":true,"href":"http:\/\/www.korhanyilmaz.com\/index.php?rest_route=\/wp\/v2\/users\/1"}],"replies":[{"embeddable":true,"href":"http:\/\/www.korhanyilmaz.com\/index.php?rest_route=%2Fwp%2Fv2%2Fcomments&post=18093"}],"version-history":[{"count":0,"href":"http:\/\/www.korhanyilmaz.com\/index.php?rest_route=\/wp\/v2\/posts\/18093\/revisions"}],"wp:attachment":[{"href":"http:\/\/www.korhanyilmaz.com\/index.php?rest_route=%2Fwp%2Fv2%2Fmedia&parent=18093"}],"wp:term":[{"taxonomy":"category","embeddable":true,"href":"http:\/\/www.korhanyilmaz.com\/index.php?rest_route=%2Fwp%2Fv2%2Fcategories&post=18093"},{"taxonomy":"post_tag","embeddable":true,"href":"http:\/\/www.korhanyilmaz.com\/index.php?rest_route=%2Fwp%2Fv2%2Ftags&post=18093"}],"curies":[{"name":"wp","href":"https:\/\/api.w.org\/{rel}","templated":true}]}}