{"id":18089,"date":"2010-01-15T16:20:36","date_gmt":"2010-01-15T14:20:36","guid":{"rendered":"http:\/\/www.korhanyilmaz.com\/?p=18089"},"modified":"2010-01-15T16:20:36","modified_gmt":"2010-01-15T14:20:36","slug":"memurlar-bordrolarini-yakti","status":"publish","type":"post","link":"http:\/\/www.korhanyilmaz.com\/?p=18089","title":{"rendered":"Memurlar bordrolar\u0131n\u0131 yakt\u0131!.."},"content":{"rendered":"<p style=\"text-align: center;\"><a href=\"http:\/\/www.korhanyilmaz.com\/wp-content\/uploads\/2010\/01\/kamusen.jpg\"  class=\"lightview\"><img loading=\"lazy\" decoding=\"async\" class=\"aligncenter size-full wp-image-18090\" src=\"http:\/\/www.korhanyilmaz.com\/wp-content\/uploads\/2010\/01\/kamusen.jpg\" alt=\"\" width=\"234\" height=\"222\" \/><\/a><\/p>\n<p style=\"text-align: justify;\">T\u00fcrkiye Kamu-Sen Genel Ba\u015fkan\u0131 Bircan Aky\u0131ld\u0131z, &#8220;zam, vergi ve katk\u0131 paylar\u0131n\u0131n memurlar\u0131n \u00fczerine kabus gibi \u00e7\u00f6kt\u00fc\u011f\u00fcn\u00fc, maa\u015f bordrolar\u0131na bakt\u0131klar\u0131nda ise g\u00f6r\u00fcnen manzaran\u0131n \u00e7ok daha korkun\u00e7 oldu\u011funu&#8221; s\u00f6yledi.<\/p>\n<p style=\"text-align: justify;\">Kamu-Sen \u00fcyeleri, Maliye Bakan\u0131 Mehmet \u015eim\u015fek 2009 y\u0131l\u0131 b\u00fct\u00e7e rakamlar\u0131n\u0131 de\u011ferlendirdi\u011fi s\u0131rada, bakanl\u0131k \u00f6n\u00fcnde y\u0131l\u0131n ilk maa\u015flar\u0131na ait bordrolar\u0131n\u0131 yakt\u0131. <!--more--><\/p>\n<p style=\"text-align: justify;\">Aky\u0131ld\u0131z, yapt\u0131\u011f\u0131 a\u00e7\u0131klamada, kamu \u00e7al\u0131\u015fanlar\u0131n\u0131n her y\u0131l\u0131n\u0131n bir \u00f6ncekinden daha zor oldu\u011funu belirtti.<\/p>\n<p style=\"text-align: justify;\">2010 y\u0131l\u0131 i\u00e7in kamu g\u00f6revlilerine y\u00fczde 5 oran\u0131nda art\u0131\u015f \u00f6ng\u00f6r\u00fcld\u00fc\u011f\u00fcn\u00fc hat\u0131rlatan Aky\u0131ld\u0131z, harcamalar\u0131n gelirden fazla artt\u0131\u011f\u0131n\u0131, bu durumun piyasalarda durgunlu\u011fa neden oldu\u011funu dile getirdi.<\/p>\n<p style=\"text-align: justify;\">Bug\u00fcn y\u0131l\u0131n ilk maa\u015f\u0131n\u0131 alan memurlar i\u00e7in 2010 y\u0131l\u0131n\u0131n ne denli zor olaca\u011f\u0131n\u0131n bir kez daha g\u00f6r\u00fcld\u00fc\u011f\u00fcn\u00fc savunan Aky\u0131ld\u0131z, &#8220;Zamlar, vergiler, katk\u0131 paylar\u0131 memurlar\u0131m\u0131z\u0131n \u00fczerine kabus gibi \u00e7\u00f6kerken, maa\u015f bordrolar\u0131na bakt\u0131klar\u0131nda g\u00f6rd\u00fckleri manzara \u00e7ok daha korkun\u00e7tur. Ald\u0131\u011f\u0131 maa\u015fla ay sonunu getiremeyece\u011fi a\u015fikar olan memurlar\u0131m\u0131z, daha \u015fimdiden ay sonuna kadar gerekli paray\u0131 temin etmenin yollar\u0131n\u0131 aramaktad\u0131r. Memurlar\u0131m\u0131z kendisine, vergileri, har\u00e7lar\u0131, zamlar\u0131, katk\u0131 paylar\u0131n\u0131, yoksullu\u011fu, a\u00e7l\u0131\u011f\u0131, verilmeyen haklar\u0131n\u0131, geriletilen kazan\u0131mlar\u0131n\u0131 hat\u0131rlatt\u0131\u011f\u0131 i\u00e7in maa\u015f bordrolar\u0131na bakmak bile istememektedir. Memurlar\u0131 kaderiyle ba\u015f ba\u015fa b\u0131rakan iktidara hakk\u0131m\u0131z\u0131 helal etmiyoruz&#8221; dedi.<\/p>\n<p style=\"text-align: justify;\">A\u00e7\u0131klaman\u0131n ard\u0131ndan, memurlar maa\u015f bordrolar\u0131na ve \u00fczerinde &#8220;y\u00fczde 2,5&#8221; yaz\u0131l\u0131 ka\u011f\u0131tlar\u0131 yakt\u0131.<\/p>\n<p style=\"text-align: justify;\"><span style=\"color: #888888;\">CNN T\u00dcRK<\/span><\/p>\n","protected":false},"excerpt":{"rendered":"<p style=\"text-align: center;\">\n<p style=\"text-align: justify;\">T\u00fcrkiye Kamu-Sen Genel Ba\u015fkan\u0131 Bircan Aky\u0131ld\u0131z, &#8220;zam, vergi ve katk\u0131 paylar\u0131n\u0131n memurlar\u0131n \u00fczerine kabus gibi \u00e7\u00f6kt\u00fc\u011f\u00fcn\u00fc, maa\u015f bordrolar\u0131na bakt\u0131klar\u0131nda ise g\u00f6r\u00fcnen manzaran\u0131n \u00e7ok daha korkun\u00e7 oldu\u011funu&#8221; s\u00f6yledi.<\/p>\n<p style=\"text-align: justify;\">Kamu-Sen \u00fcyeleri, Maliye Bakan\u0131 Mehmet \u015eim\u015fek 2009 y\u0131l\u0131 b\u00fct\u00e7e rakamlar\u0131n\u0131 de\u011ferlendirdi\u011fi s\u0131rada, bakanl\u0131k \u00f6n\u00fcnde y\u0131l\u0131n ilk maa\u015flar\u0131na ait bordrolar\u0131n\u0131 yakt\u0131. <\/p>\n","protected":false},"author":1,"featured_media":0,"comment_status":"open","ping_status":"closed","sticky":false,"template":"","format":"standard","meta":{"footnotes":""},"categories":[7],"tags":[],"class_list":["post-18089","post","type-post","status-publish","format-standard","hentry","category-ekonomi","odd"],"_links":{"self":[{"href":"http:\/\/www.korhanyilmaz.com\/index.php?rest_route=\/wp\/v2\/posts\/18089","targetHints":{"allow":["GET"]}}],"collection":[{"href":"http:\/\/www.korhanyilmaz.com\/index.php?rest_route=\/wp\/v2\/posts"}],"about":[{"href":"http:\/\/www.korhanyilmaz.com\/index.php?rest_route=\/wp\/v2\/types\/post"}],"author":[{"embeddable":true,"href":"http:\/\/www.korhanyilmaz.com\/index.php?rest_route=\/wp\/v2\/users\/1"}],"replies":[{"embeddable":true,"href":"http:\/\/www.korhanyilmaz.com\/index.php?rest_route=%2Fwp%2Fv2%2Fcomments&post=18089"}],"version-history":[{"count":0,"href":"http:\/\/www.korhanyilmaz.com\/index.php?rest_route=\/wp\/v2\/posts\/18089\/revisions"}],"wp:attachment":[{"href":"http:\/\/www.korhanyilmaz.com\/index.php?rest_route=%2Fwp%2Fv2%2Fmedia&parent=18089"}],"wp:term":[{"taxonomy":"category","embeddable":true,"href":"http:\/\/www.korhanyilmaz.com\/index.php?rest_route=%2Fwp%2Fv2%2Fcategories&post=18089"},{"taxonomy":"post_tag","embeddable":true,"href":"http:\/\/www.korhanyilmaz.com\/index.php?rest_route=%2Fwp%2Fv2%2Ftags&post=18089"}],"curies":[{"name":"wp","href":"https:\/\/api.w.org\/{rel}","templated":true}]}}