{"id":18085,"date":"2010-01-15T00:37:03","date_gmt":"2010-01-14T22:37:03","guid":{"rendered":"http:\/\/www.korhanyilmaz.com\/?p=18085"},"modified":"2011-11-21T16:17:44","modified_gmt":"2011-11-21T14:17:44","slug":"ergenekonda-adil-serdar-sacana-tahliye","status":"publish","type":"post","link":"http:\/\/www.korhanyilmaz.com\/?p=18085","title":{"rendered":"&quot;Ergenekon&quot;da Adil Serdar Sa\u00e7an&#8217;a tahliye"},"content":{"rendered":"<p style=\"text-align: justify;\"><a href=\"http:\/\/www.korhanyilmaz.com\/wp-content\/uploads\/2010\/01\/serdar.jpg\"  class=\"lightview\"><img loading=\"lazy\" decoding=\"async\" class=\"aligncenter size-full wp-image-18086\" src=\"http:\/\/www.korhanyilmaz.com\/wp-content\/uploads\/2010\/01\/serdar.jpg\" alt=\"\" width=\"292\" height=\"230\" \/><\/a><\/p>\n<p style=\"text-align: justify;\">\u0130kinci &#8220;Ergenekon&#8221; davas\u0131n\u0131n tutuklu san\u0131klar\u0131ndan \u0130stanbul Organize Su\u00e7larla M\u00fccadele \u015eubesi eski M\u00fcd\u00fcr\u00fc Adil Serdar Sa\u00e7an tahliye edildi. Sa\u00e7an, \u00e7apraz sorgusu s\u0131ras\u0131nda J\u0130TEM ile ilgili a\u00e7\u0131klamalarda da bulundu.<\/p>\n<p style=\"text-align: justify;\">\u0130kinci Ergenekon davas\u0131nda 31. duru\u015fma tamamland\u0131. <!--more--><\/p>\n<p style=\"text-align: justify;\">Mahkeme heyeti tutuklu san\u0131klardan \u0130stanbul Organize Su\u00e7larla M\u00fccadele \u015eube eski M\u00fcd\u00fcr\u00fc Adil Serdar Sa\u00e7an&#8217;\u0131n tahliyesine karar verdi. Mahkeme 2008 y\u0131l\u0131 Eyl\u00fcl ay\u0131ndan beri tutuklu bulunan Sa\u00e7an&#8217;\u0131n tahliye gerek\u00e7esi olarak ise &#8216;Dosya kapsam\u0131, delil durumu, su\u00e7 vasf\u0131n\u0131n de\u011fi\u015fme ihtimali ve tutuklu kald\u0131\u011f\u0131 s\u00fcreyi dikkate alarak&#8217; tahliye karar\u0131n\u0131 verdi.<\/p>\n<p style=\"text-align: justify;\">Sa\u00e7an silahl\u0131 ter\u00f6r \u00f6rg\u00fct\u00fcne \u00fcye olmak, yasak, gizli bilgileri a\u00e7\u0131klamak su\u00e7lar\u0131ndan tutuklu bulunuyordu.<\/p>\n<p style=\"text-align: justify;\">MAHKEMEDEN<\/p>\n<p style=\"text-align: justify;\">\u0130stanbul 13. A\u011f\u0131r Ceza Mahkemesi&#8217;nce Silivri Ceza \u0130nfaz Kurumlar\u0131 Yerle\u015fkesi&#8217;nde g\u00f6r\u00fclen davada, Sa\u00e7an, \u00e7apraz sorgusuna devam edilmeden \u00f6nce s\u00f6yleyeceklerinin oldu\u011funu ifade ederek, Mahkeme Heyeti Ba\u015fkan\u0131 K\u00f6ksal \u015eeng\u00fcn&#8217;den s\u00f6z istedi.<\/p>\n<p style=\"text-align: justify;\">Sa\u00e7an, bir \u00f6nceki duru\u015fmada s\u00f6ylediklerinin baz\u0131 bas\u0131n organlar\u0131nca yanl\u0131\u015f ifade edildi\u011fini belirterek, &#8220;2001 y\u0131l\u0131nda Tuncay G\u00fcney ve grubu al\u0131nd\u0131\u011f\u0131 zaman, izin Ergenekon Ter\u00f6r \u00d6rg\u00fct\u00fc diye al\u0131nmad\u0131. Tuncay G\u00fcney, Veli K\u00fc\u00e7\u00fck&#8217;\u00fcn mutemedi oldu\u011funu s\u00f6yledi\u011fi i\u00e7in &#8216;organize su\u00e7 \u00f6rg\u00fct\u00fc&#8217; olarak de\u011ferlendirdik. O tarihte b\u00f6yle bir \u00f6rg\u00fct de yok. 2007 y\u0131l\u0131nda Ergenekon ad\u0131n\u0131 duyduk. \u0130zni, organize su\u00e7 \u00f6rg\u00fctleriyle ilgili ald\u0131k. Alm\u0131\u015f oldu\u011fumuz izin, Veli K\u00fc\u00e7\u00fck ve yap\u0131lanmas\u0131yla ilgiliydi&#8221; dedi.<\/p>\n<p style=\"text-align: justify;\">&#8220;Ergenekon Ter\u00f6r \u00d6rg\u00fct\u00fcn\u00fcn varl\u0131\u011f\u0131na o tarihte vak\u0131f olup da soru\u015fturmay\u0131 kapatm\u0131\u015f\u0131z diye bir \u015fey yok&#8221; diyen Sa\u00e7an, &#8220;Biz Veli K\u00fc\u00e7\u00fck&#8217;\u00fcn ba\u011flant\u0131lar\u0131n\u0131 bulam\u0131yoruz diyoruz. Biz, delillere g\u00f6re, Savc\u0131l\u0131\u011f\u0131n emrinde \u00e7al\u0131\u015fan bir \u015fubeyiz. Tuncay G\u00fcney ve \u00dcmit O\u011fuztan, 2001&#8217;de bize geldi\u011fi zaman, b\u00fct\u00fcn ev ve i\u015f yerlerinin aramas\u0131n\u0131 benim \u015fubem yapt\u0131. Bunlar\u0131n aramalar\u0131n\u0131 yapm\u0131\u015f\u0131z, ifadelerini kameraya alm\u0131\u015f\u0131z. Biz, organize su\u00e7 \u00f6rg\u00fctlerinin \u015femalar\u0131n\u0131 \u00e7izerdik. Tuncay G\u00fcney&#8217;in anlat\u0131mlar\u0131na g\u00f6re Veli K\u00fc\u00e7\u00fck temal\u0131 \u015fema, Ergenekon diye de\u011fil, Veli K\u00fc\u00e7\u00fck ve grubu diye \u00e7izilmi\u015ftir. Biz bunu Savc\u0131l\u0131\u011fa g\u00f6nderdik. Savc\u0131l\u0131k g\u00f6rd\u00fc. Bir \u015fey gizledi\u011fimiz yok. Bu \u00e7izimlerin yap\u0131lmas\u0131n\u0131n sebebi dosyalar\u0131n Savc\u0131l\u0131\u011fa g\u00f6t\u00fcr\u00fclmesidir. B\u00fct\u00fcn \u00e7al\u0131\u015fmalar yap\u0131lm\u0131\u015f, Savc\u0131l\u0131\u011f\u0131n \u00f6n\u00fcne gitmi\u015ftir. Zaten, Devlet G\u00fcvenlik Mahkemesi (DGM) Cumhuriyet Ba\u015fsavc\u0131s\u0131 Aykut Cengiz Engin, &#8216;Yap\u0131lacak t\u00fcm i\u015flemler, \u00f6n \u00e7al\u0131\u015fma ve gerekti\u011finde tahkikat icras\u0131 i\u00e7in DGM Cumhuriyet Savc\u0131s\u0131 Muzaffer Yal\u00e7\u0131n g\u00f6revlendirilmi\u015ftir&#8217; diyor. Bizim hi\u00e7 kimseden bir \u015fey gizlemi\u015f olmam\u0131z s\u00f6z konusu de\u011fildir&#8221; dedi.<\/p>\n<p style=\"text-align: justify;\">&#8220;Peker-K\u00fc\u00e7\u00fck ili\u015fkisinde su\u00e7 unsuru yok&#8221;<\/p>\n<p style=\"text-align: justify;\">Tuncay G\u00fcney&#8217;in ifadesinde bahsetti\u011fi b\u00fct\u00fcn organize su\u00e7 \u00f6rg\u00fctleriyle ilgili \u00e7al\u0131\u015fmalar\u0131n \u015fube taraf\u0131ndan daha \u00f6nceden yap\u0131ld\u0131\u011f\u0131n\u0131 anlatan Sa\u00e7an, G\u00fcney&#8217;in sokak a\u011fz\u0131yla konu\u015ftu\u011funu ve sadece G\u00fcney&#8217;in s\u00f6yledi\u011fi Sedat Peker-Veli K\u00fc\u00e7\u00fck ili\u015fkisiyle ilgili su\u00e7 unsuru bulamad\u0131klar\u0131n\u0131 belirtti.<\/p>\n<p style=\"text-align: justify;\">Bir\u00e7ok eksikli\u011fin \u00fczerine kendisinin getirilip monte edildi\u011fini s\u00f6yleyen Sa\u00e7an, &#8220;Ergenekon Ter\u00f6r \u00d6rg\u00fct\u00fc ile bu olaylar\u0131n ba\u011flant\u0131s\u0131 yok. Savc\u0131 beye hi\u00e7bir \u015fey sorulmuyor&#8221; dedi.<\/p>\n<p style=\"text-align: justify;\">Daha sonra, \u00dcye Hakim Hasan H\u00fcseyin \u00d6zese&#8217;nin, &#8220;Tuncay G\u00fcney ve \u00dcmit O\u011fuztan ile ilgili \u00e7\u00f6z\u00fcmler savc\u0131l\u0131\u011fa g\u00f6t\u00fcr\u00fcld\u00fc m\u00fc?&#8221; sorusuna Sa\u00e7an, g\u00f6t\u00fcr\u00fcld\u00fc\u011f\u00fcn\u00fc s\u00f6yledi.<\/p>\n<p style=\"text-align: justify;\">\u00d6zese&#8217;nin, &#8220;Adli b\u00fcro amirli\u011fi Savc\u0131l\u0131kla g\u00f6r\u00fc\u015ft\u00fckten sonra bu projeyle ilgili size ne s\u00f6yledi?&#8221; sorusuna da Sa\u00e7an, &#8220;Savc\u0131 Beye &#8216;Bir sonu\u00e7 elde edemedik ne yapal\u0131m&#8221; diye soruyor. Savc\u0131 bey de &#8216;Madem \u00f6yle dok\u00fcmanlar\u0131 g\u00f6nderin, kapatma yaz\u0131s\u0131 yazal\u0131m&#8217; diyor. Savc\u0131 beyin haberi olmamas\u0131 diye bir \u015fey s\u00f6z konusu de\u011fil&#8221; yan\u0131t\u0131n\u0131 verdi.<\/p>\n<p style=\"text-align: justify;\">Sa\u00e7an, hakim \u00d6zese&#8217;nin, &#8220;Sedat Peker ile Veli K\u00fc\u00e7\u00fck aras\u0131nda ne t\u00fcr bir ili\u015fki vard\u0131?&#8221; \u015feklindeki sorusuna da &#8220;O benim de\u011fil, Tuncay G\u00fcney&#8217;in iddias\u0131. Bizim de duyumlar\u0131m\u0131z vard\u0131, ara\u015ft\u0131rd\u0131k bir \u015fey bulamad\u0131k&#8221; dedi.<\/p>\n<p style=\"text-align: justify;\">\u00d6zese&#8217;nin, &#8220;Veli K\u00fc\u00e7\u00fck-Sedat Peker ili\u015fkisi bir duyum muydu? Yaz\u0131l\u0131 m\u0131yd\u0131? \u0130stihbarat m\u0131yd\u0131?&#8221; sorusuna Sa\u00e7an, istihbaratlar\u0131n \u00e7e\u015fitli \u015fekillerde kendilerine geldi\u011fini kaydederek, dedikodu \u00fczerine \u00e7al\u0131\u015fmad\u0131klar\u0131n\u0131 anlatt\u0131.<\/p>\n<p style=\"text-align: justify;\">Hakim \u00d6zese&#8217;nin, &#8220;Evraklar \u015fubede nas\u0131l saklan\u0131rd\u0131, herkes girebilir miydi?&#8221; \u015feklindeki sorusunu Sa\u00e7an, &#8220;Ar\u015fiv vard\u0131. Kap\u0131s\u0131 \u015fifreliydi. \u015eifreyi sadece ar\u015fiv memuru biliyordu. Herkes girip \u00e7\u0131kamazd\u0131. Girenler deftere yaz\u0131l\u0131rd\u0131&#8221; diye yan\u0131tlad\u0131.<\/p>\n<p style=\"text-align: justify;\">Sa\u00e7an, \u00d6zese&#8217;nin, &#8220;\u015eevki Duyu&#8217;ya neden Arif Do\u011fan&#8217;la g\u00f6r\u00fc\u015fme dediniz?&#8221; sorusuna da, &#8220;Arif Do\u011fan&#8217;\u0131n Jitemci oldu\u011funu gazetelerden biliyordum. Susurluk s\u00fcrecinden de biliyordum. Uzak durun demi\u015ftim&#8221; kar\u015f\u0131l\u0131\u011f\u0131n\u0131 verdi. Tutuklu san\u0131k Ba\u015fkent \u00dcniversitesi Rekt\u00f6r\u00fc Mehmet Haberal&#8217;\u0131 tan\u0131y\u0131p tan\u0131mad\u0131\u011f\u0131n\u0131n sorulmas\u0131 \u00fczerine Sa\u00e7an, Haberal&#8217;\u0131 tan\u0131mad\u0131\u011f\u0131n\u0131 ve hi\u00e7 g\u00f6rmedi\u011fini ifade etti. &#8220;Eski \u00d6zel Harekat Dairesi Ba\u015fkanvekili \u0130brahim \u015eahin&#8217;i tan\u0131yor musunuz?&#8221; sorusuna da Sa\u00e7an, tan\u0131mad\u0131\u011f\u0131n\u0131 ve burada tan\u0131\u015ft\u0131\u011f\u0131n\u0131 s\u00f6yledi.<\/p>\n<p style=\"text-align: justify;\">&#8220;Kar\u015f\u0131 devrim&#8221; sorusu<\/p>\n<p style=\"text-align: justify;\">Sa\u00e7an, \u00d6zese&#8217;nin, &#8220;Kar\u015f\u0131 devrim yapacak kimler, nas\u0131l m\u00fccadele edilir?&#8221; sorusunu &#8220;T\u00fcrkiye&#8217;de laiklik problemi olan bir parti var. Bunu Anayasa Mahkemesi de saptad\u0131. Laiklikle problemi olmak demek kar\u015f\u0131 devrimdir&#8221; diye yan\u0131tlad\u0131.<\/p>\n<p style=\"text-align: justify;\">Daha sonra \u00fcye hakim Sedat Sami Ha\u015f\u0131lo\u011flu&#8217;nun, &#8220;Organize \u015eube M\u00fcd\u00fcrl\u00fc\u011f\u00fc ne zaman kuruldu? \u00c7al\u0131\u015fma ve tahkikat \u015fekli nedir?&#8221; \u015feklindeki sorusu \u00fczerine Adil Serdar Sa\u00e7an, 29 A\u011fustos 1998&#8217;de kuruldu\u011funu belirterek, &#8220;Mafyayla m\u00fccadele etmek i\u00e7in mafyay\u0131 bilmek gerekiyor. T\u00fcrk kamuoyu s\u00fcrekli ter\u00f6rle m\u00fccadele etti\u011fi i\u00e7in, ter\u00f6r\u00fc tan\u0131yor, ama mafyayla m\u00fccadeleyi bilmiyor. Kuzey Irak&#8217;ta fiili K\u00fcrt devleti kurulduktan sonra T\u00fcrkiye&#8217;de uyu\u015fturucu yakalama oran\u0131 d\u00fc\u015ft\u00fc. \u00c7\u00fcnk\u00fc rota de\u011fi\u015fti. D\u00fcnyada uyu\u015fturucunun tespit edilmi\u015f d\u00f6n\u00fc\u015f\u00fcm\u00fc 1 trilyon dolard\u0131r. Buna izin veren de gizli \u00f6rg\u00fctlerdir. \u00c7\u00fcnk\u00fc gizli operasyonlar yapmak i\u00e7in kara paraya ihtiya\u00e7 vard\u0131r. Biz \u015fubede, mafyan\u0131n s\u0131zmamas\u0131 i\u00e7in tedbirler alm\u0131\u015ft\u0131k&#8221; dedi.<\/p>\n<p style=\"text-align: justify;\">&#8220;Polisin en \u00e7ok para yedi\u011fi \u015fey adam teslimidir&#8221; diyen Sa\u00e7an, &#8220;Onun i\u00e7in ben, bizzat kendiniz yakalay\u0131n, teslim almay\u0131n demi\u015ftim. \u015eubenin i\u00e7inde silahla ve telefonla dola\u015fmak yasakt\u0131, ben de dahil. \u015eubenin her taraf\u0131nda kamera vard\u0131. \u0130\u015fkenceyi \u00f6nlemek i\u00e7in 24 saatte bir rapor alma uygulamas\u0131 benim d\u00f6nemimde ba\u015flad\u0131. Buna ra\u011fmen i\u015fkenceci ilan edildim. Kadromu, te\u015fkilatta d\u00fcr\u00fcstl\u00fc\u011f\u00fc ile \u00f6ne \u00e7\u0131km\u0131\u015f \u00e7ocuklardan kurdum. 110 ki\u015fiyle \u0130stanbul&#8217;un mafyas\u0131yla u\u011fra\u015f\u0131yorum. Koymu\u015f oldu\u011fum tedbirler ba\u015far\u0131l\u0131 da olmu\u015ftur. 461 tane operasyon ger\u00e7ekle\u015ftirdik. Bo\u015f \u00e7\u0131kan bir tek operasyon vard\u0131r. \u0130stanbul ile ba\u011flant\u0131l\u0131 56 ilde operasyon yapt\u0131k. Bizim tekni\u011fimiz \u00e7ok zay\u0131ft\u0131. \u0130stanbul&#8217;da en az 100 tane mafya lideri vard\u0131. Onun i\u00e7in istihbaratta dinleme konusunda destek al\u0131yorduk. Her yakalad\u0131\u011f\u0131m\u0131z ki\u015fiyi kameraya \u00e7ekiyorduk&#8221; dedi.<\/p>\n<p style=\"text-align: justify;\">Sa\u00e7an, Peker ve K\u00fc\u00e7\u00fck aras\u0131ndaki ili\u015fkiyi bulmak i\u00e7in yap\u0131lan proje \u00e7al\u0131\u015fmas\u0131 ile ilgili bir ba\u015fka soruya da &#8220;Biz Ergenekon&#8217;la ilgili de\u011fil, Veli K\u00fc\u00e7\u00fck&#8217;le ilgili izin ald\u0131k diyerek, &#8220;Biz ter\u00f6r \u00f6rg\u00fct\u00fc ile ilgili de\u011fil, Veli K\u00fc\u00e7\u00fck ve grubu ile ilgili izin al\u0131yoruz. \u00c7\u00fcnk\u00fc organize su\u00e7larla ilgili \u015fubeyiz. T\u00fcrkiye Cumhuriyeti tarihinde en kapsaml\u0131 proje \u00e7al\u0131\u015fmas\u0131 yap\u0131lm\u0131\u015ft\u0131r. Onda da bir \u015fey bulamad\u0131k. Tuncay G\u00fcney anlat\u0131yor, &#8216;Veli K\u00fc\u00e7\u00fck, silah, uyu\u015fturucu, akaryak\u0131t ka\u00e7ak\u00e7\u0131l\u0131\u011f\u0131 yap\u0131yor&#8221; diyor. &#8216;Kimlerle yap\u0131yor?&#8217; diye sordu\u011fumuzda cevap yok. Siz Veli K\u00fc\u00e7\u00fck&#8217;\u00fc yakalad\u0131n\u0131z, uyu\u015fturucu buldunuz mu? Sedat Peker&#8217;le ne t\u00fcr bir ili\u015fki buldunuz? Tuncay G\u00fcney&#8217;in organize su\u00e7 \u00f6rg\u00fctleriyle ilgili s\u00f6yledi\u011fi \u015feyler yeni de\u011fildi. Zaten bizim yapt\u0131\u011f\u0131m\u0131z \u00e7al\u0131\u015fmalar&#8221; dedi.<\/p>\n<p style=\"text-align: justify;\">Hakim Ha\u015f\u0131lo\u011flu&#8217;nun, &#8220;Tuncay G\u00fcney&#8217;in pasaportunu Savc\u0131l\u0131\u011fa teslim ettiniz mi?&#8221; sorusuna da Sa\u00e7an, &#8220;Evet, 12 Mart 2001&#8217;de Fatih Savc\u0131l\u0131\u011f\u0131na teslim etti\u011fimize dair evrak var&#8221; yan\u0131t\u0131n\u0131 verdi.<\/p>\n<p style=\"text-align: justify;\">&#8220;Ye\u015fil&#8217;in faili me\u00e7hul cinayetlere kar\u0131\u015f\u0131yor&#8221;<\/p>\n<p style=\"text-align: justify;\">Sa\u00e7an, Ha\u015f\u0131lo\u011flu&#8217;nun Susurluk olay\u0131 ile ilgili ne bildi\u011fini sormas\u0131 \u00fczerine \u015funlar\u0131 kaydetti: &#8220;Susurluk s\u00fcrecinde \u0130brahim A\u011fabey de var. \u0130brahim \u015eahin mahkum oldu. Polis, politikac\u0131, mafya ili\u015fkileri a\u00e7\u0131\u011fa \u00e7\u0131kt\u0131 ama M\u0130T ve askeri kesimin, jandarman\u0131n su\u00e7 i\u015fleyen k\u0131sm\u0131 hi\u00e7 g\u00f6r\u00fclmedi. Ye\u015fil kimin adam\u0131yd\u0131? Ben bunlar\u0131n \u00fczerine gitti\u011fim i\u00e7in buraday\u0131m. Ye\u015fil denilen adam\u0131n faili me\u00e7hul cinayetlere ad\u0131 kar\u0131\u015f\u0131yor.<\/p>\n<p style=\"text-align: justify;\">Kar\u0131\u015f\u0131yor de\u011fil, kesin cinayetleri var. Ye\u015fil&#8217;i bulabilseydim, bence \u00e7ok iyi operasyonlar yapacakt\u0131m. Bu \u00f6rg\u00fct ile benim o zaman arad\u0131\u011f\u0131m \u00f6rg\u00fct ayn\u0131 de\u011fil. Bu \u00f6rg\u00fct politik olarak suland\u0131r\u0131lm\u0131\u015f. &#8220;<\/p>\n<p style=\"text-align: justify;\">Adil Serdar Sa\u00e7an, &#8220;Susurluk mudur?&#8221; \u015feklindeki soruya da &#8220;Hay\u0131r. Susurluk&#8217;un ortaya \u00e7\u0131kmayan askeri kanad\u0131. M\u0130T, jandarma ve askerin \u00e7eteye bula\u015fm\u0131\u015f halidir&#8221; dedi. &#8220;Bu kanaate nas\u0131l vard\u0131n\u0131z?&#8221; sorusuna da Sa\u00e7an, &#8220;Ye\u015fil&#8217;in ad\u0131 G\u00fcneydo\u011fu Anadolu&#8217;da bir\u00e7ok faili me\u00e7hule kar\u0131\u015fm\u0131\u015f. Devlet deste\u011fi olmadan bunu yapaca\u011f\u0131na inan\u0131yor musun? Ye\u015fil&#8217;i kimlerin kulland\u0131\u011f\u0131 hala a\u00e7\u0131\u011fa \u00e7\u0131kmad\u0131&#8221; diye konu\u015ftu.<\/p>\n<p style=\"text-align: justify;\">Sa\u00e7an&#8217;dan J\u0130TEM \u00e7\u0131k\u0131\u015f\u0131<\/p>\n<p style=\"text-align: justify;\">Sa\u00e7an, \u00fcye hakim Hasan H\u00fcseyin \u00d6zese&#8217;nin &#8220;J\u0130TEM ile ilgili bilginiz var m\u0131?&#8221; sorusu \u00fczerine \u015funlar\u0131 kaydetti: &#8220;Jandarma \u0130stihabarat Ter\u00f6rle M\u00fccadele daha sonra J\u0130T ad\u0131n\u0131 ald\u0131. G\u00fcneydo\u011fu Anadolu&#8217;da g\u00f6rev yap\u0131p da J\u0130TEM, J\u0130T ad\u0131n\u0131 duymayan yoktur. Mu\u015f&#8217;ta, ter\u00f6r operasyonlar\u0131nda bizimle birlikte kahramanca \u00e7at\u0131\u015fan \u00e7ocuklard\u0131r. Mu\u015f&#8217;ta 4-5 ki\u015fi sivil gruptu. Cesur arkada\u015flard\u0131. Konular\u0131na, PKK&#8217;ya hakimdiler.<\/p>\n<p style=\"text-align: justify;\">Birlikte operasyonlara gittik ama kurumlarda zaman i\u00e7inde dejenerasyona u\u011frayan, ba\u015fka yollara sapanlar\u0131n temizlenmesi gerekir. Jandarma da kendi i\u00e7inde zaman zaman bu temizli\u011fi yapt\u0131 ama daha da yapmas\u0131 gerekir.&#8221;<\/p>\n<p style=\"text-align: justify;\">G\u00f6rd\u00fc\u011f\u00fc her yasa d\u0131\u015f\u0131 i\u015fe m\u00fcdahale etti\u011fini ifade eden Sa\u00e7an, 2001&#8217;de Genelkurmay \u0130stihbarat Ba\u015fkanl\u0131\u011f\u0131nda \u00e7al\u0131\u015fan bir muvazzaf binba\u015f\u0131y\u0131 g\u00f6zalt\u0131na ald\u0131\u011f\u0131n\u0131, binba\u015f\u0131n\u0131n tutukland\u0131\u011f\u0131n\u0131 ifade ederek, &#8220;Asker o zaman &#8216;girmeyin&#8217; demedi&#8221; \u015feklinde konu\u015ftu.<\/p>\n<p style=\"text-align: justify;\">Sa\u00e7an&#8217;\u0131n J\u0130TEM ile ilgili s\u00f6zleri \u00fczerine Ba\u015fkan K\u00f6ksal \u015eeng\u00fcn, &#8220;Bilgiye mi dayan\u0131yorsun, yoksa duyum mu? Tuncay G\u00fcney&#8217;in anlat\u0131mlar\u0131 gibi dayana\u011f\u0131 olamayan duyumlar m\u0131?&#8221; diye sordu. Sa\u00e7an, &#8220;Duyum de\u011fil, bilgim var. Mafyala\u015fan itiraf\u00e7\u0131lara \u00e7ok operasyon yapt\u0131m&#8221; diye konu\u015ftu.<\/p>\n<p style=\"text-align: justify;\"><span style=\"color: #888888;\">CNN T\u00dcRK<\/span><\/p>\n","protected":false},"excerpt":{"rendered":"<p style=\"text-align: justify;\">\n<p style=\"text-align: justify;\">\u0130kinci &#8220;Ergenekon&#8221; davas\u0131n\u0131n tutuklu san\u0131klar\u0131ndan \u0130stanbul Organize Su\u00e7larla M\u00fccadele \u015eubesi eski M\u00fcd\u00fcr\u00fc Adil Serdar Sa\u00e7an tahliye edildi. Sa\u00e7an, \u00e7apraz sorgusu s\u0131ras\u0131nda J\u0130TEM ile ilgili a\u00e7\u0131klamalarda da bulundu.<\/p>\n<p style=\"text-align: justify;\">\u0130kinci Ergenekon davas\u0131nda 31. duru\u015fma tamamland\u0131. <\/p>\n","protected":false},"author":1,"featured_media":0,"comment_status":"open","ping_status":"closed","sticky":false,"template":"","format":"standard","meta":{"footnotes":""},"categories":[105],"tags":[],"class_list":["post-18085","post","type-post","status-publish","format-standard","hentry","category-gundem","odd"],"_links":{"self":[{"href":"http:\/\/www.korhanyilmaz.com\/index.php?rest_route=\/wp\/v2\/posts\/18085","targetHints":{"allow":["GET"]}}],"collection":[{"href":"http:\/\/www.korhanyilmaz.com\/index.php?rest_route=\/wp\/v2\/posts"}],"about":[{"href":"http:\/\/www.korhanyilmaz.com\/index.php?rest_route=\/wp\/v2\/types\/post"}],"author":[{"embeddable":true,"href":"http:\/\/www.korhanyilmaz.com\/index.php?rest_route=\/wp\/v2\/users\/1"}],"replies":[{"embeddable":true,"href":"http:\/\/www.korhanyilmaz.com\/index.php?rest_route=%2Fwp%2Fv2%2Fcomments&post=18085"}],"version-history":[{"count":0,"href":"http:\/\/www.korhanyilmaz.com\/index.php?rest_route=\/wp\/v2\/posts\/18085\/revisions"}],"wp:attachment":[{"href":"http:\/\/www.korhanyilmaz.com\/index.php?rest_route=%2Fwp%2Fv2%2Fmedia&parent=18085"}],"wp:term":[{"taxonomy":"category","embeddable":true,"href":"http:\/\/www.korhanyilmaz.com\/index.php?rest_route=%2Fwp%2Fv2%2Fcategories&post=18085"},{"taxonomy":"post_tag","embeddable":true,"href":"http:\/\/www.korhanyilmaz.com\/index.php?rest_route=%2Fwp%2Fv2%2Ftags&post=18085"}],"curies":[{"name":"wp","href":"https:\/\/api.w.org\/{rel}","templated":true}]}}