{"id":18081,"date":"2010-01-14T08:11:07","date_gmt":"2010-01-14T06:11:07","guid":{"rendered":"http:\/\/www.korhanyilmaz.com\/?p=18081"},"modified":"2011-11-21T16:19:58","modified_gmt":"2011-11-21T14:19:58","slug":"yarsav-sincandaki-aramalar-yargi-camiasina-gozdagi","status":"publish","type":"post","link":"http:\/\/www.korhanyilmaz.com\/?p=18081","title":{"rendered":"YARSAV: Sincan&#8217;daki aramalar yarg\u0131 camias\u0131na g\u00f6zda\u011f\u0131"},"content":{"rendered":"<p><a href=\"http:\/\/www.korhanyilmaz.com\/wp-content\/uploads\/2010\/01\/yarsav.jpeg\"  class=\"lightview\"><img loading=\"lazy\" decoding=\"async\" class=\"aligncenter size-full wp-image-18082\" src=\"http:\/\/www.korhanyilmaz.com\/wp-content\/uploads\/2010\/01\/yarsav.jpeg\" alt=\"\" width=\"322\" height=\"97\" \/><\/a><\/p>\n<p style=\"text-align: justify;\">YARSAV Ba\u015fkan\u0131 Tarhan, Adalet Bakanl\u0131\u011f\u0131 m\u00fcfetti\u015flerinin Sincan Adliyesi&#8217;ndeki aramalar\u0131n\u0131 &#8220;rutin&#8221; bir i\u015flem olarak de\u011ferlendiren Adalet Bakan\u0131 Sadullah Ergin&#8217;e sert ele\u015ftiride bulundu ve aramalar\u0131 &#8220;b\u00fct\u00fcn yarg\u0131 camias\u0131na g\u00f6zda\u011f\u0131 vermek&#8221; olarak yorumlad\u0131.<\/p>\n<p style=\"text-align: justify;\">Yarg\u0131\u00e7lar ve Savc\u0131lar Birli\u011fi (YARSAV) Ba\u015fkan\u0131 Emine \u00dclker Tarhan, Adalet Bakanl\u0131\u011f\u0131 m\u00fcfetti\u015flerinin Sincan Adliyesi\u2019ndeki aramalar\u0131n\u0131 &#8220;rutin&#8221; bir i\u015flem olarak de\u011ferlendiren Adalet Bakan\u0131 Sadullah Ergin\u2019e sert ele\u015ftiride bulundu. <!--more-->M\u00fcfetti\u015flerinin Sincan Adliyesi\u2019ndeki aramalar\u0131n\u0131n nedenini &#8220;b\u00fct\u00fcn yarg\u0131 camias\u0131na g\u00f6zda\u011f\u0131 vermek&#8221; olarak yorumlayan Tarhan, haklar\u0131nda dinlenme kararlar\u0131 verildi\u011fi ku\u015fkusu bulunan yarg\u0131\u00e7 ve cumhuriyet savc\u0131lar\u0131na da &#8220;haklar\u0131n\u0131 arama&#8221; \u00e7a\u011fr\u0131s\u0131n\u0131 tekrarlad\u0131.<\/p>\n<p style=\"text-align: justify;\">YARSAV Ba\u015fkan\u0131 Emine \u00dclker Tarhan ve y\u00f6netim kurulu \u00fcyeleri YARSAV Genel Merkezi\u2019nde bir bas\u0131n toplant\u0131s\u0131 d\u00fczenledi. Tarhan, yarg\u0131\u00e7 ve cumhuriyet savc\u0131lar\u0131 \u00fczerinde y\u00fcr\u00fctme organ\u0131 taraf\u0131ndan &#8220;ba\u011f\u0131ml\u0131 yarg\u0131&#8221; yaratmak amac\u0131yla, &#8220;sistemli \u00e7abalar&#8221; s\u00fcrd\u00fcr\u00fcld\u00fc\u011f\u00fcn\u00fc ileri s\u00fcrd\u00fc. Bu durumun anayasal yarg\u0131 ba\u011f\u0131ms\u0131zl\u0131\u011f\u0131, yarg\u0131\u00e7 g\u00fcvencesi ve T\u00fcrkiye Cumhuriyeti Devleti\u2019nin temel niteli\u011fi olan hukuk devleti ilkesini de a\u015f\u0131nd\u0131rd\u0131\u011f\u0131n\u0131n alt\u0131n\u0131 \u00e7izen Tarhan, &#8220;Bu \u00e7abalar devam etti\u011fi takdirde hukuk devleti ilkesinin anlam\u0131n\u0131 yitirmesi gibi vahim bir sonu\u00e7 do\u011fabilecektir. Bunun s\u00fcrd\u00fcr\u00fclmesi halinde \u00fclkemizde hi\u00e7 kimsenin kendini hukuksal a\u00e7\u0131dan g\u00fcvende hissetmesi m\u00fcmk\u00fcn de\u011fildir&#8221; dedi.<\/p>\n<p style=\"text-align: justify;\">Bu kapsamda, &#8220;YARSAV Y\u00f6netim Kurulu olarak Telekom\u00fcnikasyon ileti\u015fim Ba\u015fkanl\u0131\u011f\u0131nda yap\u0131lan hukuka ayk\u0131r\u0131 \u0130leti\u015fim tespitleri ile bunu ger\u00e7ekle\u015ftiren kamu g\u00f6revlileri hakk\u0131nda ceza soru\u015fturmas\u0131 a\u00e7\u0131lmas\u0131 amac\u0131yla Ankara Cumhuriyet Ba\u015fsavc\u0131l\u0131\u011f\u0131\u2019na su\u00e7 duyurusunda bulunduklar\u0131n\u0131&#8221; ve soru\u015fturmay\u0131 yapan Cumhuriyet Savc\u0131s\u0131 Vahdet Polatkan hakk\u0131nda Adalet Bakanl\u0131\u011f\u0131\u2019nca da soru\u015fturma a\u00e7\u0131ld\u0131\u011f\u0131n\u0131 an\u0131msatt\u0131.<\/p>\n<p style=\"text-align: justify;\"><strong><em>Sincan Adliyesi&#8217;ndeki Aramalarla Yarg\u0131 Camias\u0131na G\u00f6zda\u011f\u0131 Veriliyor.<\/em><\/strong><\/p>\n<p style=\"text-align: justify;\">Tarhan, Adalet Bakanl\u0131\u011f\u0131 m\u00fcfetti\u015flerinin Sincan Adliyesi\u2019ndeki aramalar\u0131n\u0131 &#8220;rutin&#8221; bir i\u015flem olarak de\u011ferlendiren Adalet Bakan\u0131 Sadullah Ergin\u2019e &#8220;YARSAV kurucu ba\u015fkan\u0131 hakk\u0131ndaki dosyaya \u00fcstelik T\u0130B ba\u015fvurusu sonucunda alelacele m\u00fcfetti\u015f g\u00f6nderilmesi, nas\u0131l \u2018rutin\u2019 bir uygulamad\u0131r? YARSAV kurucu ba\u015fkan\u0131 hakk\u0131ndaki dosya ile T\u0130B aras\u0131nda ne gibi bir ilgi ve ba\u011flant\u0131 vard\u0131r? Bu uygulamalar, \u00f6zelde Sincan 1. A\u011f\u0131r Ceza Mahkemesi Ba\u015fkan\u0131 ile YARSAV kurucu ba\u015fkan\u0131n\u0131, genelde ise t\u00fcm yarg\u0131\u00e7 ve savc\u0131lar\u0131 hedef alan bir bask\u0131(n) m\u0131d\u0131r?&#8221; ele\u015ftirisinde bulundu.<\/p>\n<p style=\"text-align: justify;\">M\u00fcfetti\u015flerinin Sincan Adliyesi\u2019ndeki aramalar\u0131n\u0131n nedenini &#8220;b\u00fct\u00fcn yarg\u0131 camias\u0131na g\u00f6zda\u011f\u0131 vermek&#8221; olarak yorumlayan Tarhan, &#8221; Bu uygulamayla, \u00f6rne\u011fine rastlanmayan \u2018adliye bask\u0131nlar\u0131\u2019 yolu ile yarg\u0131\u00e7lar \u00fczerinden yarg\u0131ya bask\u0131n\u0131n yeni bir versiyonu ortaya konulmu\u015ftur&#8221; \u015feklinde konu\u015ftu.<\/p>\n<p style=\"text-align: justify;\"><strong><em>&#8220;Adalet Bakanl\u0131\u011f\u0131 Tefti\u015f Kurulu , Siyasi \u0130radenin Beklentilerine Mahkum Olmu\u015ftur.&#8221;<\/em><\/strong><\/p>\n<p style=\"text-align: justify;\">Tarhan a\u00e7\u0131klamas\u0131n\u0131n sonunda Adalet Bakan\u0131 Ergin\u2019e ise \u015fu sorular\u0131 y\u00f6neltti:<\/p>\n<p style=\"text-align: justify;\">&#8220;Sincan 1. A\u011f\u0131r Ceza Mahkemesi Ba\u015fkan\u0131 ve YARSAV kurucu ba\u015fkan\u0131 hakk\u0131ndaki disiplin soru\u015fturmas\u0131na ili\u015fkin dosyalar\u0131n 30 Kas\u0131m 2009 tarihinde Y\u00fcksek Kurula sevkine karar verilmesine kar\u015f\u0131n, bug\u00fcne kadar fiilen g\u00f6nderilmemesinin nedeni nedir? Hedefe konulan HSYK yerine, g\u00fc\u00e7ler ayr\u0131l\u0131\u011f\u0131 ilkesine ayk\u0131r\u0131 bi\u00e7imde anayasa de\u011fi\u015fikli\u011fi ile olu\u015fturulmas\u0131 hedeflenen yeni bir kurulun ortaya \u00e7\u0131kmas\u0131 beklenmekte, yeni kurul i\u00e7in yeni dosyalar m\u0131 yarat\u0131lmaktad\u0131r?<\/p>\n<p style=\"text-align: justify;\">Adalet Bakanl\u0131\u011f\u0131 Tefti\u015f Kurulu, hukuka de\u011fil, siyasi iradenin beklentileriyle \u00f6rt\u00fc\u015fen tutumu nedeniyle \u2018mahkum\u2019 olmu\u015ftur. Dan\u0131\u015ftay karar\u0131 ile \u2018soru\u015fturulacak bir tefti\u015f kurulu\u2019 niteli\u011fine b\u00fcr\u00fcnm\u00fc\u015ft\u00fcr. T\u00fcrkiye tarihinde ilk kez Adalet Bakanl\u0131\u011f\u0131 Tefti\u015f Kurulu Ba\u015fkanl\u0131\u011f\u0131 soru\u015fturma alt\u0131ndad\u0131r. Bu da yarg\u0131n\u0131n, Tefti\u015f Kurulu\u2019nun dinleme kararlar\u0131 ile nas\u0131l amans\u0131zca bask\u0131 alt\u0131na al\u0131nmaya \u00e7al\u0131\u015f\u0131ld\u0131\u011f\u0131n\u0131 a\u00e7\u0131k\u00e7a ortaya koymaktad\u0131r.<\/p>\n<p style=\"text-align: justify;\">Telekulakla m\u00fccadele konusundaki har ad\u0131m\u0131 izleyen, g\u00f6zalt\u0131na alan, bu konuda i\u015flem yapan her yarg\u0131c\u0131 ve savc\u0131y\u0131 soru\u015fturmaya muhatap k\u0131lan Adalet Bakanl\u0131\u011f\u0131n\u0131n, haklar\u0131nda Y\u00fcce Dan\u0131\u015ftay taraf\u0131ndan soru\u015fturma izni verilen Tefti\u015f Kurulu Ba\u015fkan\u0131 ile hukuk d\u0131\u015f\u0131 dinleme talep etmek suretiyle su\u00e7 i\u015fleyen tefti\u015f kurulu soru\u015fturmac\u0131 m\u00fcfetti\u015fleri hakk\u0131nda da \u2018sadece hukukun gerektirdi\u011fi\u2019 rutin bir uygulama ba\u015flatmas\u0131n\u0131 istiyoruz. Bu ba\u011flamda Say\u0131n Adalet Bakan\u0131, amiri oldu\u011fu Tefti\u015f Kurulu Ba\u015fkan\u0131 ile soru\u015fturmac\u0131 m\u00fcfetti\u015flerini g\u00f6revlerinden almal\u0131d\u0131r. Bu yap\u0131lmad\u0131\u011f\u0131 yahut yap\u0131lamad\u0131\u011f\u0131 takdirde, bu durum, s\u00f6z konusu ki\u015filerin eylemlerinden kaynaklanan sorumlulu\u011fa ortak olmak anlam\u0131na gelecektir Say\u0131n Bakan\u0131 anayasal, demokratik ve tarihsel sorumlulu\u011fu ile y\u00fczle\u015fmeye \u00e7a\u011f\u0131r\u0131yoruz.&#8221;<\/p>\n<p style=\"text-align: justify;\"><strong><em>Yarg\u0131\u00e7 ve Savc\u0131lara Hak Arama \u00c7a\u011fr\u0131s\u0131<\/em><\/strong><\/p>\n<p style=\"text-align: justify;\">\u00d6te yandan Tarhan, daha \u00f6nce yapm\u0131\u015f olduklar\u0131 haklar\u0131nda dinlenme kararlar\u0131 verildi\u011fi ku\u015fkusu bulunan yarg\u0131\u00e7 ve cumhuriyet savc\u0131lar\u0131na &#8220;haklar\u0131n\u0131 arama&#8221; \u00e7a\u011fr\u0131s\u0131n\u0131 da tekrarlad\u0131 ve<\/p>\n<p style=\"text-align: justify;\">&#8220;Hukuk d\u0131\u015f\u0131 dinlendi\u011fi ku\u015fkusunu ve\/veya bilgisini ta\u015f\u0131yan t\u00fcm meslekta\u015flar\u0131m\u0131z\u0131, a\u00e7\u0131lan soru\u015fturma nedeniyle Yarg\u0131tay Birinci Ba\u015fkanl\u0131k Kurulu\u2019na ba\u015fvurarak haklar\u0131n\u0131 aramaya davet ediyoruz&#8221; dedi.<\/p>\n<p style=\"text-align: justify;\"><span style=\"color: #888888;\">Radikal<\/span><\/p>\n","protected":false},"excerpt":{"rendered":"<\/p>\n<p style=\"text-align: justify;\">YARSAV Ba\u015fkan\u0131 Tarhan, Adalet Bakanl\u0131\u011f\u0131 m\u00fcfetti\u015flerinin Sincan Adliyesi&#8217;ndeki aramalar\u0131n\u0131 &#8220;rutin&#8221; bir i\u015flem olarak de\u011ferlendiren Adalet Bakan\u0131 Sadullah Ergin&#8217;e sert ele\u015ftiride bulundu ve aramalar\u0131 &#8220;b\u00fct\u00fcn yarg\u0131 camias\u0131na g\u00f6zda\u011f\u0131 vermek&#8221; olarak yorumlad\u0131.<\/p>\n<p style=\"text-align: justify;\">Yarg\u0131\u00e7lar ve Savc\u0131lar Birli\u011fi (YARSAV) Ba\u015fkan\u0131 Emine \u00dclker Tarhan, Adalet Bakanl\u0131\u011f\u0131 m\u00fcfetti\u015flerinin Sincan Adliyesi\u2019ndeki aramalar\u0131n\u0131 &#8220;rutin&#8221; bir i\u015flem olarak de\u011ferlendiren <\/p>\n","protected":false},"author":1,"featured_media":0,"comment_status":"open","ping_status":"closed","sticky":false,"template":"","format":"standard","meta":{"footnotes":""},"categories":[105],"tags":[],"class_list":["post-18081","post","type-post","status-publish","format-standard","hentry","category-gundem","odd"],"_links":{"self":[{"href":"http:\/\/www.korhanyilmaz.com\/index.php?rest_route=\/wp\/v2\/posts\/18081","targetHints":{"allow":["GET"]}}],"collection":[{"href":"http:\/\/www.korhanyilmaz.com\/index.php?rest_route=\/wp\/v2\/posts"}],"about":[{"href":"http:\/\/www.korhanyilmaz.com\/index.php?rest_route=\/wp\/v2\/types\/post"}],"author":[{"embeddable":true,"href":"http:\/\/www.korhanyilmaz.com\/index.php?rest_route=\/wp\/v2\/users\/1"}],"replies":[{"embeddable":true,"href":"http:\/\/www.korhanyilmaz.com\/index.php?rest_route=%2Fwp%2Fv2%2Fcomments&post=18081"}],"version-history":[{"count":0,"href":"http:\/\/www.korhanyilmaz.com\/index.php?rest_route=\/wp\/v2\/posts\/18081\/revisions"}],"wp:attachment":[{"href":"http:\/\/www.korhanyilmaz.com\/index.php?rest_route=%2Fwp%2Fv2%2Fmedia&parent=18081"}],"wp:term":[{"taxonomy":"category","embeddable":true,"href":"http:\/\/www.korhanyilmaz.com\/index.php?rest_route=%2Fwp%2Fv2%2Fcategories&post=18081"},{"taxonomy":"post_tag","embeddable":true,"href":"http:\/\/www.korhanyilmaz.com\/index.php?rest_route=%2Fwp%2Fv2%2Ftags&post=18081"}],"curies":[{"name":"wp","href":"https:\/\/api.w.org\/{rel}","templated":true}]}}