{"id":18076,"date":"2010-01-14T09:55:16","date_gmt":"2010-01-14T07:55:16","guid":{"rendered":"http:\/\/www.korhanyilmaz.com\/?p=18076"},"modified":"2011-11-21T16:18:56","modified_gmt":"2011-11-21T14:18:56","slug":"baykal-turkiye-askeri-vesayetten-kurtuluyoruz-soylemiyle-sivil-diktaya-gidiyor","status":"publish","type":"post","link":"http:\/\/www.korhanyilmaz.com\/?p=18076","title":{"rendered":"Baykal: T\u00fcrkiye &#8216;askeri vesayetten kurtuluyoruz&#8217; s\u00f6ylemiyle sivil diktaya gidiyor"},"content":{"rendered":"<p style=\"text-align: center;\"><a href=\"http:\/\/www.korhanyilmaz.com\/wp-content\/uploads\/2010\/01\/BAYKAL1.jpg\"  class=\"lightview\"><img loading=\"lazy\" decoding=\"async\" class=\"aligncenter size-full wp-image-18077\" src=\"http:\/\/www.korhanyilmaz.com\/wp-content\/uploads\/2010\/01\/BAYKAL1.jpg\" alt=\"\" width=\"263\" height=\"194\" \/><\/a><\/p>\n<p style=\"text-align: justify;\">CHP Genel Ba\u015fkan\u0131 Deniz Baykal, T\u00fcrkiye&#8217;nin &#8220;Askeri vesayetten kurtuluyoruz&#8221; s\u00f6ylemiyle sivil diktaya gitti\u011fini, &#8220;milli irade, sand\u0131ktan \u00e7\u0131kan irade&#8221; iddialar\u0131 kullan\u0131larak kuvvetler ayr\u0131l\u0131\u011f\u0131n\u0131n ortadan kald\u0131r\u0131ld\u0131\u011f\u0131n\u0131 s\u00f6yledi.<\/p>\n<p style=\"text-align: justify;\">CHP Genel Ba\u015fkan\u0131 Deniz Baykal, T\u00fcrkiye\u2019nin &#8220;Askeri vesayetten kurtuluyoruz&#8221; s\u00f6ylemiyle sivil diktaya gitti\u011fini, &#8220;milli irade, sand\u0131ktan \u00e7\u0131kan irade&#8221; iddialar\u0131 kullan\u0131larak kuvvetler ayr\u0131l\u0131\u011f\u0131n\u0131n ortadan kald\u0131r\u0131ld\u0131\u011f\u0131n\u0131 s\u00f6yledi.<!--more--><\/p>\n<p style=\"text-align: justify;\">CHP Merkez Y\u00f6netim Kurulu, (MYK) Genel Ba\u015fkan Baykal ba\u015fkanl\u0131\u011f\u0131nda topland\u0131. Baykal, MYK toplant\u0131s\u0131nda g\u00fcndeme ili\u015fkin de\u011ferlendirmelerde bulundu. Al\u0131nan bilgiye g\u00f6re Baykal, Meclis\u2019te g\u00f6r\u00fc\u015f\u00fclen olan Tam G\u00fcn Yasas\u0131 hakk\u0131nda T\u00fcrk Tabipler Birli\u011fi\u2019nin (TTB) bir a\u00e7\u0131klama yapt\u0131\u011f\u0131n\u0131 an\u0131msatarak, TTB\u2019nin g\u00f6r\u00fc\u015flerinin dikkate al\u0131nmas\u0131 gerekti\u011fini kaydetti. CHP Grup Ba\u015fkanvekillerinin de TTB ile temas edecekleri \u00f6\u011frenildi. Tam G\u00fcn Yasas\u0131\u2019n\u0131n sadece doktorlar\u0131 de\u011fil, \u00fcniversitelerin di\u011fer b\u00f6l\u00fcmlerindeki profes\u00f6rleri de etkileyece\u011fine dikkat \u00e7eken Baykal, \u00f6rne\u011fin Hukuk fak\u00fcltesindeki bir profes\u00f6r\u00fcn bundan sonra avukatl\u0131k yapamayaca\u011f\u0131n\u0131 ifade etti. Doktorlar\u0131n Tam G\u00fcn Yasas\u0131 kapsam\u0131nda \u00e7al\u0131\u015fmalar\u0131 durumunda d\u00f6ner sermayeden bir pay alacaklar\u0131n\u0131, ancak di\u011fer b\u00f6l\u00fcm profes\u00f6rlerinin b\u00f6yle bir pay alamayaca\u011f\u0131n\u0131 belirten Baykal, profes\u00f6rlerin vak\u0131f \u00fcniversitesine ge\u00e7mesi durumunda \u00fcniversite d\u0131\u015f\u0131ndaki i\u015flerine devam edebilece\u011fine i\u015faret ederek, &#8220;Bu, devlet \u00fcniversitelerini bo\u015falt\u0131p b\u00fct\u00fcn\u00fcyle \u00e7al\u0131\u015fan hocalar\u0131 vak\u0131f \u00fcniversitelerine y\u00f6nelten bir anlay\u0131\u015fla haz\u0131rlanm\u0131\u015f bir yasa&#8221; dedi.<\/p>\n<p style=\"text-align: justify;\"><strong><em>&#8220;T\u00fcrkiye Sivil Diktaya Gidiyor&#8221;<\/em><\/strong><\/p>\n<p style=\"text-align: justify;\">Toplant\u0131da T\u00fcrkiye\u2019nin sivil diktaya gitti\u011fi tart\u0131\u015fmalar\u0131na da de\u011finen Baykal, T\u00fcrkiye\u2019nin bas\u0131n \u00f6zg\u00fcrl\u00fc\u011f\u00fc a\u00e7\u0131s\u0131ndan d\u00fcnyada toplam 5 grup i\u00e7inde 4. grupta oldu\u011funu ifade ederek, &#8220;Sonuncu grup askeri darbelerle y\u00f6netilen \u00fclkeler. 4. grup da bas\u0131n \u00f6zg\u00fcrl\u00fc\u011f\u00fcn\u00fcn en k\u00f6t\u00fc oldu\u011fu \u00fclkeler. Bizim \u00f6n\u00fcm\u00fczde 111 tane \u00fclke var. Bas\u0131n \u00f6zg\u00fcrl\u00fc\u011f\u00fc olmadan demokrasiden bahsetmek m\u00fcmk\u00fcn de\u011fil. T\u00fcrkiye, askeri vesayetten kurtuluyoruz s\u00f6ylemiyle gittik\u00e7e bir sivil diktaya do\u011fru gidiyor. Bunu herkesin g\u00f6rmesi laz\u0131m. Milli irade, sand\u0131ktan \u00e7\u0131kan irade iddialar\u0131 kullan\u0131larak kuvvetler ayr\u0131l\u0131\u011f\u0131 ortadan kald\u0131r\u0131l\u0131yor. Hukuka darbe vuruluyor. Yarg\u0131 ba\u011f\u0131ms\u0131zl\u0131\u011f\u0131 ortadan kald\u0131r\u0131l\u0131yor&#8221; diye konu\u015ftu.<\/p>\n<p style=\"text-align: justify;\"><em><strong>&#8220;Yarg\u0131 Ba\u011f\u0131ms\u0131zl\u0131\u011f\u0131n\u0131 Kald\u0131racak Anayasa De\u011fi\u015fikli\u011fine Destek Vermeyiz&#8221;<\/strong><\/em><\/p>\n<p style=\"text-align: justify;\">2009 y\u0131l\u0131nda \u00e7\u0131kmas\u0131 gereken hakimler ve savc\u0131larla ilgili g\u00fcz kararnamesinin hala \u00e7\u0131kmad\u0131\u011f\u0131n\u0131, Yarg\u0131tay\u2019a atanacak 35 \u00fcyeyle ilgili karar\u0131n hala al\u0131namad\u0131\u011f\u0131n\u0131 belirten Baykal, Bunlar\u0131n temelinde Adalet Bakan\u0131\u2019n\u0131n, HSYK\u2019n\u0131n \u00e7al\u0131\u015fmalar\u0131n\u0131 t\u0131kamas\u0131 oldu\u011funu dile getirdi. \u0130ktidar\u0131n, HSYK\u2019n\u0131n bu yap\u0131s\u0131ndan iktidar \u015fikayet\u00e7i oldu\u011funu ve kurulu fiilen karar alamaz hale getirdi\u011fini ifade eden Baykal, \u015f\u00f6yle konu\u015ftu:<\/p>\n<p style=\"text-align: justify;\">&#8220;Ama esas ama\u00e7lar\u0131 da bir Anayasa de\u011fi\u015fikli\u011fi yaparak HSYK\u2019n\u0131n yap\u0131s\u0131n\u0131 de\u011fi\u015ftirmeye \u00e7al\u0131\u015fmak. Bizim Anayasa\u2019da yap\u0131lacak b\u00f6yle bir de\u011fi\u015fikli\u011fe destek vermemiz kesinlikle d\u00fc\u015f\u00fcn\u00fclemez. \u0130ktidar\u0131n istedi\u011fi gibi bir kurul yap\u0131lanmas\u0131, yani Meclis\u2019ten de kurula \u00fcye se\u00e7ilmesi, yarg\u0131 ba\u011f\u0131ms\u0131zl\u0131\u011f\u0131n\u0131 b\u00fct\u00fcn\u00fcyle ortadan kald\u0131r\u0131r, yarg\u0131y\u0131 iktidar\u0131n emrine verir. Bu, Anayasa\u2019daki kuvvetler ayr\u0131l\u0131\u011f\u0131 ilkesine de kesinlikle ayk\u0131r\u0131d\u0131r.&#8221;<\/p>\n<p style=\"text-align: justify;\">\u0130ktidar\u0131n esas amac\u0131n\u0131n HSYK\u2019n\u0131n yap\u0131s\u0131n\u0131 de\u011fi\u015ftirmek, ama bunu yaparken de yan\u0131na T\u00fcrkiye Milletvekilli\u011fi, memurlara toplu s\u00f6zle\u015fme-grev hakk\u0131 gibi baz\u0131 \u00f6nerileri de katmak oldu\u011funu kaydeden Baykal, ayr\u0131 ayr\u0131 getirilmesi durumunda memurlara toplu s\u00f6zle\u015fme-grev hakk\u0131, T\u00fcrkiye milletvekilli\u011fi gibi de\u011fi\u015fikliklere destek verebileceklerini a\u00e7\u0131klad\u0131. Baykal, &#8220;Ama bunlar yarg\u0131n\u0131n ba\u011f\u0131ms\u0131zl\u0131\u011f\u0131n\u0131 ortadan kald\u0131racak Anayasa de\u011fi\u015fikli\u011finin yolunu a\u00e7mak i\u00e7in getirilirse hem Meclis\u2019te hem referandumda buna kar\u015f\u0131 \u00e7\u0131kmak durumunday\u0131z. \u00c7\u00fcnk\u00fc yarg\u0131 ba\u011f\u0131ms\u0131zl\u0131\u011f\u0131, adaletin her t\u00fcrl\u00fc bask\u0131dan uzak i\u015flemesi bizim i\u00e7in hayati \u00f6nemdedir&#8221; diye konu\u015ftu.<\/p>\n<p style=\"text-align: justify;\"><span style=\"color: #888888;\">Radikal<\/span><\/p>\n","protected":false},"excerpt":{"rendered":"<p style=\"text-align: center;\">\n<p style=\"text-align: justify;\">CHP Genel Ba\u015fkan\u0131 Deniz Baykal, T\u00fcrkiye&#8217;nin &#8220;Askeri vesayetten kurtuluyoruz&#8221; s\u00f6ylemiyle sivil diktaya gitti\u011fini, &#8220;milli irade, sand\u0131ktan \u00e7\u0131kan irade&#8221; iddialar\u0131 kullan\u0131larak kuvvetler ayr\u0131l\u0131\u011f\u0131n\u0131n ortadan kald\u0131r\u0131ld\u0131\u011f\u0131n\u0131 s\u00f6yledi.<\/p>\n<p style=\"text-align: justify;\">CHP Genel Ba\u015fkan\u0131 Deniz Baykal, T\u00fcrkiye\u2019nin &#8220;Askeri vesayetten kurtuluyoruz&#8221; s\u00f6ylemiyle sivil diktaya gitti\u011fini, &#8220;milli irade, sand\u0131ktan \u00e7\u0131kan irade&#8221; iddialar\u0131 kullan\u0131larak kuvvetler ayr\u0131l\u0131\u011f\u0131n\u0131n ortadan <\/p>\n","protected":false},"author":1,"featured_media":0,"comment_status":"open","ping_status":"closed","sticky":false,"template":"","format":"standard","meta":{"footnotes":""},"categories":[105],"tags":[],"class_list":["post-18076","post","type-post","status-publish","format-standard","hentry","category-gundem","odd"],"_links":{"self":[{"href":"http:\/\/www.korhanyilmaz.com\/index.php?rest_route=\/wp\/v2\/posts\/18076","targetHints":{"allow":["GET"]}}],"collection":[{"href":"http:\/\/www.korhanyilmaz.com\/index.php?rest_route=\/wp\/v2\/posts"}],"about":[{"href":"http:\/\/www.korhanyilmaz.com\/index.php?rest_route=\/wp\/v2\/types\/post"}],"author":[{"embeddable":true,"href":"http:\/\/www.korhanyilmaz.com\/index.php?rest_route=\/wp\/v2\/users\/1"}],"replies":[{"embeddable":true,"href":"http:\/\/www.korhanyilmaz.com\/index.php?rest_route=%2Fwp%2Fv2%2Fcomments&post=18076"}],"version-history":[{"count":0,"href":"http:\/\/www.korhanyilmaz.com\/index.php?rest_route=\/wp\/v2\/posts\/18076\/revisions"}],"wp:attachment":[{"href":"http:\/\/www.korhanyilmaz.com\/index.php?rest_route=%2Fwp%2Fv2%2Fmedia&parent=18076"}],"wp:term":[{"taxonomy":"category","embeddable":true,"href":"http:\/\/www.korhanyilmaz.com\/index.php?rest_route=%2Fwp%2Fv2%2Fcategories&post=18076"},{"taxonomy":"post_tag","embeddable":true,"href":"http:\/\/www.korhanyilmaz.com\/index.php?rest_route=%2Fwp%2Fv2%2Ftags&post=18076"}],"curies":[{"name":"wp","href":"https:\/\/api.w.org\/{rel}","templated":true}]}}