{"id":18073,"date":"2010-01-13T11:53:24","date_gmt":"2010-01-13T09:53:24","guid":{"rendered":"http:\/\/www.korhanyilmaz.com\/?p=18073"},"modified":"2010-01-13T11:53:24","modified_gmt":"2010-01-13T09:53:24","slug":"kilicdaroglu-onun-dengi-zahit-akman","status":"publish","type":"post","link":"http:\/\/www.korhanyilmaz.com\/?p=18073","title":{"rendered":"K\u0131l\u0131\u00e7daro\u011flu: Onun dengi Zahit Akman"},"content":{"rendered":"<p style=\"text-align: justify;\"><a href=\"http:\/\/www.korhanyilmaz.com\/wp-content\/uploads\/2010\/01\/k\u0131l\u0131cdaroglu2.jpg\"  class=\"lightview\"><img loading=\"lazy\" decoding=\"async\" class=\"aligncenter size-full wp-image-18074\" src=\"http:\/\/www.korhanyilmaz.com\/wp-content\/uploads\/2010\/01\/k\u0131l\u0131cdaroglu2.jpg\" alt=\"\" width=\"300\" height=\"196\" \/><\/a><\/p>\n<p style=\"text-align: justify;\">CHP Grup Ba\u015fkanvekili Kemal K\u0131l\u0131\u00e7daro\u011flu, Devlet Bakan\u0131 ve Ba\u015fbakan Yard\u0131mc\u0131s\u0131 B\u00fclent Ar\u0131n\u00e7\u2019\u0131n, &#8220;S\u00f6ylemleriyle eylemleri birbirini tutmayan politikac\u0131lar\u0131n ba\u015f\u0131nda geldi\u011fini&#8221; ileri s\u00fcrerek, &#8220;Ar\u0131n\u00e7\u2019\u0131n dengi Zahit Akman\u2019d\u0131r&#8221; dedi.<\/p>\n<p style=\"text-align: justify;\">Kemal K\u0131l\u0131\u00e7daro\u011flu, Devlet Bakan\u0131 ve Ba\u015fbakan Yard\u0131mc\u0131s\u0131 B\u00fclent Ar\u0131n\u00e7\u2019\u0131n, d\u00fcn kendisine y\u00f6nelik s\u00f6zlerine, d\u00fczenledi\u011fi bas\u0131n toplant\u0131s\u0131yla yan\u0131t verdi. <!--more--><\/p>\n<p style=\"text-align: justify;\">K\u0131l\u0131\u00e7daro\u011flu, Ar\u0131n\u00e7\u2019a, &#8220;Madem ki ben sizin denginiz de\u011filim, o halde bana ni\u00e7in soru sorup yan\u0131t bekliyorsunuz? Soru sorarken denginiz oluyorum da, uygarca, kar\u015f\u0131l\u0131kl\u0131 konu\u015fmaya s\u0131ra gelince mi denginiz olmuyorum? Acaba benimle uygarca tart\u0131\u015fmaktan ka\u00e7\u0131nma nedeni, kendisinin mi yoksa Adalet ve Kalk\u0131nma Partisi MKYK\u2019s\u0131n\u0131n m\u0131 karar\u0131yd\u0131?&#8221; sorular\u0131n\u0131 y\u00f6neltti.<\/p>\n<p style=\"text-align: justify;\">Siyasal ya\u015fam\u0131nda en \u00fcrkt\u00fc\u011f\u00fc ki\u015filerin, ikiy\u00fczl\u00fc politika izlemeyi ilke edinenler oldu\u011funu ifade eden K\u0131l\u0131\u00e7daro\u011flu, bu ki\u015filerin s\u00f6ylemleriyle eylemlerinin taban tabana z\u0131t oldu\u011funu s\u00f6yledi. K\u0131l\u0131\u00e7daro\u011flu, &#8220;Bu ki\u015filerle tart\u0131\u015fman\u0131n zorlu\u011funu biliyorum, bunun bilincindeyim. Ama birilerinin bu insanlar\u0131n maskesini indirip, ger\u00e7ek y\u00fczlerini te\u015fhir etmesi gerekiyor. Say\u0131n B\u00fclent Ar\u0131n\u00e7 da s\u00f6ylemleriyle eylemleri birbirini tutmayan politikac\u0131lar\u0131n ba\u015f\u0131nda gelmektedir&#8221; g\u00f6r\u00fc\u015f\u00fcn\u00fc savundu.<\/p>\n<p style=\"text-align: justify;\">K\u0131l\u0131\u00e7daro\u011flu, Ar\u0131n\u00e7\u2019\u0131n denginin kim oldu\u011funun sorulmas\u0131na, &#8220;Ar\u0131n\u00e7\u2019\u0131n dengi Zahit Akman\u2019d\u0131r. S\u00f6z\u00fcn\u00fc ge\u00e7iremedi\u011fi, \u00f6n\u00fcnde e\u011filip b\u00fck\u00fcld\u00fc\u011f\u00fc, arkas\u0131nda Ba\u015fbakan\u2019\u0131n bekledi\u011fi Say\u0131n Akman, bence Ar\u0131n\u00e7\u2019\u0131n dengi olabilir. \u0130kisi birbirine \u00e7ok yak\u0131\u015f\u0131rlar&#8221; kar\u015f\u0131l\u0131\u011f\u0131n\u0131 verdi.<\/p>\n<p style=\"text-align: justify;\"><span style=\"color: #888888;\">Milliyet<\/span><\/p>\n","protected":false},"excerpt":{"rendered":"<p style=\"text-align: justify;\">\n<p style=\"text-align: justify;\">CHP Grup Ba\u015fkanvekili Kemal K\u0131l\u0131\u00e7daro\u011flu, Devlet Bakan\u0131 ve Ba\u015fbakan Yard\u0131mc\u0131s\u0131 B\u00fclent Ar\u0131n\u00e7\u2019\u0131n, &#8220;S\u00f6ylemleriyle eylemleri birbirini tutmayan politikac\u0131lar\u0131n ba\u015f\u0131nda geldi\u011fini&#8221; ileri s\u00fcrerek, &#8220;Ar\u0131n\u00e7\u2019\u0131n dengi Zahit Akman\u2019d\u0131r&#8221; dedi.<\/p>\n<p style=\"text-align: justify;\">Kemal K\u0131l\u0131\u00e7daro\u011flu, Devlet Bakan\u0131 ve Ba\u015fbakan Yard\u0131mc\u0131s\u0131 B\u00fclent Ar\u0131n\u00e7\u2019\u0131n, d\u00fcn kendisine y\u00f6nelik s\u00f6zlerine, d\u00fczenledi\u011fi bas\u0131n toplant\u0131s\u0131yla yan\u0131t verdi. <\/p>\n","protected":false},"author":1,"featured_media":0,"comment_status":"open","ping_status":"closed","sticky":false,"template":"","format":"standard","meta":{"footnotes":""},"categories":[105],"tags":[],"class_list":["post-18073","post","type-post","status-publish","format-standard","hentry","category-gundem","odd"],"_links":{"self":[{"href":"http:\/\/www.korhanyilmaz.com\/index.php?rest_route=\/wp\/v2\/posts\/18073","targetHints":{"allow":["GET"]}}],"collection":[{"href":"http:\/\/www.korhanyilmaz.com\/index.php?rest_route=\/wp\/v2\/posts"}],"about":[{"href":"http:\/\/www.korhanyilmaz.com\/index.php?rest_route=\/wp\/v2\/types\/post"}],"author":[{"embeddable":true,"href":"http:\/\/www.korhanyilmaz.com\/index.php?rest_route=\/wp\/v2\/users\/1"}],"replies":[{"embeddable":true,"href":"http:\/\/www.korhanyilmaz.com\/index.php?rest_route=%2Fwp%2Fv2%2Fcomments&post=18073"}],"version-history":[{"count":0,"href":"http:\/\/www.korhanyilmaz.com\/index.php?rest_route=\/wp\/v2\/posts\/18073\/revisions"}],"wp:attachment":[{"href":"http:\/\/www.korhanyilmaz.com\/index.php?rest_route=%2Fwp%2Fv2%2Fmedia&parent=18073"}],"wp:term":[{"taxonomy":"category","embeddable":true,"href":"http:\/\/www.korhanyilmaz.com\/index.php?rest_route=%2Fwp%2Fv2%2Fcategories&post=18073"},{"taxonomy":"post_tag","embeddable":true,"href":"http:\/\/www.korhanyilmaz.com\/index.php?rest_route=%2Fwp%2Fv2%2Ftags&post=18073"}],"curies":[{"name":"wp","href":"https:\/\/api.w.org\/{rel}","templated":true}]}}