{"id":18069,"date":"2010-01-13T17:02:23","date_gmt":"2010-01-13T15:02:23","guid":{"rendered":"http:\/\/www.korhanyilmaz.com\/?p=18069"},"modified":"2010-01-13T17:02:23","modified_gmt":"2010-01-13T15:02:23","slug":"dshpde-kriz","status":"publish","type":"post","link":"http:\/\/www.korhanyilmaz.com\/?p=18069","title":{"rendered":"DSHP&#039;de kriz"},"content":{"rendered":"<p style=\"text-align: center;\"><a href=\"http:\/\/www.korhanyilmaz.com\/wp-content\/uploads\/2010\/01\/hulki_cevizoglu_01.jpg\"  class=\"lightview\"><img loading=\"lazy\" decoding=\"async\" class=\"aligncenter size-full wp-image-18070\" src=\"http:\/\/www.korhanyilmaz.com\/wp-content\/uploads\/2010\/01\/hulki_cevizoglu_01.jpg\" alt=\"\" width=\"376\" height=\"205\" \/><\/a><\/p>\n<p style=\"text-align: justify;\">Genel Ba\u015fkan Hulki Cevizo\u011flu istifa etti.<\/p>\n<p style=\"text-align: justify;\">Demokratik Sol Halk Partisi&#8217;nin (DSHP) Genel Ba\u015fkan\u0131 se\u00e7ilen Hulki Cevizo\u011flu g\u00f6revinden istifa etti.<\/p>\n<p style=\"text-align: justify;\">Demokratik Sol Halk Partisi (DSHP) Genel Ba\u015fkan\u0131 Hulki Cevizo\u011flu Cevizo\u011flu, yapt\u0131\u011f\u0131 yaz\u0131l\u0131 a\u00e7\u0131klamada, \u015funlar\u0131 kaydetti: &#8220;\u00dclkenin i\u00e7inde bulundu\u011fu durumu g\u00f6z\u00f6n\u00fcne alarak, siyasi hayat\u0131m\u0131 bundan sonra farkl\u0131 bir olu\u015fumla s\u00fcrd\u00fcrece\u011fim. <!--more--><\/p>\n<p style=\"text-align: justify;\">5 aral\u0131k 2009 tarihinde se\u00e7ildi\u011fim DSHP Genel Ba\u015fkanl\u0131\u011f\u0131 g\u00f6revi dahil, t\u00fcm \u00fcyelik ve g\u00f6revlerimden, y\u00f6netim anlay\u0131\u015f\u0131ndaki farkl\u0131l\u0131klar nedeniyle istifa ediyorum. DSHP kurucular\u0131ndan Say\u0131n Rah\u015fan Ecevit\u2019e ve t\u00fcm \u00e7al\u0131\u015fma arkada\u015flar\u0131ma bundan sonraki \u00e7al\u0131\u015fmalar\u0131nda ba\u015far\u0131lar dilerim.&#8221; Cevizo\u011flu\u2019nun yan\u0131 s\u0131ra Genel Ba\u015fkan Yard\u0131mc\u0131s\u0131 \u0130smail D\u00fckel, Genel Sekreter \u00d6zkan Leblebici, Genel Sekreter Yard\u0131mc\u0131lar\u0131 Murat Ali Sakal ve Ayta\u00e7 Tiryaki de istifalar\u0131n\u0131 partiye sundular.<\/p>\n<p style=\"text-align: justify;\"><span style=\"color: #888888;\">VATAN<\/span><\/p>\n","protected":false},"excerpt":{"rendered":"<p style=\"text-align: center;\">\n<p style=\"text-align: justify;\">Genel Ba\u015fkan Hulki Cevizo\u011flu istifa etti.<\/p>\n<p style=\"text-align: justify;\">Demokratik Sol Halk Partisi&#8217;nin (DSHP) Genel Ba\u015fkan\u0131 se\u00e7ilen Hulki Cevizo\u011flu g\u00f6revinden istifa etti.<\/p>\n<p style=\"text-align: justify;\">Demokratik Sol Halk Partisi (DSHP) Genel Ba\u015fkan\u0131 Hulki Cevizo\u011flu Cevizo\u011flu, yapt\u0131\u011f\u0131 yaz\u0131l\u0131 a\u00e7\u0131klamada, \u015funlar\u0131 kaydetti: &#8220;\u00dclkenin i\u00e7inde bulundu\u011fu durumu g\u00f6z\u00f6n\u00fcne alarak, siyasi hayat\u0131m\u0131 bundan sonra farkl\u0131 bir <\/p>\n","protected":false},"author":1,"featured_media":0,"comment_status":"open","ping_status":"closed","sticky":false,"template":"","format":"standard","meta":{"footnotes":""},"categories":[105],"tags":[],"class_list":["post-18069","post","type-post","status-publish","format-standard","hentry","category-gundem","odd"],"_links":{"self":[{"href":"http:\/\/www.korhanyilmaz.com\/index.php?rest_route=\/wp\/v2\/posts\/18069","targetHints":{"allow":["GET"]}}],"collection":[{"href":"http:\/\/www.korhanyilmaz.com\/index.php?rest_route=\/wp\/v2\/posts"}],"about":[{"href":"http:\/\/www.korhanyilmaz.com\/index.php?rest_route=\/wp\/v2\/types\/post"}],"author":[{"embeddable":true,"href":"http:\/\/www.korhanyilmaz.com\/index.php?rest_route=\/wp\/v2\/users\/1"}],"replies":[{"embeddable":true,"href":"http:\/\/www.korhanyilmaz.com\/index.php?rest_route=%2Fwp%2Fv2%2Fcomments&post=18069"}],"version-history":[{"count":0,"href":"http:\/\/www.korhanyilmaz.com\/index.php?rest_route=\/wp\/v2\/posts\/18069\/revisions"}],"wp:attachment":[{"href":"http:\/\/www.korhanyilmaz.com\/index.php?rest_route=%2Fwp%2Fv2%2Fmedia&parent=18069"}],"wp:term":[{"taxonomy":"category","embeddable":true,"href":"http:\/\/www.korhanyilmaz.com\/index.php?rest_route=%2Fwp%2Fv2%2Fcategories&post=18069"},{"taxonomy":"post_tag","embeddable":true,"href":"http:\/\/www.korhanyilmaz.com\/index.php?rest_route=%2Fwp%2Fv2%2Ftags&post=18069"}],"curies":[{"name":"wp","href":"https:\/\/api.w.org\/{rel}","templated":true}]}}