{"id":18064,"date":"2010-01-13T12:59:05","date_gmt":"2010-01-13T10:59:05","guid":{"rendered":"http:\/\/www.korhanyilmaz.com\/?p=18064"},"modified":"2010-01-13T12:59:05","modified_gmt":"2010-01-13T10:59:05","slug":"eurovisionda-manga-calacak","status":"publish","type":"post","link":"http:\/\/www.korhanyilmaz.com\/?p=18064","title":{"rendered":"Eurovision&#8217;da Manga \u00e7alacak"},"content":{"rendered":"<p><a href=\"http:\/\/www.korhanyilmaz.com\/wp-content\/uploads\/2010\/01\/manga.jpeg\"  class=\"lightview\"><img loading=\"lazy\" decoding=\"async\" class=\"aligncenter size-full wp-image-18065\" src=\"http:\/\/www.korhanyilmaz.com\/wp-content\/uploads\/2010\/01\/manga.jpeg\" alt=\"\" width=\"448\" height=\"215\" \/><\/a><\/p>\n<p style=\"text-align: justify;\">MTV&#8217;de &#8216;en iyi sanat\u00e7\u0131&#8217; se\u00e7ilen Manga, Norve\u00e7&#8217;te yap\u0131lacak 55. Eurovision \u015fark\u0131 yar\u0131\u015fmas\u0131nda T\u00fcrkiye&#8217;yi temsil edecek.<\/p>\n<p style=\"text-align: justify;\">Bu y\u0131l Norve\u00e7&#8217;te yap\u0131lacak Eurovision \u015eark\u0131 Yar\u0131\u015fmas\u0131&#8217;nda T\u00fcrkiye&#8217;yi Manga temsil edecek.<!--more--><\/p>\n<p style=\"text-align: justify;\">TRT Genel M\u00fcd\u00fcrl\u00fc\u011f\u00fc bu y\u0131l Norve\u00e7\u2019te ger\u00e7ekle\u015ftirilecek olan Eurovision \u015eark\u0131 Yar\u0131\u015fmas\u0131 finalinde, T\u00fcrkiye\u2019yi temsil etmek \u00fczere MANGA ile anla\u015ft\u0131.<\/p>\n<p style=\"text-align: justify;\">TRT&#8217;den yap\u0131lan yaz\u0131l\u0131 a\u00e7\u0131klamada &#8220;Oslo\u2019da, 29 May\u0131s 2010 tarihinde finali ger\u00e7ekle\u015ftirilecek olan 55. Eurovision \u015eark\u0131 Yar\u0131\u015fmas\u0131nda \u00dclkemizi Manga temsil edecektir&#8221; denildi.<\/p>\n<p style=\"text-align: justify;\">Manga, ge\u00e7ti\u011fimiz g\u00fcnlerde MTV televizyonu taraf\u0131ndan &#8220;Avrupa\u2019n\u0131n en iyi sanat\u00e7\u0131s\u0131&#8221; se\u00e7ilmi\u015fti. (aa)<\/p>\n","protected":false},"excerpt":{"rendered":"<\/p>\n<p style=\"text-align: justify;\">MTV&#8217;de &#8216;en iyi sanat\u00e7\u0131&#8217; se\u00e7ilen Manga, Norve\u00e7&#8217;te yap\u0131lacak 55. Eurovision \u015fark\u0131 yar\u0131\u015fmas\u0131nda T\u00fcrkiye&#8217;yi temsil edecek.<\/p>\n<p style=\"text-align: justify;\">Bu y\u0131l Norve\u00e7&#8217;te yap\u0131lacak Eurovision \u015eark\u0131 Yar\u0131\u015fmas\u0131&#8217;nda T\u00fcrkiye&#8217;yi Manga temsil edecek.<\/p>\n","protected":false},"author":1,"featured_media":0,"comment_status":"open","ping_status":"closed","sticky":false,"template":"","format":"standard","meta":{"footnotes":""},"categories":[8],"tags":[],"class_list":["post-18064","post","type-post","status-publish","format-standard","hentry","category-kultur-sanat","odd"],"_links":{"self":[{"href":"http:\/\/www.korhanyilmaz.com\/index.php?rest_route=\/wp\/v2\/posts\/18064","targetHints":{"allow":["GET"]}}],"collection":[{"href":"http:\/\/www.korhanyilmaz.com\/index.php?rest_route=\/wp\/v2\/posts"}],"about":[{"href":"http:\/\/www.korhanyilmaz.com\/index.php?rest_route=\/wp\/v2\/types\/post"}],"author":[{"embeddable":true,"href":"http:\/\/www.korhanyilmaz.com\/index.php?rest_route=\/wp\/v2\/users\/1"}],"replies":[{"embeddable":true,"href":"http:\/\/www.korhanyilmaz.com\/index.php?rest_route=%2Fwp%2Fv2%2Fcomments&post=18064"}],"version-history":[{"count":0,"href":"http:\/\/www.korhanyilmaz.com\/index.php?rest_route=\/wp\/v2\/posts\/18064\/revisions"}],"wp:attachment":[{"href":"http:\/\/www.korhanyilmaz.com\/index.php?rest_route=%2Fwp%2Fv2%2Fmedia&parent=18064"}],"wp:term":[{"taxonomy":"category","embeddable":true,"href":"http:\/\/www.korhanyilmaz.com\/index.php?rest_route=%2Fwp%2Fv2%2Fcategories&post=18064"},{"taxonomy":"post_tag","embeddable":true,"href":"http:\/\/www.korhanyilmaz.com\/index.php?rest_route=%2Fwp%2Fv2%2Ftags&post=18064"}],"curies":[{"name":"wp","href":"https:\/\/api.w.org\/{rel}","templated":true}]}}