{"id":18060,"date":"2010-01-13T16:08:04","date_gmt":"2010-01-13T14:08:04","guid":{"rendered":"http:\/\/www.korhanyilmaz.com\/?p=18060"},"modified":"2010-01-13T16:08:04","modified_gmt":"2010-01-13T14:08:04","slug":"cicek-referandumluk-bir-sey-yok","status":"publish","type":"post","link":"http:\/\/www.korhanyilmaz.com\/?p=18060","title":{"rendered":"\u00c7i\u00e7ek: &quot;Referandumluk bir \u015fey yok&quot;"},"content":{"rendered":"<p><a href=\"http:\/\/www.korhanyilmaz.com\/wp-content\/uploads\/2010\/01\/cicek.jpg\"  class=\"lightview\"><img loading=\"lazy\" decoding=\"async\" class=\"aligncenter size-full wp-image-18061\" src=\"http:\/\/www.korhanyilmaz.com\/wp-content\/uploads\/2010\/01\/cicek.jpg\" alt=\"\" width=\"292\" height=\"194\" \/><\/a><\/p>\n<p style=\"text-align: justify;\">Ba\u015fbakan Yard\u0131mc\u0131s\u0131 Cemil \u00c7i\u00e7ek, &#8220;Kendi yapt\u0131\u011f\u0131m anayasa de\u011fi\u015fikli\u011fini g\u00f6rmek bana gurur verir&#8221; dedi. \u00c7i\u00e7ek, anayasa de\u011fi\u015fikli\u011finin bir \u00e7ok yasan\u0131n hayata ge\u00e7mesi i\u00e7in de zorunlu oldu\u011funu vurgulad\u0131 ancak &#8220;\u015eu an referanduma sunulacak bir \u015fey yok&#8221; dedi.<\/p>\n<p style=\"text-align: justify;\">Ba\u015fbakan Yard\u0131mc\u0131s\u0131, \u00c7ankaya K\u00f6\u015fk\u00fc&#8217;nde gazetecilerin referandum s\u00fcresinin k\u0131salt\u0131lmas\u0131na d\u00f6n\u00fck yasa teklifi ile ilgili sorular\u0131n\u0131 yan\u0131tlad\u0131. <!--more--><\/p>\n<p style=\"text-align: justify;\">\u00c7i\u00e7ek, 330 ila 367 aras\u0131nda oy alan bir d\u00fczenlemenin otomatik olarak referanduma gidemeyebilece\u011fini s\u00f6yledi; t\u00fcrban karar\u0131n\u0131 \u00f6rnek olarak g\u00f6sterdi.<\/p>\n<p style=\"text-align: justify;\">\u00c7i\u00e7ek, &#8220;Muhalefet Anayasa Mahkemesi&#8217;ne giderek engelleyebilir. 411 oy ile ge\u00e7en bir maddeyi bile mahkemeye g\u00f6t\u00fcrd\u00fcler&#8221; dedi.<\/p>\n<p style=\"text-align: justify;\">AK Parti&#8217;nin anayasan\u0131n 5 maddesi d\u0131\u015f\u0131nda her t\u00fcrl\u00fc anayasa de\u011fi\u015fikli\u011fine haz\u0131r oldu\u011funu vurgulayan Ba\u015fbakan Yard\u0131mc\u0131s\u0131, &#8220;Lastik kabak, motor ya\u011f yak\u0131yor, eksoz delik. Hangi becerikli \u015fof\u00f6r olursa olsun bu yolda gidemez&#8221; diye konu\u015ftu.<\/p>\n<p style=\"text-align: justify;\"><span style=\"color: #888888;\">CNN T\u00dcRK<\/span><\/p>\n","protected":false},"excerpt":{"rendered":"<\/p>\n<p style=\"text-align: justify;\">Ba\u015fbakan Yard\u0131mc\u0131s\u0131 Cemil \u00c7i\u00e7ek, &#8220;Kendi yapt\u0131\u011f\u0131m anayasa de\u011fi\u015fikli\u011fini g\u00f6rmek bana gurur verir&#8221; dedi. \u00c7i\u00e7ek, anayasa de\u011fi\u015fikli\u011finin bir \u00e7ok yasan\u0131n hayata ge\u00e7mesi i\u00e7in de zorunlu oldu\u011funu vurgulad\u0131 ancak &#8220;\u015eu an referanduma sunulacak bir \u015fey yok&#8221; dedi.<\/p>\n<p style=\"text-align: justify;\">Ba\u015fbakan Yard\u0131mc\u0131s\u0131, \u00c7ankaya K\u00f6\u015fk\u00fc&#8217;nde gazetecilerin referandum s\u00fcresinin k\u0131salt\u0131lmas\u0131na d\u00f6n\u00fck yasa teklifi ile ilgili sorular\u0131n\u0131 yan\u0131tlad\u0131. <\/p>\n","protected":false},"author":1,"featured_media":0,"comment_status":"open","ping_status":"closed","sticky":false,"template":"","format":"standard","meta":{"footnotes":""},"categories":[105],"tags":[],"class_list":["post-18060","post","type-post","status-publish","format-standard","hentry","category-gundem","odd"],"_links":{"self":[{"href":"http:\/\/www.korhanyilmaz.com\/index.php?rest_route=\/wp\/v2\/posts\/18060","targetHints":{"allow":["GET"]}}],"collection":[{"href":"http:\/\/www.korhanyilmaz.com\/index.php?rest_route=\/wp\/v2\/posts"}],"about":[{"href":"http:\/\/www.korhanyilmaz.com\/index.php?rest_route=\/wp\/v2\/types\/post"}],"author":[{"embeddable":true,"href":"http:\/\/www.korhanyilmaz.com\/index.php?rest_route=\/wp\/v2\/users\/1"}],"replies":[{"embeddable":true,"href":"http:\/\/www.korhanyilmaz.com\/index.php?rest_route=%2Fwp%2Fv2%2Fcomments&post=18060"}],"version-history":[{"count":0,"href":"http:\/\/www.korhanyilmaz.com\/index.php?rest_route=\/wp\/v2\/posts\/18060\/revisions"}],"wp:attachment":[{"href":"http:\/\/www.korhanyilmaz.com\/index.php?rest_route=%2Fwp%2Fv2%2Fmedia&parent=18060"}],"wp:term":[{"taxonomy":"category","embeddable":true,"href":"http:\/\/www.korhanyilmaz.com\/index.php?rest_route=%2Fwp%2Fv2%2Fcategories&post=18060"},{"taxonomy":"post_tag","embeddable":true,"href":"http:\/\/www.korhanyilmaz.com\/index.php?rest_route=%2Fwp%2Fv2%2Ftags&post=18060"}],"curies":[{"name":"wp","href":"https:\/\/api.w.org\/{rel}","templated":true}]}}