{"id":1806,"date":"2008-10-13T15:24:39","date_gmt":"2008-10-13T12:24:39","guid":{"rendered":"http:\/\/www.korhanyilmaz.com\/?p=1806"},"modified":"2008-10-13T15:24:39","modified_gmt":"2008-10-13T12:24:39","slug":"din-adamlarindan-kriz-yorumu","status":"publish","type":"post","link":"http:\/\/www.korhanyilmaz.com\/?p=1806","title":{"rendered":"Din adamlar\u0131ndan kriz yorumu"},"content":{"rendered":"<p style=\"text-align: center;\"><img loading=\"lazy\" decoding=\"async\" class=\"size-full wp-image-1807 aligncenter\" title=\"Din adamlar\u0131ndan kriz yorumu \" src=\"http:\/\/www.korhanyilmaz.com\/wp-content\/uploads\/2008\/10\/daac478295f854498661b16br.jpg\" alt=\"\" width=\"400\" height=\"216\" \/><\/p>\n<p style=\"text-align: justify;\">M\u00fcsl\u00fcman ve hristiyan din adamlar\u0131, ekonomik krizin nedenleriyle ilgili ilgin\u00e7 a\u00e7\u0131klamalarda bulundular. ..<br \/>\nAvusturya Kilisesi Viyana Kardinali Christoph Schohborn, k\u00fcresel krizin &#8220;Allah\u0131n bir cezas\u0131&#8221; olarak de\u011ferlendirdi ve &#8220;Bu \u015fekilde s\u00f6ylenebilir. Ancak bu krizler \u00fcst\u00fcm\u00fcze d\u00fc\u015feni yapmamam\u0131zdan da kaynaklan\u0131yor. Bizler \u00f6l\u00e7\u00fcs\u00fcz parayla kazan\u00e7la ilgili spek\u00fclasyonlar\u0131n yap\u0131ld\u0131\u011f\u0131n\u0131 biliyoruz. Dolay\u0131s\u0131yla burada bireysel sorumluluklar da \u00f6n planda duruyor&#8221; dedi. Bardako\u011flu ise k\u00fcresel krizi, insano\u011flunun artan h\u0131rs ve ihtiraslar\u0131na ba\u011flad\u0131. <!--more-->Diyanet \u0130\u015fleri Ba\u015fkan\u0131 Ali Bardako\u011flu, Avusturya Kilisesi Viyana Kardinali Christoph Schohborn&#8217;u kabul etti. Kabul sonras\u0131nda gazetecilerin sorular\u0131n\u0131 da yan\u0131tlayan Bardako\u011flu, ekonomik krizin \u00e7\u00f6z\u00fcm\u00fcn\u00fcn, yine ekonomik alanda olaca\u011f\u0131n\u0131 s\u00f6yledi. Kendilerinin t\u00fcm sorunlar\u0131n ahlak ile \u00e7\u00f6z\u00fclece\u011fi iddias\u0131nda olmad\u0131\u011f\u0131n\u0131 bildiren Bardako\u011flu, \u015funlar\u0131 s\u00f6yledi:\n<\/p>\n<p style=\"text-align: justify;\">&#8220;Bir din adam\u0131 olarak \u015funlar\u0131 s\u00f6yleyebilirim; Allah d\u00fcnyay\u0131 \u00fczerinde y\u00fcr\u00fcmemiz olmam\u0131z i\u00e7in yaratt\u0131. Ancak insano\u011flu maddeyi tek yarat\u0131l\u0131\u015f olarak g\u00f6rmeye ba\u015flad\u0131. Ancak bu \u015fekilde devam ederse bu d\u00fcnyan\u0131n alt\u0131nda kal\u0131r. Bunu ilahi bir ceza olarak g\u00f6rmek yerine insano\u011flunun artan h\u0131rs ve ihtiras\u0131 ile maddeyi \u00f6n plana \u00e7\u0131karmas\u0131 yani kendi eliyle kendini cezaland\u0131rmas\u0131 olarak g\u00f6r\u00fclebilir. H\u0131rs ve ihtiras\u0131 bir kenara b\u0131rakmal\u0131lar. Ne pahas\u0131na olursa olsun benim olsun demek yerine maneviyata ve ahlaki de\u011ferlere biraz daha \u00f6nem versinler. Biz ekonomik krizin analizini yapacak ve \u00e7\u0131k\u0131\u015f yollar\u0131n\u0131 g\u00f6sterecek de\u011filiz. Ancak biz bu dini, ahlaki ve manevi uyar\u0131y\u0131 yapmak zorunday\u0131z.&#8221;<\/p>\n<p style=\"text-align: justify;\">ASIL SORUN \u0130NSANLARIN DE\u011eERLER\u0130N\u0130 KAYBETMES\u0130<\/p>\n<p style=\"text-align: justify;\">Diyanet \u0130\u015fleri Ba\u015fkan\u0131 Bardako\u011flu,Avusturya Kilisesi Viyana Kardinali Christoph Schohborn&#8217;\u00fcn ziyaretinin ili\u015fkiler a\u00e7\u0131s\u0131ndan \u00f6nemli oldu\u011funu s\u00f6yledi. Bardako\u011flu, Avusturya&#8217;da ger\u00e7ekle\u015ftirdi\u011fi olumlu ad\u0131mlar, T\u00fcrkiye ile diyalo\u011fu, insan haklar\u0131, daha ahlakl\u0131, dindar insanlar\u0131n yeti\u015ftirilmesindeki \u00e7abalar\u0131ndan \u00f6t\u00fcr\u00fc Kardinale te\u015fekk\u00fcr ederek \u015f\u00f6yle devam etti:<\/p>\n<p style=\"text-align: justify;\">&#8220;Avusturya \u0130slam&#8217;\u0131n temsili konusunda \u00f6nemli ad\u0131mlar atm\u0131\u015ft\u0131r. Bu umar\u0131z di\u011fer \u00fclkelere de \u00f6rnek olur. Ancak kardinal bu sorunlar\u0131n \u00e7\u00f6z\u00fcm\u00fcnde \u00f6nemli bir isim. Bizler dinler ve k\u00fclt\u00fcrler aras\u0131 diyalog diyince dinlerin yar\u0131\u015ft\u0131r\u0131lmas\u0131n\u0131 ve bunlar \u00fczerinden kavga \u00fcretilmesini de\u011fil; farkl\u0131 dinler aras\u0131nda ortak sorunlar\u0131n \u00e7\u00f6z\u00fclerek i\u015fbirli\u011fi yap\u0131lmas\u0131n\u0131 kastediyoruz. D\u00fcnyada \u00e7\u00f6zmemiz gereken bir dizi sorunla kar\u015f\u0131 kar\u015f\u0131yay\u0131z. Sadece ekonomik kriz, d\u00fcnyan\u0131n kirlenmesi de\u011fil; as\u0131l sorun belki de Allah&#8217;\u0131n yaratt\u0131\u011f\u0131 insan kayna\u011f\u0131n\u0131n kurumas\u0131 ve de\u011ferlerini kaybetmesidir. \u0130nsan\u0131n ar\u0131, duru hale gelmesi her t\u00fcrl\u00fc h\u0131rstan uzak kalmas\u0131 \u00f6nemli bir ad\u0131m olacakt\u0131r. Dini kurumlar\u0131n bir araya gelmesini, sorunlar\u0131 tart\u0131\u015fmas\u0131n\u0131 insanl\u0131\u011f\u0131n sa\u011fduyusunu geli\u015ftirmesi a\u00e7\u0131s\u0131ndan \u00f6nemli g\u00f6r\u00fcyoruz. Kardinal ve heyeti sadece T\u00fcrk toplumunun de\u011fil; insanlar\u0131n bu ortak sorunlar\u0131na son derece duyarl\u0131 olan sayg\u0131n bir din adam\u0131d\u0131r.&#8221;<\/p>\n<p style=\"text-align: justify;\">&#8220;PAPA ADAYLARINDAN B\u0130R\u0130&#8221;<\/p>\n<p style=\"text-align: justify;\">En g\u00fc\u00e7l\u00fc papa adaylar\u0131ndan biri olan Viyana Kardinali Christoph Schohborn, T\u00fcrkiye&#8217;ye yapaca\u011f\u0131 ziyaret konusunda Papa ile g\u00f6r\u00fc\u015ft\u00fc\u011f\u00fcn\u00fc belirterek &#8220;Papa T\u00fcrkiye&#8217;ye yapaca\u011f\u0131m ziyarete ili\u015fkin beni olduk\u00e7a te\u015fvik ettiler ve selamlar\u0131n\u0131 ilettiler. Papa&#8217;n\u0131n ard\u0131ndan b\u00f6yle bir ziyarette bulunmak benim i\u00e7in b\u00fcy\u00fck bir sevin\u00e7&#8221; dedi. Viyana Kardinali Christoph Schohborn \u015funlar\u0131 s\u00f6yledi:<\/p>\n<p style=\"text-align: justify;\">&#8220;Vatan\u0131 terk etmenin ve yeni bir yere uyum sa\u011flaman\u0131n nas\u0131l bir duygu oldu\u011funu gayet iyi biliriz. Bu y\u00fczden de g\u00f6\u00e7menler kendilerine daha \u00e7ok \u00f6zen g\u00f6stememiz gereken kitleyi olu\u015fturur. Farkl\u0131 din ve dini gruplarla bir arada ya\u015f\u0131yoruz. Ancak birbirimiz hakk\u0131nda \u00e7ok az bilgiye sahibiz. Bu nedenle baz\u0131 yanl\u0131\u015f bilgilelere ve \u00f6n yarg\u0131lara sahip olabilmekteyiz. Bu konuda e\u011fitim son derece \u00f6nemli. Bu ziyaretimizin en \u00f6nemli noktalar\u0131ndan biri de bu. Din e\u011fitimi konusunda somut olarak nelerin yap\u0131labilece\u011fini ara\u015ft\u0131rmak istedik. \u00dclkenizde son derece iyi bir din e\u011fitimi var. Bizim de amac\u0131m\u0131z kendi \u00fclkemizdeki din e\u011fitmenlerinin \u00e7ok iyi bir kalitede yeti\u015ftirilmesi. Modern toplumlarda baz\u0131lar\u0131na g\u00f6re &#8220;din&#8217; engelleyici bir unsurdur. Ancak biz \u015funa inan\u0131yoruz ki din modern toplumlarda da engelleyici bir unsur de\u011fil; \u00f6n a\u00e7\u0131c\u0131, yard\u0131mc\u0131 olucu bir unsurdur. Din kurumlar\u0131n\u0131n az\u0131nl\u0131klara ve bunlar\u0131n dinlerine yard\u0131m etmeleri a\u00e7\u0131s\u0131ndan son derece \u00f6nemli d\u00fc\u015f\u00fcn\u00fcyorum. Din dersi \u00f6\u011fretmenlerinin yeti\u015ftirilmesi ve buna paralel \u00e7al\u0131\u015fmalar\u0131n yap\u0131lmas\u0131n\u0131 temenni ediyorum.&#8221;<\/p>\n<p style=\"text-align: justify;\">B\u0130REYSEL SORUMLULUKLAR \u00d6N PLANDA<\/p>\n<p style=\"text-align: justify;\">Viyana Kardinali Christoph Schohborn da gazetecilerin sorular\u0131n\u0131 yan\u0131tlayarak k\u00fcresel krize ili\u015fkin bir de\u011ferlendirmede bulundu.Schohborn &#8220;K\u00fcresel krizi Allah&#8217;\u0131n bir cezas\u0131 olarak da g\u00f6rmek m\u00fcmk\u00fcn.Bu \u015fekilde s\u00f6ylenebilir. Ancak bu krizlerde \u00fcst\u00fcm\u00fcze d\u00fc\u015feni yapmamam\u0131zdan da kaynaklan\u0131yor. Bizler \u00f6l\u00e7\u00fcs\u00fcz parayla kazan\u00e7la ilgili spek\u00fclasyonlar\u0131n yap\u0131ld\u0131\u011f\u0131n\u0131 biliyoruz. Dolay\u0131s\u0131yla burada bireysel sorumluluklar da \u00f6n planda duruyor&#8221; dedi.<\/p>\n<p style=\"text-align: justify;\"><span style=\"color: #888888;\">ANKA<\/span><\/p>\n","protected":false},"excerpt":{"rendered":"<p style=\"text-align: center;\">\n<p style=\"text-align: justify;\">M\u00fcsl\u00fcman ve hristiyan din adamlar\u0131, ekonomik krizin nedenleriyle ilgili ilgin\u00e7 a\u00e7\u0131klamalarda bulundular. .. Avusturya Kilisesi Viyana Kardinali Christoph Schohborn, k\u00fcresel krizin &#8220;Allah\u0131n bir cezas\u0131&#8221; olarak de\u011ferlendirdi ve &#8220;Bu \u015fekilde s\u00f6ylenebilir. Ancak bu krizler \u00fcst\u00fcm\u00fcze d\u00fc\u015feni yapmamam\u0131zdan da kaynaklan\u0131yor. Bizler \u00f6l\u00e7\u00fcs\u00fcz parayla kazan\u00e7la ilgili spek\u00fclasyonlar\u0131n yap\u0131ld\u0131\u011f\u0131n\u0131 biliyoruz. Dolay\u0131s\u0131yla burada bireysel sorumluluklar <\/p>\n","protected":false},"author":1,"featured_media":0,"comment_status":"open","ping_status":"open","sticky":false,"template":"","format":"standard","meta":{"footnotes":""},"categories":[7],"tags":[],"class_list":["post-1806","post","type-post","status-publish","format-standard","hentry","category-ekonomi","odd"],"_links":{"self":[{"href":"http:\/\/www.korhanyilmaz.com\/index.php?rest_route=\/wp\/v2\/posts\/1806","targetHints":{"allow":["GET"]}}],"collection":[{"href":"http:\/\/www.korhanyilmaz.com\/index.php?rest_route=\/wp\/v2\/posts"}],"about":[{"href":"http:\/\/www.korhanyilmaz.com\/index.php?rest_route=\/wp\/v2\/types\/post"}],"author":[{"embeddable":true,"href":"http:\/\/www.korhanyilmaz.com\/index.php?rest_route=\/wp\/v2\/users\/1"}],"replies":[{"embeddable":true,"href":"http:\/\/www.korhanyilmaz.com\/index.php?rest_route=%2Fwp%2Fv2%2Fcomments&post=1806"}],"version-history":[{"count":0,"href":"http:\/\/www.korhanyilmaz.com\/index.php?rest_route=\/wp\/v2\/posts\/1806\/revisions"}],"wp:attachment":[{"href":"http:\/\/www.korhanyilmaz.com\/index.php?rest_route=%2Fwp%2Fv2%2Fmedia&parent=1806"}],"wp:term":[{"taxonomy":"category","embeddable":true,"href":"http:\/\/www.korhanyilmaz.com\/index.php?rest_route=%2Fwp%2Fv2%2Fcategories&post=1806"},{"taxonomy":"post_tag","embeddable":true,"href":"http:\/\/www.korhanyilmaz.com\/index.php?rest_route=%2Fwp%2Fv2%2Ftags&post=1806"}],"curies":[{"name":"wp","href":"https:\/\/api.w.org\/{rel}","templated":true}]}}