{"id":18047,"date":"2010-01-13T15:00:12","date_gmt":"2010-01-13T13:00:12","guid":{"rendered":"http:\/\/www.korhanyilmaz.com\/?p=18047"},"modified":"2010-01-13T15:00:12","modified_gmt":"2010-01-13T13:00:12","slug":"bakanlik-mufettislerine-sorusturma-yolu-acildi","status":"publish","type":"post","link":"http:\/\/www.korhanyilmaz.com\/?p=18047","title":{"rendered":"Bakanl\u0131k m\u00fcfetti\u015flerine soru\u015fturma yolu a\u00e7\u0131ld\u0131"},"content":{"rendered":"<p style=\"text-align: center;\"><a href=\"http:\/\/www.korhanyilmaz.com\/wp-content\/uploads\/2010\/01\/danistay1.jpg\"  class=\"lightview\"><img loading=\"lazy\" decoding=\"async\" class=\"aligncenter size-full wp-image-18048\" src=\"http:\/\/www.korhanyilmaz.com\/wp-content\/uploads\/2010\/01\/danistay1.jpg\" alt=\"\" width=\"270\" height=\"203\" \/><\/a><\/p>\n<p style=\"text-align: justify;\">Dan\u0131\u015ftay, hakim ve savc\u0131larla ilgili dinleme kararlar\u0131n\u0131 ald\u0131ran Tefti\u015f Kurulu&#8217;nun ba\u015fkan ve yard\u0131mc\u0131lar\u0131 dahil t\u00fcm Adalet Bakanl\u0131\u011f\u0131 m\u00fcfetti\u015flerine soru\u015fturma yolunu a\u00e7t\u0131.<\/p>\n<p style=\"text-align: justify;\">Dan\u0131\u015ftay 5. Dairesi, Adalet Bakanl\u0131\u011f\u0131&#8217;n\u0131n m\u00fcfetti\u015fler hakk\u0131nda soru\u015fturma izni vermemesinin hukuka uygun olmad\u0131\u011f\u0131na h\u00fckmetti. <!--more--><\/p>\n<p style=\"text-align: justify;\">Karara g\u00f6re; Tefti\u015f Kurulu ba\u015fkan\u0131, ba\u015fkan yard\u0131mc\u0131lar\u0131, kurulda g\u00f6rev yapan birinci s\u0131n\u0131f m\u00fcfetti\u015f ve ba\u015fm\u00fcfetti\u015fler, hakim ve savc\u0131lar hakk\u0131ndaki dinleme kararlar\u0131na ili\u015fkin olarak soru\u015fturulacak.<\/p>\n<p style=\"text-align: justify;\">M\u00fcfetti\u015fler hakk\u0131ndaki soru\u015fturmay\u0131 adli y\u00f6nden Yarg\u0131tay 1. Ba\u015fkanl\u0131k Kurulu, disiplin y\u00f6n\u00fcnden ise Yarg\u0131tay Y\u00fcksek Disiplin Kurulu yapacak.<\/p>\n<p style=\"text-align: justify;\">Soru\u015fturma sonucunda m\u00fcfetti\u015fler hakk\u0131nda uyarma ya da g\u00f6revden \u00e7ekilmeye davet cezalar\u0131 verilebilecek.<\/p>\n<p style=\"text-align: justify;\">Dan\u0131\u015ftay, hakim ve savc\u0131lar\u0131n dinlenilmesine dayanak olu\u015fturan Tefti\u015f Kurulu y\u00f6netmeli\u011finin ilgili h\u00fckm\u00fcn\u00fcn de y\u00fcr\u00fctmesini durdurmu\u015ftu.<\/p>\n<p style=\"text-align: justify;\"><span style=\"color: #888888;\">CNN T\u00dcRK<\/span><\/p>\n","protected":false},"excerpt":{"rendered":"<p style=\"text-align: center;\">\n<p style=\"text-align: justify;\">Dan\u0131\u015ftay, hakim ve savc\u0131larla ilgili dinleme kararlar\u0131n\u0131 ald\u0131ran Tefti\u015f Kurulu&#8217;nun ba\u015fkan ve yard\u0131mc\u0131lar\u0131 dahil t\u00fcm Adalet Bakanl\u0131\u011f\u0131 m\u00fcfetti\u015flerine soru\u015fturma yolunu a\u00e7t\u0131.<\/p>\n<p style=\"text-align: justify;\">Dan\u0131\u015ftay 5. Dairesi, Adalet Bakanl\u0131\u011f\u0131&#8217;n\u0131n m\u00fcfetti\u015fler hakk\u0131nda soru\u015fturma izni vermemesinin hukuka uygun olmad\u0131\u011f\u0131na h\u00fckmetti. <\/p>\n","protected":false},"author":1,"featured_media":0,"comment_status":"open","ping_status":"closed","sticky":false,"template":"","format":"standard","meta":{"footnotes":""},"categories":[105],"tags":[],"class_list":["post-18047","post","type-post","status-publish","format-standard","hentry","category-gundem","odd"],"_links":{"self":[{"href":"http:\/\/www.korhanyilmaz.com\/index.php?rest_route=\/wp\/v2\/posts\/18047","targetHints":{"allow":["GET"]}}],"collection":[{"href":"http:\/\/www.korhanyilmaz.com\/index.php?rest_route=\/wp\/v2\/posts"}],"about":[{"href":"http:\/\/www.korhanyilmaz.com\/index.php?rest_route=\/wp\/v2\/types\/post"}],"author":[{"embeddable":true,"href":"http:\/\/www.korhanyilmaz.com\/index.php?rest_route=\/wp\/v2\/users\/1"}],"replies":[{"embeddable":true,"href":"http:\/\/www.korhanyilmaz.com\/index.php?rest_route=%2Fwp%2Fv2%2Fcomments&post=18047"}],"version-history":[{"count":0,"href":"http:\/\/www.korhanyilmaz.com\/index.php?rest_route=\/wp\/v2\/posts\/18047\/revisions"}],"wp:attachment":[{"href":"http:\/\/www.korhanyilmaz.com\/index.php?rest_route=%2Fwp%2Fv2%2Fmedia&parent=18047"}],"wp:term":[{"taxonomy":"category","embeddable":true,"href":"http:\/\/www.korhanyilmaz.com\/index.php?rest_route=%2Fwp%2Fv2%2Fcategories&post=18047"},{"taxonomy":"post_tag","embeddable":true,"href":"http:\/\/www.korhanyilmaz.com\/index.php?rest_route=%2Fwp%2Fv2%2Ftags&post=18047"}],"curies":[{"name":"wp","href":"https:\/\/api.w.org\/{rel}","templated":true}]}}