{"id":18034,"date":"2010-01-13T00:08:50","date_gmt":"2010-01-12T22:08:50","guid":{"rendered":"http:\/\/www.korhanyilmaz.com\/?p=18034"},"modified":"2010-01-13T00:08:50","modified_gmt":"2010-01-12T22:08:50","slug":"turkiye-buyukelciyi-geri-mi-cekecek","status":"publish","type":"post","link":"http:\/\/www.korhanyilmaz.com\/?p=18034","title":{"rendered":"T\u00fcrkiye b\u00fcy\u00fckel\u00e7iyi geri mi \u00e7ekecek?"},"content":{"rendered":"<p style=\"text-align: center;\"><a href=\"http:\/\/www.korhanyilmaz.com\/wp-content\/uploads\/2010\/01\/DAVUTOGLU3.jpg\"  class=\"lightview\"><img loading=\"lazy\" decoding=\"async\" class=\"aligncenter size-full wp-image-18035\" src=\"http:\/\/www.korhanyilmaz.com\/wp-content\/uploads\/2010\/01\/DAVUTOGLU3.jpg\" alt=\"\" width=\"270\" height=\"203\" \/><\/a><\/p>\n<p style=\"text-align: justify;\">Ba\u015fbakan Recep Tayyip Erdo\u011fan, \u0130srail&#8217;de T\u00fcrk B\u00fcy\u00fckel\u00e7i&#8217;ye yap\u0131lan diplomatik nezaketsizlikle ilgili olarak, &#8220;B\u00f6yle bir anlay\u0131\u015f \u0130srail taraf\u0131ndan g\u00f6sterilirse, T\u00fcrkiye taraf\u0131ndan kar\u015f\u0131l\u0131\u011f\u0131n\u0131 bulacakt\u0131r&#8221; a\u00e7\u0131klamas\u0131nda bulundu. &#8220;T\u00fcrkiye ahlak dersi verecek son \u00fclke&#8221; a\u00e7\u0131klamas\u0131 yapan \u0130srail D\u0131\u015fi\u015fleri&#8217;ni \u015fiddetle k\u0131nayan T\u00fcrk D\u0131\u015fi\u015fleri ise, T\u00fcrk B\u00fcy\u00fckel\u00e7i konusunda \u00f6z\u00fcr beklendi\u011fini a\u00e7\u0131klad\u0131. T\u00fcrkiye, \u00f6z\u00fcr gelmedi\u011fi takdirde \u0130srail B\u00fcy\u00fckel\u00e7isi&#8217;ni geri \u00e7ekmeye haz\u0131rlan\u0131yor.<!--more--><\/p>\n<p style=\"text-align: justify;\">CNN T\u00dcRK&#8217;\u00fcn edindi\u011fi bilgilere g\u00f6re, Ankara&#8217;daki genel alg\u0131lama \u00c7elikkol&#8217;a yap\u0131lan muamelenin T\u00fcrk devletini temsil etti\u011fi i\u00e7in, Cumhurba\u015fkan\u0131&#8217;na yap\u0131lm\u0131\u015f bir sayg\u0131s\u0131zl\u0131k oldu\u011fu y\u00f6n\u00fcnde.<\/p>\n<p style=\"text-align: justify;\">Bu y\u00fczden de Ankara-Telaviv hatt\u0131nda ipler kopma noktas\u0131na geldi.<\/p>\n<p style=\"text-align: justify;\">Diplomatik kaynaklar, b\u00fcy\u00fckel\u00e7i O\u011fuz \u00c7elikkol&#8217;a yap\u0131lan sayg\u0131s\u0131zl\u0131\u011f\u0131n ard\u0131ndan \u0130srail&#8217;e, &#8220;\u00d6z\u00fcr dilemesi&#8221; i\u00e7in \u00e7ok k\u0131sa bir s\u00fcre verildi\u011fini belirtiyor. Bu s\u00fcre bu sabaha kadar.<\/p>\n<p style=\"text-align: justify;\">E\u011fer \u0130srail D\u0131\u015fi\u015fleri Bakanl\u0131\u011f\u0131&#8217;ndan bir \u00f6z\u00fcr gelmezse, Ankara, b\u00fcy\u00fckel\u00e7i \u00c7elikkol&#8217;u \u00e7ekme karar\u0131 alm\u0131\u015f durumda.<\/p>\n<p style=\"text-align: justify;\">H\u00fck\u00fcmete yak\u0131n kaynaklar, Hem Cumhurba\u015fkan\u0131 hem de Ba\u015fbakan&#8217;\u0131n O\u011fuz \u00c7elikkol&#8217;un a\u00e7\u0131klamalar\u0131ndan tatmin olmad\u0131\u011f\u0131n\u0131 belirtiyor.<\/p>\n<p style=\"text-align: justify;\">\u00c7elikkol&#8217;un \u0130branice bilmese bile, muameleyi farketti\u011fi anda tepkisini ortaya koyabilmesi gerekti\u011fi ve bu yetkiye sahip oldu\u011fu g\u00f6r\u00fc\u015f\u00fcndeler.<\/p>\n<p style=\"text-align: justify;\">Rusya ziyareti \u00f6ncesi Ankara Esenbo\u011fa Havaalan\u0131&#8217;nda bas\u0131n toplant\u0131s\u0131 d\u00fczenleyen Ba\u015fbakan Erdo\u011fan&#8217;a, &#8220;Tel Aviv b\u00fcy\u00fckel\u00e7isinin foto\u011fraf\u0131n\u0131 g\u00f6rd\u00fc\u011f\u00fcn\u00fczde ne hissettiniz&#8221; sorusu soruldu.<\/p>\n<p style=\"text-align: justify;\">Erdo\u011fan, &#8220;Bu konuyla ilgili D\u0131\u015fi\u015fleri Bakanl\u0131\u011f\u0131m\u0131z bug\u00fcn zaten \u00e7ok kararl\u0131, ciddi bir a\u00e7\u0131klama yapt\u0131. Onun i\u00e7in bu konunun \u00fczerinde \u00e7ok fazla durmak istemem. Ancak, \u015funun \u0130srail taraf\u0131ndan bilinmesini isterim. \u0130srail&#8217;in \u015fu andaki mevcut y\u00f6netiminin bir koalisyon h\u00fck\u00fcmeti olmas\u0131 T\u00fcrkiye&#8217;yi ba\u011flamaz. O kendi i\u00e7 sorunudur. Ancak koalisyon h\u00fck\u00fcmeti olarak, koalisyon h\u00fck\u00fcmetinin ortak ilkeleri olur ve bu ortak ilkeler \u00e7er\u00e7evesinde herkes bu ilkelere sayg\u0131l\u0131 olarak hareket eder. Yani \u015fu anda u\u00e7 bir siyasi parti mensubu \u015f\u00f6yle bir a\u00e7\u0131klama yapt\u0131, bunu ho\u015fg\u00f6r\u00fcyle kar\u015f\u0131layal\u0131m diye asla bir anlay\u0131\u015f\u0131n i\u00e7ine giremeyiz. Biz as\u0131rlar boyu, \u0130srail halk\u0131na kar\u015f\u0131, Musevilere kar\u015f\u0131 gerekli ho\u015fg\u00f6r\u00fcy\u00fc g\u00f6stermi\u015fiz. Bunun tarih \u015fahididir ama \u015fu anda b\u00f6yle bir yakla\u015f\u0131m, b\u00f6yle bir anlay\u0131\u015f \u0130srail y\u00f6netimi taraf\u0131ndan g\u00f6sterilirse, tabii ki T\u00fcrkiye taraf\u0131ndan kar\u015f\u0131l\u0131\u011f\u0131n\u0131 her zaman i\u00e7in bulacakt\u0131r, bunun bilinmesi laz\u0131m. Zaten ifadeler, D\u0131\u015fi\u015fleri bakanl\u0131\u011f\u0131m\u0131z taraf\u0131ndan yap\u0131lan a\u00e7\u0131klamada en g\u00fczel \u015fekilde ortaya konulmu\u015ftur&#8221; dedi.<\/p>\n<p style=\"text-align: justify;\">T\u00fcrkiye, \u0130srail D\u0131\u015fi\u015fleri Bakan Yard\u0131mc\u0131s\u0131n\u0131n T\u00fcrkiye&#8217;nin Tel Aviv B\u00fcy\u00fckel\u00e7isi O\u011fu\u00e7 \u00c7elikkol ile yapt\u0131\u011f\u0131 g\u00f6r\u00fc\u015fme s\u0131ras\u0131nda tak\u0131nd\u0131\u011f\u0131 tav\u0131r ve bunu yans\u0131t\u0131\u015f bi\u00e7imine ili\u015fkin izahat ve \u00f6z\u00fcr bekledi\u011fini bildirdi.<\/p>\n<p style=\"text-align: justify;\"><strong><em>D\u0131\u015fi\u015fleri k\u0131nad\u0131<\/em><\/strong><\/p>\n<p style=\"text-align: justify;\">D\u0131\u015fi\u015fleri Bakanl\u0131\u011f\u0131, \u0130srail D\u0131\u015fi\u015fleri&#8217;nin T\u00fcrkiye&#8217;ye y\u00f6nelik &#8220;ahlak dersi&#8221; ifadelerinin &#8220;i\u00e7 siyasi m\u00fclahazalarla yap\u0131lan ve amac\u0131n\u0131 a\u015fan&#8221; s\u00f6zler oldu\u011funa inan\u0131ld\u0131\u011f\u0131n\u0131 belirtti ve ifadeleri &#8220;\u015fiddetle&#8221; k\u0131nad\u0131.<\/p>\n<p style=\"text-align: justify;\">&#8220;T\u00fcrkiye&#8217;nin b\u00f6lgeye y\u00f6nelik d\u0131\u015f politikas\u0131 lafz\u0131 ve ruhuyla t\u00fcm \u00fclkelerin ve halklar\u0131n bar\u0131\u015f, g\u00fcvenlik ve istikrar\u0131n\u0131n sa\u011flanmas\u0131n\u0131, bu ama\u00e7la orant\u0131s\u0131z g\u00fc\u00e7 kullan\u0131m\u0131 ve izolasyon uygulamalar\u0131 yerine diyalo\u011fun, angajman\u0131n ve bar\u0131\u015f\u00e7\u0131l y\u00f6ntemlerin \u00f6ne \u00e7\u0131kar\u0131lmas\u0131n\u0131 ama\u00e7lamaktad\u0131r&#8221; denilen a\u00e7\u0131klamada, Ba\u015fbakan Recep Tayyip Erdo\u011fan&#8217;\u0131n bu do\u011frultudaki bar\u0131\u015f\u00e7\u0131l giri\u015fimlerinin b\u00f6lgede ve \u00f6tesinde takdir toplamakta oldu\u011fu ve m\u00fcnhas\u0131ran \u0130srail&#8217;in Gazze&#8217;deki kabul\u00fc m\u00fcmk\u00fcn olmayan uygulamalar\u0131 ile politikalar\u0131na y\u00f6nelik oldu\u011fu bildirildi.<\/p>\n<p style=\"text-align: justify;\"><strong><em>A\u00e7\u0131klamada, daha sonra \u015funlar kaydedildi: <\/em><\/strong><\/p>\n<p style=\"text-align: justify;\">&#8220;T\u00fcrkler ve Yahudiler aras\u0131nda \u0130srail Devleti&#8217;nin kurulmas\u0131ndan \u00e7ok daha \u00f6ncelere kadar uzanan k\u00f6kl\u00fc ili\u015fkiler ve bizzat \u0130srail ile ili\u015fkilerimizin genel dokusu, \u00fclkemize bu uyar\u0131 ve ele\u015ftirilerde bulunma sorumlulu\u011funu y\u00fcklemektedir.<\/p>\n<p style=\"text-align: justify;\">Tarih boyunca Yahudiler her dara d\u00fc\u015ft\u00fcklerinde T\u00fcrkler kendilerine ellerini uzatm\u0131\u015flard\u0131r. T\u00fcrkler ve Yahudilerin uzun birlikte ya\u015fama tarihi kar\u015f\u0131l\u0131kl\u0131 sayg\u0131 ve ho\u015fg\u00f6r\u00fc tarihidir. Dolay\u0131s\u0131yla, (T\u00fcrkiye&#8217;nin \u0130srail&#8217;e ahlak dersi verecek son \u00fclke) oldu\u011fu y\u00f6n\u00fcndeki bizzat Yahudi halk\u0131n\u0131n haf\u0131zas\u0131yla ba\u011fda\u015fmayacak bu iddiay\u0131 reddediyoruz. Ger\u00e7ekleri tahrif eden bu ifade tarihe kar\u015f\u0131 bir haks\u0131zl\u0131kt\u0131r.&#8221;<\/p>\n<p style=\"text-align: justify;\">T\u00fcrkiye&#8217;de Yahudi aleyhtarl\u0131\u011f\u0131n\u0131n tahrik edildi\u011fi iddialar\u0131n\u0131n da her t\u00fcrl\u00fc temelden yoksun oldu\u011funu belirten Bakanl\u0131k, &#8220;Tarihi sicilimiz ve anti-Semitizmin bir insanl\u0131k su\u00e7u te\u015fkil etti\u011fi y\u00f6n\u00fcnde bizzat Say\u0131n Ba\u015fbakan\u0131m\u0131z taraf\u0131ndan yap\u0131lan a\u00e7\u0131klamalar bu iddian\u0131n mesnetsizli\u011finin en bariz kan\u0131t\u0131d\u0131r&#8221; ifadelerini kulland\u0131.<\/p>\n<p style=\"text-align: justify;\">D\u0131\u015fi\u015fleri Bakanl\u0131\u011f\u0131 a\u00e7\u0131klamas\u0131, &#8220;\u0130srail D\u0131\u015fi\u015fleri Bakanl\u0131\u011f\u0131 a\u00e7\u0131klamas\u0131nda yer alan T\u00fcrkiye&#8217;ye y\u00f6nelik ifadelerin i\u00e7 siyasi m\u00fclahazalarla yap\u0131lan ve amac\u0131n\u0131 a\u015fan s\u00f6zler oldu\u011funa inan\u0131yor, a\u00e7\u0131klamadaki ifadeleri \u015fiddetle k\u0131n\u0131yoruz&#8221; s\u00f6zleriyle son buldu.<\/p>\n<p style=\"text-align: justify;\"><strong><em>\u0130srail-T\u00fcrkiye aras\u0131nda ipler gerildi <\/em><\/strong><\/p>\n<p style=\"text-align: justify;\">Ba\u015fbakan Recep Tayyip Erdo\u011fan&#8217;\u0131n d\u00fcn yapt\u0131\u011f\u0131 sert a\u00e7\u0131klamalar\u0131 &#8220;k\u00fcstah\u00e7a azarlama&#8221; diye nitelendiren \u0130srail, Kurtlar Vadisi dizisinden duydu\u011fu rahats\u0131zl\u0131\u011f\u0131 da T\u00fcrkiye&#8217;nin Tel Aviv B\u00fcy\u00fckel\u00e7isi O\u011fuz \u00c7elikkol&#8217;a iletmi\u015fti. Ancak b\u00fcy\u00fckel\u00e7i ile bulu\u015fmadaki diplomatik nezaketsizli\u011fin bas\u0131na yans\u0131mas\u0131yla birlikte iki \u00fclke aras\u0131ndaki kriz t\u0131rmand\u0131.<\/p>\n<p style=\"text-align: justify;\"><span style=\"color: #888888;\">CNN T\u00dcRK<\/span><\/p>\n","protected":false},"excerpt":{"rendered":"<p style=\"text-align: center;\">\n<p style=\"text-align: justify;\">Ba\u015fbakan Recep Tayyip Erdo\u011fan, \u0130srail&#8217;de T\u00fcrk B\u00fcy\u00fckel\u00e7i&#8217;ye yap\u0131lan diplomatik nezaketsizlikle ilgili olarak, &#8220;B\u00f6yle bir anlay\u0131\u015f \u0130srail taraf\u0131ndan g\u00f6sterilirse, T\u00fcrkiye taraf\u0131ndan kar\u015f\u0131l\u0131\u011f\u0131n\u0131 bulacakt\u0131r&#8221; a\u00e7\u0131klamas\u0131nda bulundu. &#8220;T\u00fcrkiye ahlak dersi verecek son \u00fclke&#8221; a\u00e7\u0131klamas\u0131 yapan \u0130srail D\u0131\u015fi\u015fleri&#8217;ni \u015fiddetle k\u0131nayan T\u00fcrk D\u0131\u015fi\u015fleri ise, T\u00fcrk B\u00fcy\u00fckel\u00e7i konusunda \u00f6z\u00fcr beklendi\u011fini a\u00e7\u0131klad\u0131. T\u00fcrkiye, \u00f6z\u00fcr gelmedi\u011fi takdirde \u0130srail <\/p>\n","protected":false},"author":1,"featured_media":0,"comment_status":"open","ping_status":"closed","sticky":false,"template":"","format":"standard","meta":{"footnotes":""},"categories":[105],"tags":[],"class_list":["post-18034","post","type-post","status-publish","format-standard","hentry","category-gundem","odd"],"_links":{"self":[{"href":"http:\/\/www.korhanyilmaz.com\/index.php?rest_route=\/wp\/v2\/posts\/18034","targetHints":{"allow":["GET"]}}],"collection":[{"href":"http:\/\/www.korhanyilmaz.com\/index.php?rest_route=\/wp\/v2\/posts"}],"about":[{"href":"http:\/\/www.korhanyilmaz.com\/index.php?rest_route=\/wp\/v2\/types\/post"}],"author":[{"embeddable":true,"href":"http:\/\/www.korhanyilmaz.com\/index.php?rest_route=\/wp\/v2\/users\/1"}],"replies":[{"embeddable":true,"href":"http:\/\/www.korhanyilmaz.com\/index.php?rest_route=%2Fwp%2Fv2%2Fcomments&post=18034"}],"version-history":[{"count":0,"href":"http:\/\/www.korhanyilmaz.com\/index.php?rest_route=\/wp\/v2\/posts\/18034\/revisions"}],"wp:attachment":[{"href":"http:\/\/www.korhanyilmaz.com\/index.php?rest_route=%2Fwp%2Fv2%2Fmedia&parent=18034"}],"wp:term":[{"taxonomy":"category","embeddable":true,"href":"http:\/\/www.korhanyilmaz.com\/index.php?rest_route=%2Fwp%2Fv2%2Fcategories&post=18034"},{"taxonomy":"post_tag","embeddable":true,"href":"http:\/\/www.korhanyilmaz.com\/index.php?rest_route=%2Fwp%2Fv2%2Ftags&post=18034"}],"curies":[{"name":"wp","href":"https:\/\/api.w.org\/{rel}","templated":true}]}}