{"id":17804,"date":"2010-01-12T12:11:55","date_gmt":"2010-01-12T10:11:55","guid":{"rendered":"http:\/\/www.korhanyilmaz.com\/?p=17804"},"modified":"2010-01-12T12:11:55","modified_gmt":"2010-01-12T10:11:55","slug":"bahceli-erken-secime-gitmek-icin-savas-mi-cikmasi-gerek","status":"publish","type":"post","link":"http:\/\/www.korhanyilmaz.com\/?p=17804","title":{"rendered":"Bah\u00e7eli: Erken se\u00e7ime gitmek i\u00e7in sava\u015f m\u0131 \u00e7\u0131kmas\u0131 gerek!"},"content":{"rendered":"<p style=\"text-align: justify;\"><a href=\"http:\/\/www.korhanyilmaz.com\/wp-content\/uploads\/2010\/01\/bahceli3.jpg\"  class=\"lightview\"><img loading=\"lazy\" decoding=\"async\" class=\"aligncenter size-full wp-image-17805\" src=\"http:\/\/www.korhanyilmaz.com\/wp-content\/uploads\/2010\/01\/bahceli3.jpg\" alt=\"\" width=\"292\" height=\"206\" \/><\/a><\/p>\n<p style=\"text-align: justify;\">MHP Genel Ba\u015fkan\u0131 Devlet Bah\u00e7eli, se\u00e7im yap\u0131lmas\u0131 i\u00e7in gereken \u015fartlar\u0131n olu\u015ftu\u011funu savunarak, &#8220;Se\u00e7ime gitmek i\u00e7in isyan m\u0131, sava\u015f hali mi, \u00e7at\u0131\u015fma m\u0131, b\u00f6l\u00fcnme mi olmas\u0131 gerekmektedir?&#8221; dedi.<\/p>\n<p style=\"text-align: justify;\">Bah\u00e7eli, partisinin Grup Toplant\u0131s\u0131nda yapt\u0131\u011f\u0131 konu\u015fmada, \u00fclkesine hizmeti esas alan her y\u00f6neticinin en b\u00fcy\u00fck hedefinin ve yegane gayretinin, &#8220;sorumlulu\u011funu \u00fcstlendi\u011fi be\u015feri varl\u0131\u011f\u0131n huzur, refah, g\u00fcvenlik ve birli\u011fini ve i\u00e7inde \u015fekil buldu\u011fu devletinin g\u00fc\u00e7lenerek devam\u0131n\u0131 sa\u011flamak&#8221; olmas\u0131 gerekti\u011fini s\u00f6yledi. <!--more--><\/p>\n<p style=\"text-align: justify;\">\u0130ktidara ve h\u00fck\u00fcmete talip olanlar\u0131n, imkanlar, \u00fclke potansiyeli, d\u00fcnyadaki ve b\u00f6lgedeki geli\u015fmeler, toplumun beklentileri, yeti\u015fmi\u015f insan kalitesi ve siyasal vizyon gibi de\u011fi\u015fkenler g\u00f6z \u00f6n\u00fcnde bulundurularak vaatlerin ger\u00e7ekle\u015ftirilmesi gerekti\u011fini vurgulayan Bah\u00e7eli, yanl\u0131\u015f hesap ve ili\u015fkiler, d\u0131\u015f dayatmalar, politikalarda tercih hatalar\u0131, s\u0131radanla\u015fan vaatler, t\u00fckenen umutlar, eskiyen y\u00fczler, istismarlar\u0131n ra\u011fbet g\u00f6rmemesi gibi konular\u0131n h\u00fck\u00fcmetlerin \u00f6mr\u00fcn\u00fc sona erdiren ba\u015fl\u0131ca belirtiler oldu\u011funu s\u00f6yledi.<\/p>\n<p style=\"text-align: justify;\">AK Parti h\u00fck\u00fcmetlerinin &#8220;ba\u015far\u0131s\u0131z bir iktidar\u0131n&#8221; b\u00fct\u00fcn emarelerini g\u00f6stermeye ba\u015flad\u0131\u011f\u0131n\u0131 ifade eden Bah\u00e7eli, vaatlerin inand\u0131r\u0131c\u0131l\u0131\u011f\u0131n\u0131 kaybetti\u011fini, s\u00f6ylemlerin tekrar edilmeye ba\u015fland\u0131\u011f\u0131n\u0131, \u00fcstesinden gelinemeyen sorunlar\u0131n b\u00fcrokrasiyi yordu\u011funu, kurumlar aras\u0131nda gerilimin artt\u0131\u011f\u0131n\u0131 savundu. Demokrasilerde, y\u00f6netimlerin Anayasan\u0131n i\u015faret etti\u011fi esas ve usuller ile belirlenen s\u00fcrelerde se\u00e7imle de\u011fi\u015fti\u011fini an\u0131msatan Bah\u00e7eli, &#8220;Ancak se\u00e7imle yap\u0131lan bu yasal de\u011fi\u015fimin sosyo-ekonomik zeminini ve zaman\u0131n\u0131 belirleyen temel g\u00fc\u00e7, toplumsal beklentilerin bask\u0131s\u0131d\u0131r.<\/p>\n<p style=\"text-align: justify;\">Bu bak\u0131mdan Ba\u015fbakan Erdo\u011fan \u2019se\u00e7imler zaman\u0131nda yap\u0131lacak\u2019 dese de ve bunu samimiyetle istese de yorgun, y\u0131lm\u0131\u015f, y\u0131pranm\u0131\u015f, inand\u0131r\u0131c\u0131l\u0131\u011f\u0131n\u0131 kaybetmi\u015f bir h\u00fck\u00fcmetin devam\u0131 m\u00fcmk\u00fcn g\u00f6r\u00fclmemektedir. Elbette ki, tek ba\u015f\u0131na bir iktidar\u0131n ba\u015far\u0131s\u0131zl\u0131\u011f\u0131n\u0131 kabul ederek, zaman\u0131ndan \u00f6nce se\u00e7im karar\u0131 almas\u0131, bir siyasal \u00e7eli\u015fki olarak kar\u015f\u0131m\u0131za \u00e7\u0131ksa da geli\u015fmeler AKP\u2019nin buna mecbur kalaca\u011f\u0131n\u0131 i\u015faret etmektedir. Milletin iradesine kar\u015f\u0131 direnme veya millet iradesinden korkarak ka\u00e7ma, yaln\u0131zca buyruk ve ba\u015far\u0131s\u0131z despot y\u00f6netimlerin ba\u015fvuraca\u011f\u0131 s\u0131\u011f\u0131nma halidir. Ne var ki demokrasiler, millet iradesinden sonsuza kadar ka\u00e7\u0131\u015fa m\u00fcsaade etmeyen y\u00f6nelimlerdir&#8221; diye konu\u015ftu.<\/p>\n<p style=\"text-align: justify;\">Bah\u00e7eli, koalisyon orta\u011f\u0131 olduklar\u0131 57. H\u00fck\u00fcmet d\u00f6neminde se\u00e7imde \u0131srar ettiklerini belirterek, &#8220;O g\u00fcnk\u00fc siyasal ortam, k\u00fcresel geli\u015fmeler ve MHP\u2019siz siyaset aray\u0131\u015flar\u0131 koalisyonu daha fazla s\u00fcrd\u00fcrme imkan\u0131n\u0131 vermeyince, partimiz tarihi bir kararla milletin iradesine ba\u015fvurmaktan, bedeli ne olursa olsun asla ka\u00e7\u0131nmam\u0131\u015ft\u0131r&#8221; dedi. Ba\u015fbakan Erdo\u011fan\u2019\u0131n koalisyon orta\u011f\u0131 olduklar\u0131 d\u00f6neme atfen &#8220;b\u0131rak\u0131p ka\u00e7t\u0131n\u0131z&#8221; anlam\u0131na gelen s\u00f6zlerin demokratik kar\u015f\u0131l\u0131\u011f\u0131 olmad\u0131\u011f\u0131n\u0131 s\u00f6yleyen Bah\u00e7eli, milletin hakemli\u011finden korkman\u0131n, verdi\u011fi yetkileri tazelemekten ka\u00e7man\u0131n da siyaset anlay\u0131\u015f\u0131m\u0131zda yeri olmad\u0131\u011f\u0131n\u0131 kaydetti.<\/p>\n<p style=\"text-align: justify;\"><strong><em>Devlet Bah\u00e7eli, Ba\u015fbakan Erdo\u011fan\u2019\u0131n \u00f6n\u00fcnde iki se\u00e7enek kald\u0131\u011f\u0131n\u0131 ileri s\u00fcrerek, \u015f\u00f6yle devam etti: <\/em><\/strong><\/p>\n<p style=\"text-align: justify;\">&#8220;Ya giderek eriyen partisinin d\u00fc\u015f\u00fc\u015f\u00fcn\u00fc bir noktada durdurmak i\u00e7in kendince yeterli zannetti\u011fi bir seviyeyi yakalad\u0131\u011f\u0131 anda se\u00e7ime gidecektir. Ya da destek seviyesini yeniden y\u00fckseltece\u011fi umuduyla kar\u015f\u0131layamad\u0131\u011f\u0131 toplumsal taleplere dayanabilece\u011fi kadar dayan\u0131p zaman\u0131nda se\u00e7ime gitmeyi hedefleyecektir. Ne var ki Ba\u015fbakan Erdo\u011fan ve partisi a\u00e7\u0131s\u0131ndan her iki tercih de \u00e7\u00f6z\u00fclmesini ve gerileyi\u015fini durdurmaya yetmeyecek, beklenen ak\u0131bet er ya da ge\u00e7 kar\u015f\u0131lar\u0131na \u00e7\u0131kacakt\u0131r. Bizim se\u00e7im beklentimiz ve talebimizden maksad\u0131m\u0131z, T\u00fcrkiye\u2019nin, AKP\u2019den bir an \u00f6nce kurtulmas\u0131d\u0131r. Bu h\u00fck\u00fcmetle ge\u00e7irilecek her ilave g\u00fcn daha fazla tahribat, daha fazla k\u0131\u015fk\u0131rtma, daha fazla istismar, daha fazla yoksulluk ve daha fazla dayatma demektir. AKP iktidar\u0131 t\u00fckenmektedir. Ancak beraberinde T\u00fcrkiye\u2019yi de i\u00e7in i\u00e7in t\u00fcketmektedir. Ve T\u00fcrk milletinin ve T\u00fcrkiye\u2019nin kaybedecek zaman\u0131 ve israf edilecek gelece\u011fi kalmam\u0131\u015ft\u0131r.&#8221;<\/p>\n<p style=\"text-align: justify;\"><strong><em>&#8220;Yetkiyi geri alacak olan da Millettir&#8221; <\/em><\/strong><\/p>\n<p style=\"text-align: justify;\">Milletin lay\u0131k oldu\u011fu demokratik hedeflerden uzakla\u015ft\u0131r\u0131lmas\u0131na, g\u00f6z yummayacaklar\u0131n\u0131, sessiz kalmayacaklar\u0131n\u0131 vurgulayan Bah\u00e7eli, &#8220;Bizden, hi\u00e7 kimse millet ve devlet bekas\u0131 bu derece tehlike alt\u0131ndayken suskun kalmam\u0131z\u0131 beklememelidir&#8221; dedi. Ge\u00e7en hafta MYK toplant\u0131s\u0131nda genel se\u00e7imlere y\u00f6nelik haz\u0131rl\u0131klar\u0131n ba\u015flat\u0131lmas\u0131 karar\u0131n\u0131n al\u0131nd\u0131\u011f\u0131n\u0131 an\u0131msatan Bah\u00e7eli, s\u00fcrecin milletin hayr\u0131na ve yarar\u0131na sonu\u00e7lanaca\u011f\u0131n\u0131, partilerinin T\u00fcrkiye\u2019nin sorunlar\u0131n\u0131 omuzlayaca\u011f\u0131n\u0131 ifade etti. Bah\u00e7eli, &#8220;Bu karar, yaln\u0131zca se\u00e7imle sonu\u00e7lanacak olan siyasal ve sosyal \u015fartlar\u0131n yeterince olgunla\u015ft\u0131\u011f\u0131n\u0131n tespiti de\u011fildir. \u00dclkemizin b\u00fct\u00fcn sorunlar\u0131n\u0131 \u00e7\u00f6zmeye haz\u0131r ve talip Milliyet\u00e7i Hareketin, millet iradesine olan sayg\u0131s\u0131n\u0131n iradesidir. Ve ayn\u0131 zamanda a\u011f\u0131r ve sanc\u0131l\u0131 ge\u00e7en 7 y\u0131l\u0131n sona ermesi i\u00e7in milletimiz ad\u0131na yapt\u0131\u011f\u0131 demokrasi \u00e7a\u011fr\u0131s\u0131d\u0131r. Alm\u0131\u015f oldu\u011fumuz karar\u0131n ve \u00e7a\u011fr\u0131n\u0131n Ba\u015fbakan Erdo\u011fan\u2019da uyand\u0131rd\u0131\u011f\u0131 \u00f6fke ve yenilgiye doymayan pehlivan k\u0131yaslamas\u0131 millete olan g\u00fcvensizli\u011fin, milletten ka\u00e7man\u0131n i\u015fareti olmu\u015ftur. Siyasal iktidarlar\u0131 se\u00e7erek h\u00fck\u00fcmet olma g\u00fcc\u00fcn\u00fc veren millettir; bu yetkiyi ba\u015far\u0131s\u0131z olanlardan geri alacak olan da yine millet olacakt\u0131r. Demokrasilerde bundan kurtulu\u015f yoktur&#8221; diye konu\u015ftu. AK Parti ile ge\u00e7en y\u0131llar\u0131n \u00f6zetini &#8220;Kriz, Karga\u015fa, Kaos, Korku, Kutupla\u015fma, Kavga ve Karanl\u0131k&#8221; kelimelerinin ba\u015f harflerinden olu\u015fan &#8220;7-K&#8221;l\u0131 tahribat olarak tan\u0131mlad\u0131klar\u0131n\u0131 anlatan Bah\u00e7eli, bu tespitlerinin, hayat\u0131n ac\u0131 ger\u00e7ekleri oldu\u011funu s\u00f6yledi.<\/p>\n<p style=\"text-align: justify;\"><strong><em>&#8220;Korkunun Ecele Faydas\u0131 Yoktur&#8221; <\/em><\/strong><\/p>\n<p style=\"text-align: justify;\">Bah\u00e7eli, 2007 se\u00e7iminden sonraki ilk grup toplant\u0131s\u0131nda &#8220;k\u00fcresel dayatmalar kar\u015f\u0131s\u0131ndaki \u00fcrkek ve teslimiyet\u00e7i tavr\u0131n\u0131n ve i\u00e7ine d\u00fc\u015f\u00fclen s\u0131cak para, bor\u00e7, faiz ve taviz d\u00f6ng\u00fcs\u00fcyle AKP kadrolar\u0131n\u0131n bunu ba\u015faramayacaklar\u0131n\u0131&#8221; \u00f6ng\u00f6rd\u00fc\u011f\u00fcn\u00fc ve hakl\u0131 \u00e7\u0131kt\u0131\u011f\u0131n\u0131 belirterek, \u00fclkenin zor ve sanc\u0131l\u0131 bir dar bo\u011faza sokuldu\u011funu, toplumsal gerilim ve siyasal de\u011fi\u015fim beklentisinin yeterince birikti\u011fini s\u00f6yledi.<\/p>\n<p style=\"text-align: justify;\"><strong><em>MHP Genel Ba\u015fkan\u0131 Bah\u00e7eli, \u015funlar\u0131 kaydetti: <\/em><\/strong><\/p>\n<p style=\"text-align: justify;\">&#8220;Sonunda h\u00fcr irade ile sand\u0131kta sonu\u00e7lanacak bir se\u00e7im s\u00fcrecinin ba\u015flamas\u0131 ve demokratik bir rahatlama ortam\u0131n\u0131n do\u011fmas\u0131 i\u00e7in daha nas\u0131l bir tahribat ya\u015fanmas\u0131, daha ne kadar a\u011f\u0131r sorunlar\u0131n olmas\u0131 gerekecektir? Yayg\u0131n yoksulluk, artan i\u015fsizlik, kimlikleri tahrik edilmi\u015f toplum yap\u0131s\u0131, fitili ate\u015flenmi\u015f ayr\u0131mc\u0131l\u0131k, uluslararas\u0131 g\u00fc\u00e7lere tam teslimiyet, se\u00e7im i\u00e7in yeterli ortam demek de\u011fil midir? Se\u00e7ime gitmek i\u00e7in isyan m\u0131, sava\u015f hali mi, \u00e7at\u0131\u015fma m\u0131, b\u00f6l\u00fcnme mi olmas\u0131 gerekmektedir? \u00c7ok \u015f\u00fck\u00fcr ki, demokrasiler bu de\u011fi\u015fimin milletin me\u015fru ve h\u00fcr iradesi ile yap\u0131labildi\u011fi rejimlerdir ve \u00fclkemizin demokratik birikimi bizlere bu imkan\u0131 sunmaktad\u0131r.&#8221; Bu itibarla, olumsuzluklar katlanarak artarken sand\u0131ktan ka\u00e7mak; ya demokrasiye ve millete inanmamak demektir, ya otokrat bir y\u00f6netim arzusunun, despot bir ruh halinin yans\u0131mas\u0131d\u0131r, ya yokluk, yoksulluk ve teslimiyeti g\u00f6remeyen bir siyasal k\u00f6rl\u00fc\u011f\u00fcn i\u015faretidir ya da veremeyecek hesaplara ve karanl\u0131k ili\u015fkilere mahkum hale gelmi\u015f olman\u0131n derinden ya\u015fanan korkusudur. Biz bunlar\u0131n tamam\u0131n\u0131n Ba\u015fbakan\u0131 se\u00e7imden ve sand\u0131ktan \u00fcrk\u00fcten bask\u0131n etkenler oldu\u011fu d\u00fc\u015f\u00fcncesindeyiz.&#8221; Bah\u00e7eli, bug\u00fcn T\u00fcrkiye\u2019nin \u015fartlar\u0131n\u0131n 2002 y\u0131l\u0131na g\u00f6re \u00e7ok daha a\u011f\u0131rla\u015ft\u0131\u011f\u0131n\u0131, Cumhuriyetin birikimlerinin \u00e7ok daha fazla tahrip oldu\u011funu savundu. 57. H\u00fck\u00fcmet d\u00f6neminde &#8220;\u00f6nce \u00fclkem sonra partim&#8221; ilkesiyle hareket ederek se\u00e7ime gittiklerini ve o g\u00fcnk\u00fc \u015fartlarda partilerinin Meclis d\u0131\u015f\u0131nda kalarak siyasi bedeli \u00f6dedi\u011fini, milletin AK Parti\u2019yi h\u00fck\u00fcmete ta\u015f\u0131mas\u0131na da sayg\u0131l\u0131 olduklar\u0131n\u0131 s\u00f6yleyen Bah\u00e7eli, &#8220;\u015eimdi bedel \u00f6deme s\u0131ras\u0131 Adalet ve Kalk\u0131nma Partisi\u2019ndedir. Milletimizin sonuna kadar g\u00fcvendi\u011fimiz iradesi ilk se\u00e7imde bu ilkesiz kadrolar\u0131 g\u00f6nderecek ve inanc\u0131m\u0131z odur ki Milliyet\u00e7i Hareketi iktidar yapacakt\u0131r. Ka\u00e7\u0131\u015f yoktur, kurtulu\u015f yoktur. Buradan Ba\u015fbakan\u2019a hat\u0131rlat\u0131r\u0131m ki korkunun da ecele faydas\u0131 yoktur&#8221; diye konu\u015ftu.<\/p>\n<p style=\"text-align: justify;\"><span style=\"color: #888888;\">Radikal<\/span><\/p>\n","protected":false},"excerpt":{"rendered":"<p style=\"text-align: justify;\">\n<p style=\"text-align: justify;\">MHP Genel Ba\u015fkan\u0131 Devlet Bah\u00e7eli, se\u00e7im yap\u0131lmas\u0131 i\u00e7in gereken \u015fartlar\u0131n olu\u015ftu\u011funu savunarak, &#8220;Se\u00e7ime gitmek i\u00e7in isyan m\u0131, sava\u015f hali mi, \u00e7at\u0131\u015fma m\u0131, b\u00f6l\u00fcnme mi olmas\u0131 gerekmektedir?&#8221; dedi.<\/p>\n<p style=\"text-align: justify;\">Bah\u00e7eli, partisinin Grup Toplant\u0131s\u0131nda yapt\u0131\u011f\u0131 konu\u015fmada, \u00fclkesine hizmeti esas alan her y\u00f6neticinin en b\u00fcy\u00fck hedefinin ve yegane gayretinin, &#8220;sorumlulu\u011funu \u00fcstlendi\u011fi be\u015feri <\/p>\n","protected":false},"author":1,"featured_media":0,"comment_status":"open","ping_status":"closed","sticky":false,"template":"","format":"standard","meta":{"footnotes":""},"categories":[105],"tags":[],"class_list":["post-17804","post","type-post","status-publish","format-standard","hentry","category-gundem","odd"],"_links":{"self":[{"href":"http:\/\/www.korhanyilmaz.com\/index.php?rest_route=\/wp\/v2\/posts\/17804","targetHints":{"allow":["GET"]}}],"collection":[{"href":"http:\/\/www.korhanyilmaz.com\/index.php?rest_route=\/wp\/v2\/posts"}],"about":[{"href":"http:\/\/www.korhanyilmaz.com\/index.php?rest_route=\/wp\/v2\/types\/post"}],"author":[{"embeddable":true,"href":"http:\/\/www.korhanyilmaz.com\/index.php?rest_route=\/wp\/v2\/users\/1"}],"replies":[{"embeddable":true,"href":"http:\/\/www.korhanyilmaz.com\/index.php?rest_route=%2Fwp%2Fv2%2Fcomments&post=17804"}],"version-history":[{"count":0,"href":"http:\/\/www.korhanyilmaz.com\/index.php?rest_route=\/wp\/v2\/posts\/17804\/revisions"}],"wp:attachment":[{"href":"http:\/\/www.korhanyilmaz.com\/index.php?rest_route=%2Fwp%2Fv2%2Fmedia&parent=17804"}],"wp:term":[{"taxonomy":"category","embeddable":true,"href":"http:\/\/www.korhanyilmaz.com\/index.php?rest_route=%2Fwp%2Fv2%2Fcategories&post=17804"},{"taxonomy":"post_tag","embeddable":true,"href":"http:\/\/www.korhanyilmaz.com\/index.php?rest_route=%2Fwp%2Fv2%2Ftags&post=17804"}],"curies":[{"name":"wp","href":"https:\/\/api.w.org\/{rel}","templated":true}]}}