{"id":17800,"date":"2010-01-12T03:54:41","date_gmt":"2010-01-12T01:54:41","guid":{"rendered":"http:\/\/www.korhanyilmaz.com\/?p=17800"},"modified":"2010-01-12T03:54:41","modified_gmt":"2010-01-12T01:54:41","slug":"baykal-komplocu-bir-iktidarla-karsi-karsiyayiz","status":"publish","type":"post","link":"http:\/\/www.korhanyilmaz.com\/?p=17800","title":{"rendered":"Baykal: Komplocu bir iktidarla kar\u015f\u0131 kar\u015f\u0131yay\u0131z"},"content":{"rendered":"<p><a href=\"http:\/\/www.korhanyilmaz.com\/wp-content\/uploads\/2010\/01\/BAYKAL.jpeg\"  class=\"lightview\"><img loading=\"lazy\" decoding=\"async\" class=\"aligncenter size-full wp-image-17801\" src=\"http:\/\/www.korhanyilmaz.com\/wp-content\/uploads\/2010\/01\/BAYKAL.jpeg\" alt=\"\" width=\"322\" height=\"97\" \/><\/a><\/p>\n<p style=\"text-align: justify;\">CHP Genel Ba\u015fkan\u0131 Deniz Baykal partisinin grup toplant\u0131s\u0131nda konu\u015ftu. Baykal, &#8220;T\u00fcrkiye&#8217;nin sorunu muhalefetin darbeci de\u011fil, iktidar\u0131n komplocu olmas\u0131d\u0131r&#8221; dedi.<\/p>\n<p style=\"text-align: justify;\"><strong><em>\u0130\u015fte Baykal&#8217;\u0131n konu\u015fmas\u0131ndan sat\u0131r ba\u015flar\u0131: <\/em><\/strong><\/p>\n<p style=\"text-align: justify;\">H\u00fck\u00fcmet bindirin fiyatlar\u0131 diyor. Bindirin ki ben pay\u0131m\u0131 alay\u0131m. Milletin s\u0131rt\u0131ndan sen pay alacaks\u0131n diye, yabanc\u0131 sigara \u015firketlerinin daha fazla kazanmas\u0131n\u0131 zorlaman\u0131n, nas\u0131l bir sorumlu devlet politikas\u0131yla ba\u011fda\u015fla\u015ft\u0131r\u0131labilir? 2010 y\u0131l\u0131 h\u00fck\u00fcmet t\u00fct\u00fcn konusunda kendisini ortaya koydu. Tekel i\u015f\u00e7ileri konusunda en dayatmac\u0131 m\u00fccadeleyi veriyor, onlara her t\u00fcrl\u00fc copu daya\u011f\u0131 gaz s\u0131kmay\u0131 kendisine hak biliyor, ama yabanc\u0131 tekellere daha \u00e7ok zam yap\u0131n, daha \u00e7ok kazan\u0131n diye garip bask\u0131lar yap\u0131yor. <!--more--><\/p>\n<p style=\"text-align: justify;\">Ger\u00e7ekleri kavramam\u0131z bak\u0131m\u0131ndan, bu h\u00fck\u00fcmetin kimli\u011fini anlama bak\u0131m\u0131ndan bunlar \u00e7ok \u00f6nemli ipu\u00e7lar\u0131d\u0131r. Halk\u0131n t\u00fcketicinin iktidar\u0131 olarak anlamak m\u00fcmk\u00fcn olmam\u0131\u015ft\u0131r. H\u00fck\u00fcmetin izledi\u011fi ekonomi politikas\u0131n\u0131n yaratt\u0131\u011f\u0131 s\u0131k\u0131nt\u0131lar\u0131 hepimiz biliyoruz. Son d\u00f6nemde bu s\u0131k\u0131nt\u0131lar\u0131n, sonu\u00e7lar\u0131n\u0131 g\u00f6rmeye ba\u015flad\u0131k. Ziraat m\u00fchendislerinin d\u00fcn teknik genel kurulu vard\u0131. Orada ger\u00e7ekleri vurgulad\u0131lar g\u00f6rd\u00fck. T\u00fcrkiye ekili alanlar\u0131n\u0131n iki milyon hektar\u0131n\u0131 bu h\u00fck\u00fcmetin yanl\u0131\u015f uygulamalar\u0131 sonucunda tar\u0131m d\u0131\u015f\u0131na \u00e7\u0131kar\u0131lm\u0131\u015ft\u0131r.<\/p>\n<p style=\"text-align: justify;\">Yani bir rant alan\u0131 olarak, bir ticarile\u015fme f\u0131rsat\u0131 olarak ikame edilmesi m\u00fcmk\u00fcn olmayan, yerine yenisini koyamayaca\u011f\u0131z, en bereketli iki milyon hektar tar\u0131m arazisi, bu iktidar\u0131n rant talan\u0131n\u0131n kurban\u0131 olmu\u015ftur. Ya\u015fan\u0131lan s\u0131k\u0131nt\u0131lar ad\u0131na bunlar unutulmamas\u0131 gereken ger\u00e7eklerdir. \u00dclkenin n\u00fcfusu art\u0131yor, hayvanc\u0131l\u0131k fevkalade \u00f6nemli. 2002\u2019de T\u00fcrkiye\u2019de tar\u0131mda ya\u015fayan insanlar\u0131n y\u00fczde 19\u2019u yoksulluk s\u0131n\u0131r\u0131n\u0131n i\u00e7inde ya\u015farken, \u015fimdi maalesef y\u00fczde 31\u2019i yoksulluk s\u0131n\u0131r\u0131n\u0131n alt\u0131nda ya\u015far noktaya gelmi\u015ftir. Yani 7 y\u0131ll\u0131k d\u00f6nemde AKP y\u00fczde 20 olan yoksul say\u0131s\u0131n\u0131 y\u00fczde 31\u2019e \u00e7\u0131karm\u0131\u015ft\u0131r. Bu tablodur i\u015fte. \u00c7ift\u00e7inin yoksulla\u015fmas\u0131 dedi\u011fimiz budur.<\/p>\n<p style=\"text-align: justify;\">Somut ekonomik ger\u00e7ek i\u015fte budur. Bunun alt\u0131nda tabi destekleme konusundaki yanl\u0131\u015f uygulamalar yat\u0131yor. AKP, tar\u0131ma verilen destekleri sistematik olarak azaltm\u0131\u015ft\u0131r. Yoksul say\u0131s\u0131 artmaktad\u0131r, destekleme oran\u0131 azalmaktad\u0131r. Trakt\u00f6r sat\u0131\u015flar\u0131 d\u00fc\u015fm\u00fc\u015ft\u00fcr. 2006\u2019da 28 bin olan trakt\u00f6r say\u0131s\u0131 2008\u2019de 14 bine inmi\u015ftir. bu T\u00fcrkiye\u2019deki tar\u0131m\u0131n nas\u0131l bir s\u0131k\u0131nt\u0131 i\u00e7inde oldu\u011funu a\u00e7\u0131k\u00e7a g\u00f6stermektedir. Bu tablo d\u00fc\u015f\u00fcnd\u00fcr\u00fcc\u00fc bir tablodur. T\u00fcrkiye in\u015fallah yeni bir ba\u015flang\u0131\u00e7 yapacak sand\u0131k \u00f6n\u00fcne gelince. Yeni bir d\u00f6nem a\u00e7\u0131lacak, hi\u00e7 ku\u015fku duymuyorum. Bu d\u00f6nemde en temel \u00f6nceli\u011fi ta\u015f\u0131mas\u0131 gerekti\u011fine inand\u0131\u011f\u0131m sekt\u00f6rlerin ba\u015f\u0131nda tar\u0131m sekt\u00f6r\u00fc geliyor. Tar\u0131m ve hayvanc\u0131l\u0131k s\u00fcnger gibidir i\u015fsizli\u011fi emer. CHP olarak nerede ne yapaca\u011f\u0131m\u0131z biliyoruz. Bunlar\u0131 yapacak en deneyimli kadrolar CHP\u2019dedir.<\/p>\n<p style=\"text-align: justify;\"><strong><em>Deniz Feneri<\/em><\/strong><\/p>\n<p style=\"text-align: justify;\">Deniz Feneri ile ilgili geli\u015fmeleri izliyor musunuz? Gazetelerde haber yok. Almanya bu konuyu dikkatle takip ediyor. Ve T\u00fcrkiye\u2019nin g\u00fcndemine de Almanya\u2019n\u0131n ataca\u011f\u0131 ad\u0131mlarla gelebiliyor.<\/p>\n<p style=\"text-align: justify;\">Deniz Feneri dosyas\u0131yla ilgili olarak \u0130\u00e7i\u015fleri bile m\u00fcfetti\u015fler arac\u0131l\u0131\u011f\u0131yla yapt\u0131\u011f\u0131 incelemede yolsuzluklar\u0131n bulundu\u011funu tespit etmi\u015ftir. 17 milyon liran\u0131n yurt d\u0131\u015f\u0131na ka\u00e7\u0131r\u0131ld\u0131\u011f\u0131 ve orada nerede nas\u0131l kullan\u0131ld\u0131\u011f\u0131n\u0131n tespit edilemedi\u011fi ifade edilmi\u015ftir.<\/p>\n<p style=\"text-align: justify;\">Ben hala iyimserlik kap\u0131s\u0131n\u0131 a\u00e7\u0131k tutmak istiyorum. Umuyorum Almanya\u2019n\u0131n yoksullar\u0131na yard\u0131m i\u00e7in bu paralar gitmi\u015ftir.<\/p>\n<p style=\"text-align: justify;\"><em><strong>Ergenekon Davas\u0131<\/strong><\/em><\/p>\n<p style=\"text-align: justify;\">\u00dcmraniye bask\u0131n\u0131nda elde edilen bir geli\u015fme olarak ortaya \u00e7\u0131kt\u0131. T\u00fcbitak\u2019\u0131n ara\u015ft\u0131rmas\u0131nda ortaya \u00e7\u0131kt\u0131 ki tutanak olay terinde de\u011fil karakolda tutulmu\u015ftur.<\/p>\n<p style=\"text-align: justify;\">T\u00fcbitak demi\u015ftir ki bu tutanak sahte bir tutanakt\u0131r. Yarg\u0131tay ba\u015fkan\u0131n\u0131n feryad\u0131n\u0131 dinledik, dedi ki \u201cAte\u015f bacay\u0131 sard\u0131. Yang\u0131n b\u00fcy\u00fcyor. Yarg\u0131 art\u0131k ba\u011f\u0131ms\u0131z de\u011fildir\u201d diyor.<\/p>\n<p style=\"text-align: justify;\">Diyen kim T\u00fcrkiye\u2019nin en sayg\u0131n anayasal yarg\u0131 kurumunun ba\u015f\u0131ndaki bir hukuk\u00e7u. Yarg\u0131tay Ba\u015fkan\u0131. Bunu AKP ile \u00e7at\u0131\u015fmak i\u00e7in mi diyor? B\u00f6yle feryat ediyorsa buna sayg\u0131 g\u00f6stermek hepimizin g\u00f6revi de\u011fil midir? Ba\u015fbakan kurumlar aras\u0131 \u00e7at\u0131\u015fmay\u0131 nereden \u00e7\u0131kar\u0131yorsunuz diyor. Ba\u015fbakan bunu g\u00f6rm\u00fcyor mu? Yetmiyor mu Ba\u015fbakan\u2019a.<\/p>\n<p style=\"text-align: justify;\">Ba\u015fbakan\u2019a \u201cyang\u0131n feryad\u0131\u201d da yetmemi\u015f anla\u015f\u0131lan. Telekulak olay\u0131 ortada. Dinleme i\u00e7in kuvvetli \u015f\u00fcphenin bulunmas\u0131 gerekmiyor mu? Hakimleri dinlemek i.in kuvvetli \u015f\u00fcpheyi nereden buldun sen.<\/p>\n<p style=\"text-align: justify;\">T\u0130B faaliyete devam ediyor. Anayasa Mahkemesi iptal etti. Ba\u015fkan\u0131 g\u00f6revine hala devam ediyor. 34 tane atama yap\u0131lamas\u0131 gerekiyor Yarg\u0131tay\u2019a. Milyonlarca insan yarg\u0131 kap\u0131s\u0131nda. Vatanda\u015f\u0131n derdi var. Dertli.<\/p>\n<p style=\"text-align: justify;\">Yarg\u0131tay\u2019\u0131n i\u015fi ba\u015f\u0131ndan a\u015fm\u0131\u015f. Yarg\u0131tay\u2019daki \u00fcye say\u0131s\u0131 yetersiz. 34 \u00fcyenin atamas\u0131 laz\u0131m. Bir t\u00fcrl\u00fc atanam\u0131yor. Pazarl\u0131k ile \u00fcye atanmaya \u00e7al\u0131\u015f\u0131l\u0131yor. Adalet Bakanl\u0131\u011f\u0131 pazarl\u0131k yap\u0131yor HSYK ile \u015fu akdar\u0131n\u0131 ben yapay\u0131m diye.<\/p>\n<p style=\"text-align: justify;\">HSYK\u2019n\u0131n g\u00fcndemini belirleme sorumlulu\u011funu ta\u015f\u0131yan Adalet Bakan\u0131\u2019n\u0131n bu yapt\u0131\u011f\u0131 g\u00f6revi k\u00f6t\u00fcye kullanmakt\u0131r ve a\u00e7\u0131k bir anayasa su\u00e7udur. B\u00f6yle bir anlay\u0131\u015f olur mu? Ba\u015fbakan\u0131n esip g\u00fcrlemesine gerek yok. Bo\u015f laf onlar. Sen polemi\u011fi b\u0131rak bo\u015f \u00fcyelikleri se\u00e7.<\/p>\n<p style=\"text-align: justify;\">Genelkurmay Ba\u015fkan\u0131 \u00e7\u0131kt\u0131 dedi ki \u201cSilahl\u0131 Kuvvetlere kar\u015f\u0131 sald\u0131r\u0131 var\u201d. Soru \u015fu kim yap\u0131yor bunu? Sald\u0131r\u0131lan\u0131 anlad\u0131k ama sald\u0131r\u0131y\u0131 kim yap\u0131yor anlayamad\u0131k. Silahl\u0131 Kuvvetlere y\u00f6nelik dava a\u00e7t\u0131 Ba\u015fbakan. \u0130rtica ile m\u00fccadele belgesi, varm\u0131\u015f. Ne oldu peki. Fotokopi \u00e7\u0131kt\u0131. Sonra ba\u015fka biri \u00e7\u0131kt\u0131 asl\u0131 bende \u0131slak imza var dedi. Dediler ki ve inceleyece\u011fiz. Kim inceleyecek Adli T\u0131p. Adli T\u0131p\u2019\u0131n hangi kadrola\u015fma anlay\u0131\u015f\u0131 ile karar verdi\u011fini biliyoruz. Ankara\u2019da da bir mahkeme var g\u00f6nder bir de ben inceleyeyim diyor. Hay\u0131r bir t\u00fcrl\u00fc gelmiyor. Niye inceletmiyorsunuz?<\/p>\n<p style=\"text-align: justify;\"><strong><em>Ar\u0131n\u00e7&#8217;a Suikast<\/em><\/strong><\/p>\n<p style=\"text-align: justify;\">Ne oldu say\u0131n Ba\u015fbakan. Bir suikast iddias\u0131 dediniz. Haftalard\u0131r kozmik odada inceleme yap\u0131l\u0131yor. Suikast san\u0131klar\u0131 ne oldu. Mahkeme yok b\u00f6yle bir \u015fey dedi. Mahkeme itibar etmiyor haftalard\u0131r arama devam ediyor. \u0130nsan sormak istiyor, \u201cGer\u00e7eklerin pe\u015finde miyiz, yoksa \u00fclkeyi kar\u0131\u015ft\u0131rmak m\u0131 istiyoruz\u201d<\/p>\n<p style=\"text-align: justify;\">Suikast iddias\u0131 acaba bilin\u00e7li olarak m\u0131 ortaya at\u0131ld\u0131 bu sorular sorulmas\u0131 gereken sorular. Suikast iddias\u0131 ge\u00e7ti TSK\u2019n\u0131n kalbinde arama haftalard\u0131r devam ediyor. Bu itham\u0131n muhatab\u0131 olanlar bunu rahatl\u0131kla kar\u015f\u0131layabilirler ama T\u00fcrk milleti haftalard\u0131r TSK\u2019ya y\u00f6nelik s\u00fcren bu ithamdan rahats\u0131z olmaktad\u0131r.<\/p>\n<p style=\"text-align: justify;\">Herkes ciddi olacak ve yapt\u0131\u011f\u0131 iddian\u0131n hesab\u0131n\u0131 verecek.<\/p>\n<p style=\"text-align: justify;\">\u0130ddias\u0131 do\u011fru \u00e7\u0131karsa tamam ama do\u011fru \u00e7\u0131kmazsa hesab\u0131n\u0131 verecek. Dursun \u00c7i\u00e7ek\u2019e y\u00f6nelik iddialara ne oldu. Unutuldu gitti. Bunu vicdan kabul eder mi?<\/p>\n<p style=\"text-align: justify;\">Ne oldu suikast iddias\u0131. Komutan\u0131 \u00f6ld\u00fcrme iddias\u0131yla intihara s\u00fcr\u00fcklenen Albay\u0131n vicdan azab\u0131n\u0131 nas\u0131l unutabiliyorsunuz? Bir toplumda bir tek ki\u015fiye haks\u0131zl\u0131k yap\u0131l\u0131r, geri kalan da susarsa toplumun t\u00fcm\u00fc o haks\u0131zl\u0131\u011fa lay\u0131k hale gelmi\u015f olur. Biz bu haks\u0131zl\u0131\u011f\u0131 g\u00f6r\u00fcyor ve kabul etmiyoruz diyoruz.T\u00fcrkiye demokrasiye gidiyormu\u015f bunlar da demokrasiye gidin a\u015famalar\u0131ym\u0131\u015f.<\/p>\n<p style=\"text-align: justify;\">Demokrasiyi yarg\u0131m m\u0131 \u00f6nl\u00fcyordu? Yarg\u0131y\u0131 hedef al\u0131p susturup demokrasinin \u00f6n\u00fcn a\u00e7man\u0131n m\u00fcmk\u00fcn oldu\u011fu nas\u0131l iddia edilebilir? Referandum karar\u0131n\u0131 ge\u00e7irdiler, yak\u0131nda anayasa de\u011fi\u015fikli\u011fini g\u00fcndeme getirecekler bunu alt\u0131nda HSYK\u2019n\u0131n yap\u0131s\u0131n\u0131 de\u011fi\u015ftirme amac\u0131 var. Bu parlamentonun be\u015fte d\u00f6rd\u00fc dokunulmazl\u0131k z\u0131rh\u0131 alt\u0131nda yarg\u0131dan ka\u00e7an insanlardan olu\u015fmaktad\u0131r. Kendi hesab\u0131n\u0131 vermemi\u015f. Kendi itham alt\u0131nda. Kalpazanl\u0131ktan itham alt\u0131nda. Bunlar \u015fimdi yarg\u0131c\u0131 se\u00e7ecek olanlar\u0131 se\u00e7ecek. \u00c7ocuk mu aldat\u0131yorsunuz?<\/p>\n<p style=\"text-align: justify;\">T\u00fcrkiye\u2019de demokrasiye do\u011fru gidiyormu\u015fuz. Yarg\u0131tay Ba\u015fkan\u0131 m\u0131 engel, yarg\u0131\u00e7lar m\u0131 engel, medya m\u0131 engel demokrasiye gidi\u015fte. En b\u00fcy\u00fck bask\u0131 sans\u00fcr\u00fcn \u00f6tesinde otosans\u00fcr. Yarg\u0131tay Ba\u015fkan\u0131 konu\u015ftu ka\u00e7\u0131 gazetelerin birinci sayfas\u0131nda yer ald\u0131? Onlar da hakl\u0131 ama bun \u015fartlar alt\u0131nda koyamay\u0131z diyorlar.<\/p>\n<p style=\"text-align: justify;\">Bu ac\u0131 tabloyu demokrasiye gidi\u015f olarak tan\u0131mlamak m\u00fcmk\u00fcn m\u00fc? T\u00fcrkiye\u2019de demokrasiyi \u00fcniversiteler mi, sendikalar m\u0131 tehdit ediyor her birisi susturuldu. Demokrasiyi i\u015f\u00e7iler, eczac\u0131lar, \u00f6\u011frenciler mi tehdit ediyor? Hepsi y\u0131ld\u0131r\u0131ld\u0131.<\/p>\n<p style=\"text-align: justify;\">Devletin bankalar\u0131n\u0131n paralar\u0131yla gazete sat\u0131n ald\u0131r\u0131lan, yay\u0131nc\u0131l\u0131\u011f\u0131n y\u00fczde 70\u2019ini m\u00fclkiyet yoluyla elde etmi\u015f kalan\u0131n\u0131 da y\u0131ld\u0131rm\u0131\u015f bir zihniyet hakim olmu\u015f siz demokrasiden bahsedeceksiniz.<\/p>\n<p style=\"text-align: justify;\">Bu manzara kar\u015f\u0131s\u0131nda \u00e7are millettir. T\u00fcrkiye\u2019nin \u00e7\u0131k\u0131\u015f yolunu ortaya koyacak tek g\u00fc\u00e7 milletin ta kendisidir. \u0130ktidarlar her g\u00fcc\u00fc susturabilir nereye kadar, millet onlara dur, art\u0131k yeter diyene kadar. T\u00fcrkiye\u2019nin o noktaya gelmekte oldu\u011funu g\u00f6r\u00fcyorum.<\/p>\n<p style=\"text-align: justify;\">Ba\u015fbakan erken se\u00e7im nereden \u00e7\u0131kt\u0131 diyor. Se\u00e7im laf\u0131 nereden \u00e7\u0131kt\u0131? Bunu alt\u0131nda yatan partilerin s\u00f6ylemi de\u011fil milletin ihtiyac\u0131d\u0131r. Her erken se\u00e7im s\u00f6z\u00fc ba\u015fbakana \u201csen \u00fclkeyi y\u00f6netemiyorsun\u201d demektir. \u0130tham ediyorsun sonunu getiremiyorsunuz. \u0130nsanlar intihar ediyor. \u0130ktidara gelin o zaman hesap sorars\u0131n\u0131z diyorlar. Hay\u0131r biz hesap sormak de\u011fil, T\u00fcrkiye\u2019nin karde\u015fli\u011fini bozulmamas\u0131n\u0131 istiyoruz.<\/p>\n<p style=\"text-align: justify;\">T\u00fcrkiye\u2019nin sorunu muhalefetin darbeci de\u011fil iktidar\u0131n komplocu olmas\u0131d\u0131r. Komplocu bir iktidarla kar\u015f\u0131 kar\u015f\u0131yay\u0131z arkada\u015flar. Darbe laf\u0131 bir su\u00e7lama vesilesi olarak kullan\u0131l\u0131yor. Bir bak\u0131yorsun beyle su\u00e7land\u0131\u011f\u0131n\u0131 bile bilmeden milletin vatansever evlatlar\u0131 cezaevinde.<\/p>\n<p style=\"text-align: justify;\"><strong><em>\u0130ktidar Komplocu<\/em><\/strong><\/p>\n<p style=\"text-align: justify;\">Komplocu bir iktidar tehdidine kar\u015f\u0131 T\u00fcrkiye sayg\u0131nl\u0131\u011f\u0131n\u0131 koruyacakt\u0131r. Bu m\u00fccadelemizi mutlaka ba\u015far\u0131ya ula\u015ft\u0131raca\u011f\u0131z.<\/p>\n<p style=\"text-align: justify;\">Ba\u015fbakan diyor ki ben paras\u0131n\u0131 verip ara\u015ft\u0131rma yapmayaca\u011f\u0131m ama onun s\u00f6yledi\u011fini ikiyle \u00e7arp\u0131n.<\/p>\n<p style=\"text-align: justify;\">Ben para verip ara\u015ft\u0131rma yapm\u0131yorum. Ba\u015fbakan\u0131n para verip yapt\u0131\u011f\u0131 ara\u015ft\u0131rmalar\u0131n sonucunu ben a\u00e7\u0131kl\u0131yorum.<\/p>\n<p style=\"text-align: justify;\">Bu ara\u015ft\u0131rmalar bizzat ba\u015fbakan\u0131n yapt\u0131\u011f\u0131 ara\u015ft\u0131rmalar\u0131n sonucudur.<\/p>\n<p style=\"text-align: justify;\">As\u0131l oy kayb\u0131 i\u00e7in nedenler \u015fimdi ortaya \u00e7\u0131kt\u0131. Zam ya\u011fmuru bast\u0131rm\u0131\u015f, T\u00fcrkiye k\u00fc\u00e7\u00fclm\u00fc\u015f, kurumlar birbiriyle \u00e7at\u0131\u015fm\u0131\u015f, tar\u0131m\u0131n hali ortada, K\u00fcrt a\u00e7\u0131l\u0131m\u0131 dedin milleti birbirine d\u00fc\u015f\u00fcrd\u00fcn.<\/p>\n<p style=\"text-align: justify;\">Sana oy vermi\u015f olan Tekel i\u015f\u00e7ileri itfaiyeciler art\u0131k sana oy vermeyecek.<\/p>\n<p style=\"text-align: justify;\">Sen 18 ayda y\u00fczde 8,5 oy kaybetmi\u015fsin bu d\u00f6nemde hi\u00e7biri yoktu.<\/p>\n<p style=\"text-align: justify;\">Senin s\u00f6yleyemediklerini ben s\u00f6yl\u00fcyorum. Saklama bildiklerini milletten.<\/p>\n<p style=\"text-align: justify;\"><span style=\"color: #888888;\">Radikal<\/span><\/p>\n","protected":false},"excerpt":{"rendered":"<\/p>\n<p style=\"text-align: justify;\">CHP Genel Ba\u015fkan\u0131 Deniz Baykal partisinin grup toplant\u0131s\u0131nda konu\u015ftu. Baykal, &#8220;T\u00fcrkiye&#8217;nin sorunu muhalefetin darbeci de\u011fil, iktidar\u0131n komplocu olmas\u0131d\u0131r&#8221; dedi.<\/p>\n<p style=\"text-align: justify;\">\u0130\u015fte Baykal&#8217;\u0131n konu\u015fmas\u0131ndan sat\u0131r ba\u015flar\u0131: <\/p>\n<p style=\"text-align: justify;\">H\u00fck\u00fcmet bindirin fiyatlar\u0131 diyor. Bindirin ki ben pay\u0131m\u0131 alay\u0131m. Milletin s\u0131rt\u0131ndan sen pay alacaks\u0131n diye, yabanc\u0131 sigara \u015firketlerinin daha fazla kazanmas\u0131n\u0131 zorlaman\u0131n, nas\u0131l <\/p>\n","protected":false},"author":1,"featured_media":0,"comment_status":"open","ping_status":"closed","sticky":false,"template":"","format":"standard","meta":{"footnotes":""},"categories":[105],"tags":[],"class_list":["post-17800","post","type-post","status-publish","format-standard","hentry","category-gundem","odd"],"_links":{"self":[{"href":"http:\/\/www.korhanyilmaz.com\/index.php?rest_route=\/wp\/v2\/posts\/17800","targetHints":{"allow":["GET"]}}],"collection":[{"href":"http:\/\/www.korhanyilmaz.com\/index.php?rest_route=\/wp\/v2\/posts"}],"about":[{"href":"http:\/\/www.korhanyilmaz.com\/index.php?rest_route=\/wp\/v2\/types\/post"}],"author":[{"embeddable":true,"href":"http:\/\/www.korhanyilmaz.com\/index.php?rest_route=\/wp\/v2\/users\/1"}],"replies":[{"embeddable":true,"href":"http:\/\/www.korhanyilmaz.com\/index.php?rest_route=%2Fwp%2Fv2%2Fcomments&post=17800"}],"version-history":[{"count":0,"href":"http:\/\/www.korhanyilmaz.com\/index.php?rest_route=\/wp\/v2\/posts\/17800\/revisions"}],"wp:attachment":[{"href":"http:\/\/www.korhanyilmaz.com\/index.php?rest_route=%2Fwp%2Fv2%2Fmedia&parent=17800"}],"wp:term":[{"taxonomy":"category","embeddable":true,"href":"http:\/\/www.korhanyilmaz.com\/index.php?rest_route=%2Fwp%2Fv2%2Fcategories&post=17800"},{"taxonomy":"post_tag","embeddable":true,"href":"http:\/\/www.korhanyilmaz.com\/index.php?rest_route=%2Fwp%2Fv2%2Ftags&post=17800"}],"curies":[{"name":"wp","href":"https:\/\/api.w.org\/{rel}","templated":true}]}}