{"id":17796,"date":"2010-01-12T16:09:37","date_gmt":"2010-01-12T14:09:37","guid":{"rendered":"http:\/\/www.korhanyilmaz.com\/?p=17796"},"modified":"2010-01-12T16:09:37","modified_gmt":"2010-01-12T14:09:37","slug":"eminagaoglu-bakanlik-yetki-kullanmasin","status":"publish","type":"post","link":"http:\/\/www.korhanyilmaz.com\/?p=17796","title":{"rendered":"Emina\u011fao\u011flu: &quot;Bakanl\u0131k yetki kullanmas\u0131n&quot;"},"content":{"rendered":"<p style=\"text-align: center;\"><a href=\"http:\/\/www.korhanyilmaz.com\/wp-content\/uploads\/2010\/01\/EM\u0130NAGAOGLU.jpg\"  class=\"lightview\"><img loading=\"lazy\" decoding=\"async\" class=\"aligncenter size-full wp-image-17797\" src=\"http:\/\/www.korhanyilmaz.com\/wp-content\/uploads\/2010\/01\/EM\u0130NAGAOGLU.jpg\" alt=\"\" width=\"263\" height=\"198\" \/><\/a><\/p>\n<p style=\"text-align: justify;\">Yarg\u0131tay Cumhuriyet Savc\u0131s\u0131 \u00d6mer Faruk Emina\u011fao\u011flu, &#8220;yarg\u0131 ba\u011f\u0131ms\u0131zl\u0131\u011f\u0131&#8221;n\u0131n Cumhuriyet tarihinde bug\u00fcn oldu\u011fu kadar hi\u00e7bir d\u00f6nemde tart\u0131\u015f\u0131lmad\u0131\u011f\u0131n\u0131 savunarak, &#8220;Adalet Bakanl\u0131\u011f\u0131&#8217;n\u0131n, yetki ve g\u00f6revlerini kullanmas\u0131 yarg\u0131 ba\u011f\u0131ms\u0131zl\u0131\u011f\u0131na tehdittir. Adalet Bakanl\u0131\u011f\u0131&#8217;n\u0131n, yetkilerini kullanmamas\u0131 yarg\u0131 ba\u011f\u0131ms\u0131zl\u0131\u011f\u0131n\u0131n ya\u015famas\u0131 i\u00e7in yeterlidir&#8221; dedi. <!--more--><\/p>\n<p style=\"text-align: justify;\">Yarg\u0131tay Cumhuriyet Savc\u0131s\u0131 Emina\u011fao\u011flu da T\u00fcrkiye&#8217;de &#8220;yarg\u0131 ba\u011f\u0131ms\u0131zl\u0131\u011f\u0131n\u0131n en \u00e7ok tart\u0131\u015f\u0131ld\u0131\u011f\u0131 ve ihlal edildi\u011fi bir d\u00f6nemin ya\u015fand\u0131\u011f\u0131n\u0131&#8221; \u00f6ne s\u00fcrerek, &#8220;Yarg\u0131ya ihanet belgelerinin orijinalleri elimizde, ama ger\u00e7ekli\u011fi tart\u0131\u015f\u0131l\u0131r demokrasiye ihanet belgelerinin pe\u015fine d\u00fc\u015f\u00fclmekte&#8221; diye konu\u015ftu.<\/p>\n<p style=\"text-align: justify;\">&#8220;Adalet Bakanl\u0131\u011f\u0131, yarg\u0131ya inanc\u0131 olmayan bakanl\u0131k durumuna gelmi\u015ftir&#8221; g\u00f6r\u00fc\u015f\u00fcn\u00fc dile getiren Emina\u011fao\u011flu, &#8220;Adalet Bakanl\u0131\u011f\u0131, yetki ve g\u00f6revlerini kullanmas\u0131 yarg\u0131 ba\u011f\u0131ms\u0131zl\u0131\u011f\u0131na tehdittir. Adalet Bakanl\u0131\u011f\u0131&#8217;n\u0131n yetkilerini kullanmamas\u0131 yarg\u0131 ba\u011f\u0131ms\u0131zl\u0131\u011f\u0131n\u0131n ya\u015famas\u0131 i\u00e7in yeterlidir&#8221; dedi.<\/p>\n<p style=\"text-align: justify;\">&#8220;AK Parti iktidar\u0131n\u0131n yasalardaki yetkilerini hukuk dinlemeden kulland\u0131\u011f\u0131n\u0131&#8221; ileri s\u00fcren Emina\u011fao\u011flu, &#8220;Ben telekulak ile ilgili ba\u015fvuruyu yapt\u0131\u011f\u0131m zaman soru\u015fturma ge\u00e7iriyorum. O soru\u015fturmay\u0131 soru\u015fturan savc\u0131 soru\u015fturma ge\u00e7iriyor, T\u0130B&#8217;e tespite giden yarg\u0131\u00e7 soru\u015fturma ge\u00e7iriyor, T\u0130B&#8217;de tespit yap\u0131lmas\u0131na karar veren yarg\u0131\u00e7 soru\u015fturma ge\u00e7iriyor. Siz de bu s\u00fcre\u00e7te yarg\u0131 ba\u011f\u0131ms\u0131zl\u0131\u011f\u0131n\u0131 g\u00f6zeterek g\u00f6revinizi yapmaya \u00e7al\u0131\u015f\u0131yorsunuz. Siyasi iradenin beklentileriyle \u00f6rt\u00fc\u015fmeyen i\u015f ve i\u015flemlerde bulunan yarg\u0131\u00e7 ve savc\u0131lar ihra\u00e7 istemiyle kar\u015f\u0131 kar\u015f\u0131yad\u0131r. Siyasi iradenin beklentileriyle \u00f6rt\u00fc\u015fen kararlar\u0131 verenler y\u00fcksek yarg\u0131da \u00fcyedir&#8221; dedi.<\/p>\n<p style=\"text-align: justify;\">Emina\u011fao\u011flu, Cumhuriyet Mitingleri&#8217;ne kat\u0131ld\u0131\u011f\u0131 i\u00e7in soru\u015fturma ge\u00e7irdi\u011fini \u00f6ne s\u00fcrerek, &#8220;Laik olarak ihra\u00e7 istemiyle kar\u015f\u0131 kar\u015f\u0131ya kal\u0131yorum, T\u00fcrkiye Cumhuriyeti savc\u0131lar\u0131 hangi niteliklere sahip olacak bunu da say\u0131n Adalet Bakanl\u0131\u011f\u0131&#8217;ndan duymak istiyorum&#8221; \u015feklinde konu\u015ftu. Yasalar\u0131n uygulanmas\u0131nda ciddi sorunlar oldu\u011funu ifade eden Emina\u011fao\u011flu, yarg\u0131 reformu i\u00e7in Anayasa&#8217;da de\u011fi\u015fiklik yapmadan, yasalarda yap\u0131lacak \u00f6nemli de\u011fi\u015fikliklerle sorunlar\u0131n \u00f6nemli bir b\u00f6l\u00fcm\u00fcn\u00fcn \u00e7\u00f6z\u00fclebilece\u011fini vurgulad\u0131.<\/p>\n<p style=\"text-align: justify;\"><span style=\"color: #888888;\">CNN T\u00dcRK<\/span><\/p>\n","protected":false},"excerpt":{"rendered":"<p style=\"text-align: center;\">\n<p style=\"text-align: justify;\">Yarg\u0131tay Cumhuriyet Savc\u0131s\u0131 \u00d6mer Faruk Emina\u011fao\u011flu, &#8220;yarg\u0131 ba\u011f\u0131ms\u0131zl\u0131\u011f\u0131&#8221;n\u0131n Cumhuriyet tarihinde bug\u00fcn oldu\u011fu kadar hi\u00e7bir d\u00f6nemde tart\u0131\u015f\u0131lmad\u0131\u011f\u0131n\u0131 savunarak, &#8220;Adalet Bakanl\u0131\u011f\u0131&#8217;n\u0131n, yetki ve g\u00f6revlerini kullanmas\u0131 yarg\u0131 ba\u011f\u0131ms\u0131zl\u0131\u011f\u0131na tehdittir. Adalet Bakanl\u0131\u011f\u0131&#8217;n\u0131n, yetkilerini kullanmamas\u0131 yarg\u0131 ba\u011f\u0131ms\u0131zl\u0131\u011f\u0131n\u0131n ya\u015famas\u0131 i\u00e7in yeterlidir&#8221; dedi. <\/p>\n","protected":false},"author":1,"featured_media":0,"comment_status":"open","ping_status":"closed","sticky":false,"template":"","format":"standard","meta":{"footnotes":""},"categories":[105],"tags":[],"class_list":["post-17796","post","type-post","status-publish","format-standard","hentry","category-gundem","odd"],"_links":{"self":[{"href":"http:\/\/www.korhanyilmaz.com\/index.php?rest_route=\/wp\/v2\/posts\/17796","targetHints":{"allow":["GET"]}}],"collection":[{"href":"http:\/\/www.korhanyilmaz.com\/index.php?rest_route=\/wp\/v2\/posts"}],"about":[{"href":"http:\/\/www.korhanyilmaz.com\/index.php?rest_route=\/wp\/v2\/types\/post"}],"author":[{"embeddable":true,"href":"http:\/\/www.korhanyilmaz.com\/index.php?rest_route=\/wp\/v2\/users\/1"}],"replies":[{"embeddable":true,"href":"http:\/\/www.korhanyilmaz.com\/index.php?rest_route=%2Fwp%2Fv2%2Fcomments&post=17796"}],"version-history":[{"count":0,"href":"http:\/\/www.korhanyilmaz.com\/index.php?rest_route=\/wp\/v2\/posts\/17796\/revisions"}],"wp:attachment":[{"href":"http:\/\/www.korhanyilmaz.com\/index.php?rest_route=%2Fwp%2Fv2%2Fmedia&parent=17796"}],"wp:term":[{"taxonomy":"category","embeddable":true,"href":"http:\/\/www.korhanyilmaz.com\/index.php?rest_route=%2Fwp%2Fv2%2Fcategories&post=17796"},{"taxonomy":"post_tag","embeddable":true,"href":"http:\/\/www.korhanyilmaz.com\/index.php?rest_route=%2Fwp%2Fv2%2Ftags&post=17796"}],"curies":[{"name":"wp","href":"https:\/\/api.w.org\/{rel}","templated":true}]}}