{"id":17792,"date":"2010-01-12T15:52:39","date_gmt":"2010-01-12T13:52:39","guid":{"rendered":"http:\/\/www.korhanyilmaz.com\/?p=17792"},"modified":"2010-01-12T15:52:39","modified_gmt":"2010-01-12T13:52:39","slug":"bdp-de-hukumete-verdi-veristirdi","status":"publish","type":"post","link":"http:\/\/www.korhanyilmaz.com\/?p=17792","title":{"rendered":"BDP de h\u00fck\u00fcmete verdi veri\u015ftirdi!"},"content":{"rendered":"<p><a href=\"http:\/\/www.korhanyilmaz.com\/wp-content\/uploads\/2010\/01\/bdp.jpg\"  class=\"lightview\"><img loading=\"lazy\" decoding=\"async\" class=\"aligncenter size-full wp-image-17793\" src=\"http:\/\/www.korhanyilmaz.com\/wp-content\/uploads\/2010\/01\/bdp.jpg\" alt=\"\" width=\"292\" height=\"206\" \/><\/a><\/p>\n<p style=\"text-align: justify;\">BDP Grup Ba\u015fkan\u0131 Nuri Yaman, AK Parti&#8217;nin, darbe anayasas\u0131n\u0131 savunur hale geldi\u011fini iddia etti.<\/p>\n<p style=\"text-align: justify;\">T\u00fcrkiye&#8217;de stat\u00fckocu kesimin, demokratik de\u011fi\u015fim ve d\u00f6n\u00fc\u015f\u00fcm talepleri kar\u015f\u0131s\u0131nda son direni\u015flerini sergiledi\u011fini ifade eden Yaman, &#8220;Onlar, otoriter rejimde \u0131srar ederek, eski T\u00fcrkiye&#8217;nin bu haliyle s\u00fcrmesinden yanad\u0131rlar&#8221; dedi. <!--more--><\/p>\n<p style=\"text-align: justify;\">Yaman, bu stat\u00fckocular\u0131n, toplumlar aras\u0131 bir \u00e7at\u0131\u015fmay\u0131 ba\u015flatabilmek i\u00e7in sokak lin\u00e7lerini, \u0131rk\u00e7\u0131 sald\u0131r\u0131lar\u0131 k\u00f6r\u00fckledi\u011fini savundu.<\/p>\n<p style=\"text-align: justify;\">Manisa&#8217;n\u0131n Selendi il\u00e7esinde ya\u015fanan olaya de\u011finen Yaman, Roman vatanda\u015flar\u0131n, kar\u015f\u0131 kar\u015f\u0131ya kald\u0131\u011f\u0131 lin\u00e7 giri\u015fiminin ard\u0131ndan s\u00fcrg\u00fcne g\u00f6nderilmelerinin ibret verici oldu\u011funu s\u00f6yledi.<\/p>\n<p style=\"text-align: justify;\">Nuri Yaman, bu sald\u0131r\u0131y\u0131 kimlerin organize etti\u011finin a\u00e7\u0131\u011fa \u00e7\u0131kar\u0131lmas\u0131 gerekti\u011fini ifade etti.<\/p>\n<p style=\"text-align: justify;\">AK Parti&#8217;nin 7 y\u0131ll\u0131k iktidar\u0131nda, b\u00fcy\u00fck \u00e7o\u011funlu\u011fu K\u00fcrtlere kar\u015f\u0131 olmak \u00fczere 40&#8217;\u0131 a\u015fk\u0131n lin\u00e7 giri\u015fimi ya\u015fand\u0131\u011f\u0131n\u0131 iddia eden Yaman, h\u00fck\u00fcmetin bu lin\u00e7leri \u00f6nlemek yerine seyirci kalarak sessizli\u011fini korudu\u011funu ileri s\u00fcrd\u00fc.<\/p>\n<p style=\"text-align: justify;\"><strong><em>Anayasa de\u011fi\u015fikli\u011fi:<\/em><\/strong><\/p>\n<p style=\"text-align: justify;\">Nuri Yaman, &#8220;h\u00fck\u00fcmetin, askeri vesayet rejimine kar\u015f\u0131 etkili bir siyasal m\u00fccadele vermedi\u011fini&#8221; iddia ederek, h\u00fck\u00fcmetin bu tutumunun, kapsaml\u0131 bir demokrasi m\u00fccadelesini yans\u0131tmaktan uzak oldu\u011funu \u00f6ne s\u00fcrd\u00fc.<\/p>\n<p style=\"text-align: justify;\">H\u00fck\u00fcmetin, demokrasinin ve \u00f6zg\u00fcrl\u00fcklerin \u00f6n\u00fcn\u00fc t\u0131kayan mevcut sistemi de\u011fi\u015ftirme yerine, onu onarma ve restorasyon \u00e7abas\u0131 i\u00e7erisine girdi\u011fini ifade eden Yaman, &#8220;Vesayet rejimine kar\u015f\u0131 siyasi m\u00fccadele verdi\u011fini iddia eden bir siyasi iktidar\u0131n, bu rejimin temel dayana\u011f\u0131 olan 12 Eyl\u00fcl darbe anayasas\u0131n\u0131 de\u011fi\u015ftirmesi gerekmez mi? Se\u00e7im meydanlar\u0131nda yeni anayasa s\u00f6z\u00fc verenler ve toplumu bu vaatlerle s\u00f6m\u00fcrenler, iktidara geldiklerinde ne yaz\u0131k ki 367 gerek\u00e7esinin arkas\u0131na s\u0131\u011f\u0131nmaktad\u0131rlar. Asl\u0131nda h\u00fck\u00fcmetin buna niyeti ve cesareti yoktur. Daha do\u011frusu suya ta\u015f atarak, Anayasa&#8217;n\u0131n sahiplerini \u00fcrk\u00fctmek istememektedirler&#8221; dedi.<\/p>\n<p style=\"text-align: justify;\">&#8220;Onlara g\u00f6re, sistemde, anayasada hi\u00e7bir sorun yok. Sorun sadece uygulamadad\u0131r&#8221; diyen Yaman,  &#8220;AKP, a\u00e7\u0131k\u00e7a darbe anayasas\u0131n\u0131 savunur duruma gelmi\u015ftir. Bug\u00fcn T\u00fcrkiye&#8217;nin demokratikle\u015fmesinin \u00f6n\u00fcndeki \u00f6nemli engellerden biri kat\u0131 merkeziyet\u00e7i y\u00f6netim sistemidir. AKP&#8217;nin b\u00fcnyesi, de\u011fi\u015fim d\u00f6n\u00fc\u015f\u00fcme kapal\u0131d\u0131r. Bu nedenle AKP&#8217;nin her \u015feyden \u00f6nce kendi i\u00e7indeki zihniyetle m\u00fccadele etmesi gerekir. Milliyet\u00e7ilik ve otoriterlik, di\u011fer sistem partilerinde oldu\u011fu gibi AKP&#8217;nin de mayas\u0131nda mevcuttur&#8221; \u015feklinde konu\u015ftu.<\/p>\n<p style=\"text-align: justify;\"><strong><em>A\u00e7\u0131l\u0131ma ele\u015ftiri:<\/em><\/strong><\/p>\n<p style=\"text-align: justify;\">Demokratik a\u00e7\u0131l\u0131m\u0131 da ele\u015ftiren Yaman, &#8220;A\u00e7\u0131l\u0131m ad\u0131 alt\u0131ndaki a\u00e7mazlar\u0131n\u0131n geldi\u011fi nokta \u015fu olmu\u015ftur: K\u00fcrt a\u00e7\u0131l\u0131m\u0131 kelep\u00e7eye, Roman a\u00e7\u0131l\u0131m\u0131 s\u00fcrg\u00fcne, Alevi a\u00e7\u0131l\u0131m\u0131 da oyalamaya d\u00f6n\u00fc\u015fm\u00fc\u015ft\u00fcr&#8221; diye konu\u015ftu.<\/p>\n<p style=\"text-align: justify;\">Nuri Yaman, &#8220;demokratik a\u00e7\u0131l\u0131m&#8221; yapma iddias\u0131ndaki bir h\u00fck\u00fcmetin, demokratik alan\u0131 t\u0131kayan b\u00fct\u00fcn duvarlar\u0131 ortadan kald\u0131rmas\u0131 gerekti\u011fini s\u00f6yledi. Halk\u0131n se\u00e7ilmi\u015f iradeleri tutuklan\u0131rken, AK Parti&#8217;nin s\u00f6z etti\u011fi a\u00e7\u0131l\u0131m\u0131 anlamakta g\u00fc\u00e7l\u00fck \u00e7ektiklerini ifade eden Yaman, &#8220;Tutuklu siyaset\u00e7ileri, belediye ba\u015fkanlar\u0131n\u0131 serbest b\u0131rak\u0131n. K\u00fcrt halk\u0131ndan \u00f6z\u00fcr dileyin&#8221; diye konu\u015ftu.<\/p>\n<p style=\"text-align: justify;\"><strong><em>Kozmik odadaki aramalar:<\/em><\/strong><\/p>\n<p style=\"text-align: justify;\">Kozmik odaya girilmesi ve her \u015feyin ara\u015ft\u0131r\u0131lmas\u0131 gerekti\u011fini, ancak bu aramalar\u0131n sadece h\u00fck\u00fcmete y\u00f6nelik bir tak\u0131m giri\u015fimlerle s\u0131n\u0131rl\u0131 tutulmas\u0131n\u0131n yanl\u0131\u015f olaca\u011f\u0131n\u0131 ileri s\u00fcren Yaman, bu aramalar\u0131n, kontrgerilla yap\u0131lanmas\u0131n\u0131n ve faaliyetlerinin ayd\u0131nlat\u0131lmas\u0131 i\u00e7in iyi bir f\u0131rsat oldu\u011funu s\u00f6yledi.<\/p>\n<p style=\"text-align: justify;\">Nuri Yaman, &#8220;Kozmik odayla ba\u011flant\u0131l\u0131 olarak dikkatleri bir ba\u015fka noktaya daha \u00e7ekmek istiyorum. Orduyla h\u00fck\u00fcmet aras\u0131ndaki anla\u015fmay\u0131 i\u00e7eren bir protokol var. K\u0131sa ismi EMASYA olan Emniyet Asayi\u015f Yard\u0131mla\u015fma Protokol\u00fc. Bu protokol, 28 \u015eubat 1997&#8217;deki post-modern darbenin ard\u0131ndan, 7 Temmuz 1997&#8217;de Genelkurmay ile d\u00f6nemin \u0130\u00e7i\u015fleri Bakanl\u0131\u011f\u0131 M\u00fcste\u015farl\u0131\u011f\u0131 aras\u0131nda imzaland\u0131. S\u00f6z konusu protokol, toplumsal olaylara ordunun el koymas\u0131n\u0131n yolunu a\u00e7an ve hi\u00e7bir yasal dayana\u011f\u0131 olmayan bir protokold\u00fcr. EMASYA Protokol\u00fc, b\u00f6lgedeki vali, polis, \u00f6zel tim ve korucular ile \u0130\u00e7i\u015fleri Bakanl\u0131\u011f\u0131na ba\u011fl\u0131 jandarma te\u015fkilat\u0131n\u0131 do\u011frudan Asayi\u015f Kolordu Komutanl\u0131klar\u0131n\u0131n emri alt\u0131na sokmaktad\u0131r. Protokol, \u00e7ok a\u00e7\u0131k bir bi\u00e7imde askerin sivil otorite \u00fczerindeki etkinli\u011fini artt\u0131rmakta, yerellerdeki m\u00fclki amirlikleri, adeta EMASYA Komutanl\u0131klar\u0131n\u0131n emri alt\u0131na sokmaktad\u0131r. E\u011fer h\u00fck\u00fcmet samimiyse \u00f6nce bu demokrasi d\u0131\u015f\u0131 yap\u0131lanmalar\u0131 derhal sona erdirmelidir&#8221; dedi.<\/p>\n<p style=\"text-align: justify;\"><strong><em>TEKEL i\u015f\u00e7ilerinin eylemi:<\/em><\/strong><\/p>\n<p style=\"text-align: justify;\">TEKEL i\u015f\u00e7ilerinin eylemlerine de\u011finen Yaman, h\u00fck\u00fcmetin 12 bin civar\u0131nda TEKEL i\u015f\u00e7isine resmen k\u00f6leli\u011fi dayatt\u0131\u011f\u0131n\u0131 iddia etti.<\/p>\n<p style=\"text-align: justify;\">Yaman, konu\u015fmas\u0131nda AK Parti grup toplant\u0131s\u0131nda, Ba\u015fbakan Recep Tayyip Erdo\u011fan&#8217;\u0131n, konu\u015fma s\u00fcresini uzatt\u0131\u011f\u0131n\u0131, bu nedenle partilerinin grup toplant\u0131s\u0131n\u0131n ge\u00e7 ba\u015flad\u0131\u011f\u0131n\u0131 anlatarak, bu durumun &#8220;siyasi nezaketsizlik&#8221; oldu\u011funu belirtti.<\/p>\n<p style=\"text-align: justify;\"><span style=\"color: #888888;\">CNN T\u00dcRK<\/span><\/p>\n","protected":false},"excerpt":{"rendered":"<\/p>\n<p style=\"text-align: justify;\">BDP Grup Ba\u015fkan\u0131 Nuri Yaman, AK Parti&#8217;nin, darbe anayasas\u0131n\u0131 savunur hale geldi\u011fini iddia etti.<\/p>\n<p style=\"text-align: justify;\">T\u00fcrkiye&#8217;de stat\u00fckocu kesimin, demokratik de\u011fi\u015fim ve d\u00f6n\u00fc\u015f\u00fcm talepleri kar\u015f\u0131s\u0131nda son direni\u015flerini sergiledi\u011fini ifade eden Yaman, &#8220;Onlar, otoriter rejimde \u0131srar ederek, eski T\u00fcrkiye&#8217;nin bu haliyle s\u00fcrmesinden yanad\u0131rlar&#8221; dedi. <\/p>\n","protected":false},"author":1,"featured_media":0,"comment_status":"open","ping_status":"closed","sticky":false,"template":"","format":"standard","meta":{"footnotes":""},"categories":[105],"tags":[],"class_list":["post-17792","post","type-post","status-publish","format-standard","hentry","category-gundem","odd"],"_links":{"self":[{"href":"http:\/\/www.korhanyilmaz.com\/index.php?rest_route=\/wp\/v2\/posts\/17792","targetHints":{"allow":["GET"]}}],"collection":[{"href":"http:\/\/www.korhanyilmaz.com\/index.php?rest_route=\/wp\/v2\/posts"}],"about":[{"href":"http:\/\/www.korhanyilmaz.com\/index.php?rest_route=\/wp\/v2\/types\/post"}],"author":[{"embeddable":true,"href":"http:\/\/www.korhanyilmaz.com\/index.php?rest_route=\/wp\/v2\/users\/1"}],"replies":[{"embeddable":true,"href":"http:\/\/www.korhanyilmaz.com\/index.php?rest_route=%2Fwp%2Fv2%2Fcomments&post=17792"}],"version-history":[{"count":0,"href":"http:\/\/www.korhanyilmaz.com\/index.php?rest_route=\/wp\/v2\/posts\/17792\/revisions"}],"wp:attachment":[{"href":"http:\/\/www.korhanyilmaz.com\/index.php?rest_route=%2Fwp%2Fv2%2Fmedia&parent=17792"}],"wp:term":[{"taxonomy":"category","embeddable":true,"href":"http:\/\/www.korhanyilmaz.com\/index.php?rest_route=%2Fwp%2Fv2%2Fcategories&post=17792"},{"taxonomy":"post_tag","embeddable":true,"href":"http:\/\/www.korhanyilmaz.com\/index.php?rest_route=%2Fwp%2Fv2%2Ftags&post=17792"}],"curies":[{"name":"wp","href":"https:\/\/api.w.org\/{rel}","templated":true}]}}