{"id":17788,"date":"2010-01-12T15:05:49","date_gmt":"2010-01-12T13:05:49","guid":{"rendered":"http:\/\/www.korhanyilmaz.com\/?p=17788"},"modified":"2010-01-12T15:05:49","modified_gmt":"2010-01-12T13:05:49","slug":"disislerinden-israile-kinama","status":"publish","type":"post","link":"http:\/\/www.korhanyilmaz.com\/?p=17788","title":{"rendered":"D\u0131\u015fi\u015fleri&#039;nden \u0130srail&#039;e k\u0131nama"},"content":{"rendered":"<p style=\"text-align: center;\"><a href=\"http:\/\/www.korhanyilmaz.com\/wp-content\/uploads\/2010\/01\/davutoglu.jpg\"  class=\"lightview\"><img loading=\"lazy\" decoding=\"async\" class=\"aligncenter size-full wp-image-17789\" src=\"http:\/\/www.korhanyilmaz.com\/wp-content\/uploads\/2010\/01\/davutoglu.jpg\" alt=\"\" width=\"307\" height=\"236\" \/><\/a><\/p>\n<p style=\"text-align: justify;\">D\u0131\u015fi\u015fleri Bakanl\u0131\u011f\u0131, &#8220;T\u00fcrkiye ahlak dersi verecek son \u00fclke&#8221; a\u00e7\u0131klamas\u0131 yapan \u0130srail D\u0131\u015fi\u015fleri Bakanl\u0131\u011f\u0131&#8217;n\u0131 \u015fiddetle k\u0131nad\u0131\u011f\u0131n\u0131 a\u00e7\u0131klad\u0131. A\u00e7\u0131klamada, &#8220;Ahlak dersi iddias\u0131n\u0131 reddediyoruz. Bu tarihe sayg\u0131s\u0131zl\u0131kt\u0131r&#8221; denildi.<\/p>\n<p style=\"text-align: justify;\">T\u00fcrkiye, \u0130srail D\u0131\u015fi\u015fleri Bakanl\u0131\u011f\u0131&#8217;n\u0131n a\u00e7\u0131klamas\u0131nda yer alan T\u00fcrkiye&#8217;ye y\u00f6nelik ifadelerin &#8220;i\u00e7 siyasi m\u00fclahazalarla yap\u0131lan ve amac\u0131n\u0131 a\u015fan&#8221; s\u00f6zler oldu\u011funa inand\u0131\u011f\u0131n\u0131 belirterek, a\u00e7\u0131klamadaki ifadeleri &#8220;\u015fiddetle&#8221; k\u0131nad\u0131. <!--more--><\/p>\n<p style=\"text-align: justify;\">D\u0131\u015fi\u015fleri Bakanl\u0131\u011f\u0131&#8217;ndan yap\u0131lan a\u00e7\u0131klamada, \u0130srail&#8217;in Filistin&#8217;e y\u00f6nelik uygulamalar\u0131 hakk\u0131nda Ankara taraf\u0131ndan dile getirilen ele\u015ftiri ve uyar\u0131lara cevaben \u0130srail D\u0131\u015fi\u015fleri Bakanl\u0131\u011f\u0131 taraf\u0131ndan yap\u0131lan a\u00e7\u0131klamalar\u0131n &#8220;esefle&#8221; kar\u015f\u0131land\u0131\u011f\u0131 belirtildi.<\/p>\n<p style=\"text-align: justify;\">&#8220;T\u00fcrkiye&#8217;nin b\u00f6lgeye y\u00f6nelik d\u0131\u015f politikas\u0131 lafz\u0131 ve ruhuyla t\u00fcm \u00fclkelerin ve halklar\u0131n bar\u0131\u015f, g\u00fcvenlik ve istikrar\u0131n\u0131n sa\u011flanmas\u0131n\u0131, bu ama\u00e7la orant\u0131s\u0131z g\u00fc\u00e7 kullan\u0131m\u0131 ve izolasyon uygulamalar\u0131 yerine diyalo\u011fun, angajman\u0131n ve bar\u0131\u015f\u00e7\u0131l y\u00f6ntemlerin \u00f6ne \u00e7\u0131kar\u0131lmas\u0131n\u0131 ama\u00e7lamaktad\u0131r&#8221; denilen a\u00e7\u0131klamada, Ba\u015fbakan Recep Tayyip Erdo\u011fan&#8217;\u0131n bu do\u011frultudaki bar\u0131\u015f\u00e7\u0131l giri\u015fimlerinin b\u00f6lgede ve \u00f6tesinde takdir toplamakta oldu\u011fu ve m\u00fcnhas\u0131ran \u0130srail&#8217;in Gazze&#8217;deki kabul\u00fc m\u00fcmk\u00fcn olmayan uygulamalar\u0131 ile politikalar\u0131na y\u00f6nelik oldu\u011fu bildirildi.<\/p>\n<p style=\"text-align: justify;\"><strong><em>A\u00e7\u0131klamada, daha sonra \u015funlar kaydedildi:<\/em><\/strong><\/p>\n<p style=\"text-align: justify;\">&#8220;T\u00fcrkler ve Yahudiler aras\u0131nda \u0130srail Devleti&#8217;nin kurulmas\u0131ndan \u00e7ok daha \u00f6ncelere kadar uzanan k\u00f6kl\u00fc ili\u015fkiler ve bizzat \u0130srail ile ili\u015fkilerimizin genel dokusu, \u00fclkemize bu uyar\u0131 ve ele\u015ftirilerde bulunma sorumlulu\u011funu y\u00fcklemektedir.<\/p>\n<p style=\"text-align: justify;\">Tarih boyunca Yahudiler her dara d\u00fc\u015ft\u00fcklerinde T\u00fcrkler kendilerine ellerini uzatm\u0131\u015flard\u0131r. T\u00fcrkler ve Yahudilerin uzun birlikte ya\u015fama tarihi kar\u015f\u0131l\u0131kl\u0131 sayg\u0131 ve ho\u015fg\u00f6r\u00fc tarihidir. Dolay\u0131s\u0131yla, (T\u00fcrkiye&#8217;nin \u0130srail&#8217;e ahlak dersi verecek son \u00fclke) oldu\u011fu y\u00f6n\u00fcndeki bizzat Yahudi halk\u0131n\u0131n haf\u0131zas\u0131yla ba\u011fda\u015fmayacak bu iddiay\u0131 reddediyoruz. Ger\u00e7ekleri tahrif eden bu ifade tarihe kar\u015f\u0131 bir haks\u0131zl\u0131kt\u0131r.&#8221;<\/p>\n<p style=\"text-align: justify;\">T\u00fcrkiye&#8217;de Yahudi aleyhtarl\u0131\u011f\u0131n\u0131n tahrik edildi\u011fi iddialar\u0131n\u0131n da her t\u00fcrl\u00fc temelden yoksun oldu\u011funu belirten Bakanl\u0131k, &#8220;Tarihi sicilimiz ve anti-Semitizmin bir insanl\u0131k su\u00e7u te\u015fkil etti\u011fi y\u00f6n\u00fcnde bizzat Say\u0131n Ba\u015fbakan\u0131m\u0131z taraf\u0131ndan yap\u0131lan a\u00e7\u0131klamalar bu iddian\u0131n mesnetsizli\u011finin en bariz kan\u0131t\u0131d\u0131r&#8221; ifadelerini kulland\u0131.<\/p>\n<p style=\"text-align: justify;\">D\u0131\u015fi\u015fleri Bakanl\u0131\u011f\u0131 a\u00e7\u0131klamas\u0131, &#8220;\u0130srail D\u0131\u015fi\u015fleri Bakanl\u0131\u011f\u0131 a\u00e7\u0131klamas\u0131nda yer alan T\u00fcrkiye&#8217;ye y\u00f6nelik ifadelerin i\u00e7 siyasi m\u00fclahazalarla yap\u0131lan ve amac\u0131n\u0131 a\u015fan s\u00f6zler oldu\u011funa inan\u0131yor, a\u00e7\u0131klamadaki ifadeleri \u015fiddetle k\u0131n\u0131yoruz&#8221; s\u00f6zleriyle son buldu.<\/p>\n<p style=\"text-align: justify;\"><span style=\"color: #888888;\">CNN T\u00dcRK<\/span><\/p>\n","protected":false},"excerpt":{"rendered":"<p style=\"text-align: center;\">\n<p style=\"text-align: justify;\">D\u0131\u015fi\u015fleri Bakanl\u0131\u011f\u0131, &#8220;T\u00fcrkiye ahlak dersi verecek son \u00fclke&#8221; a\u00e7\u0131klamas\u0131 yapan \u0130srail D\u0131\u015fi\u015fleri Bakanl\u0131\u011f\u0131&#8217;n\u0131 \u015fiddetle k\u0131nad\u0131\u011f\u0131n\u0131 a\u00e7\u0131klad\u0131. A\u00e7\u0131klamada, &#8220;Ahlak dersi iddias\u0131n\u0131 reddediyoruz. Bu tarihe sayg\u0131s\u0131zl\u0131kt\u0131r&#8221; denildi.<\/p>\n<p style=\"text-align: justify;\">T\u00fcrkiye, \u0130srail D\u0131\u015fi\u015fleri Bakanl\u0131\u011f\u0131&#8217;n\u0131n a\u00e7\u0131klamas\u0131nda yer alan T\u00fcrkiye&#8217;ye y\u00f6nelik ifadelerin &#8220;i\u00e7 siyasi m\u00fclahazalarla yap\u0131lan ve amac\u0131n\u0131 a\u015fan&#8221; s\u00f6zler oldu\u011funa inand\u0131\u011f\u0131n\u0131 belirterek, a\u00e7\u0131klamadaki ifadeleri <\/p>\n","protected":false},"author":1,"featured_media":0,"comment_status":"open","ping_status":"closed","sticky":false,"template":"","format":"standard","meta":{"footnotes":""},"categories":[105],"tags":[],"class_list":["post-17788","post","type-post","status-publish","format-standard","hentry","category-gundem","odd"],"_links":{"self":[{"href":"http:\/\/www.korhanyilmaz.com\/index.php?rest_route=\/wp\/v2\/posts\/17788","targetHints":{"allow":["GET"]}}],"collection":[{"href":"http:\/\/www.korhanyilmaz.com\/index.php?rest_route=\/wp\/v2\/posts"}],"about":[{"href":"http:\/\/www.korhanyilmaz.com\/index.php?rest_route=\/wp\/v2\/types\/post"}],"author":[{"embeddable":true,"href":"http:\/\/www.korhanyilmaz.com\/index.php?rest_route=\/wp\/v2\/users\/1"}],"replies":[{"embeddable":true,"href":"http:\/\/www.korhanyilmaz.com\/index.php?rest_route=%2Fwp%2Fv2%2Fcomments&post=17788"}],"version-history":[{"count":0,"href":"http:\/\/www.korhanyilmaz.com\/index.php?rest_route=\/wp\/v2\/posts\/17788\/revisions"}],"wp:attachment":[{"href":"http:\/\/www.korhanyilmaz.com\/index.php?rest_route=%2Fwp%2Fv2%2Fmedia&parent=17788"}],"wp:term":[{"taxonomy":"category","embeddable":true,"href":"http:\/\/www.korhanyilmaz.com\/index.php?rest_route=%2Fwp%2Fv2%2Fcategories&post=17788"},{"taxonomy":"post_tag","embeddable":true,"href":"http:\/\/www.korhanyilmaz.com\/index.php?rest_route=%2Fwp%2Fv2%2Ftags&post=17788"}],"curies":[{"name":"wp","href":"https:\/\/api.w.org\/{rel}","templated":true}]}}