{"id":17784,"date":"2010-01-12T15:02:44","date_gmt":"2010-01-12T13:02:44","guid":{"rendered":"http:\/\/www.korhanyilmaz.com\/?p=17784"},"modified":"2010-01-12T15:02:44","modified_gmt":"2010-01-12T13:02:44","slug":"serdar-sacan-isyan-etti","status":"publish","type":"post","link":"http:\/\/www.korhanyilmaz.com\/?p=17784","title":{"rendered":"Serdar Sa\u00e7an isyan etti!.."},"content":{"rendered":"<p style=\"text-align: justify;\"><a href=\"http:\/\/www.korhanyilmaz.com\/wp-content\/uploads\/2010\/01\/sacan.jpg\"  class=\"lightview\"><img loading=\"lazy\" decoding=\"async\" class=\"aligncenter size-full wp-image-17785\" src=\"http:\/\/www.korhanyilmaz.com\/wp-content\/uploads\/2010\/01\/sacan.jpg\" alt=\"\" width=\"292\" height=\"206\" \/><\/a><\/p>\n<p style=\"text-align: justify;\">\u0130kinci &#8220;Ergenekon&#8221; davas\u0131n\u0131n tutuklu san\u0131klar\u0131ndan eski \u0130stanbul Organize Su\u00e7larla M\u00fccadele \u015eube M\u00fcd\u00fcr\u00fc Adil Serdar Sa\u00e7an, Veli K\u00fc\u00e7\u00fck ve grubu i\u00e7in \u00f6n \u00e7al\u0131\u015fma iznini \u0130stanbul DGM Cumhuriyet Ba\u015fsavc\u0131l\u0131\u011f\u0131&#8217;n\u0131n Susurluk ile ilgili soru\u015fturma \u00fczerinden verdi\u011fini belirterek, &#8220;Soru\u015fturma a\u00e7an, pe\u015finde ko\u015fan benim. Hayat\u0131m\u0131 bu i\u015fe adad\u0131m. Meslekten at\u0131ld\u0131m. Beni bu adamlarla ayn\u0131 \u00f6rg\u00fcte koyuyorlar&#8221; dedi. <!--more--><\/p>\n<p style=\"text-align: justify;\">\u0130stanbul 13. A\u011f\u0131r Ceza Mahkemesi&#8217;ndeki duru\u015fmada savunmas\u0131na devam Sa\u00e7an, d\u00fcn anlatt\u0131klar\u0131n\u0131n farkl\u0131 yaz\u0131ld\u0131\u011f\u0131n\u0131 savundu.<\/p>\n<p style=\"text-align: justify;\">Sa\u00e7an, 2001 y\u0131l\u0131nda Tuncay G\u00fcney&#8217;in anlat\u0131mlar\u0131 \u00fczerine \u0130stanbul DGM Cumhuriyet Ba\u015fsavc\u0131l\u0131\u011f\u0131&#8217;ndan al\u0131nan projeli \u00e7al\u0131\u015fmaya ili\u015fkin iznin Susurluk soru\u015fturmas\u0131 kapsam\u0131nda verildi\u011fini belirterek, &#8220;Veli K\u00fc\u00e7\u00fck ve grubu i\u00e7in \u00f6n \u00e7al\u0131\u015fma iznini, DGM Ba\u015fsavc\u0131l\u0131\u011f\u0131 Susurluk ile soru\u015fturma \u00fczerinden verdi. Soru\u015fturma a\u00e7an, pe\u015finde ko\u015fan benim. Hayat\u0131m\u0131 bu i\u015fe adad\u0131m. Meslekten at\u0131ld\u0131m. Beni bu adamlarla ayn\u0131 \u00f6rg\u00fcte koyuyorlar&#8221; diye konu\u015ftu.<\/p>\n<p style=\"text-align: justify;\">Bu \u00e7al\u0131\u015fmay\u0131 gizlemekle su\u00e7land\u0131\u011f\u0131n\u0131 hat\u0131rlatan Sa\u00e7an, &#8220;(Gizledim) derdim. (Korktum) derdim. (O d\u00f6nemde Genelkurmay Ba\u015fkan\u0131n\u0131 kar\u015f\u0131ma almaktan korktum) derdim. Genelkurmay, M\u0130T, oras\u0131 buras\u0131 i\u015flem yapm\u0131yor. Bir tek i\u015flem yapan benim. Bu soru\u015fturmay\u0131 kapatan ben de\u011filim. Bu iftira atmakt\u0131r&#8221; dedi.<\/p>\n<p style=\"text-align: justify;\"><strong><em>Veli K\u00fc\u00e7\u00fck&#8217;te \u00e7\u0131kan bu projeli \u00e7al\u0131\u015fmaya ili\u015fkin belgeyi kendisinin verdi\u011finin iddia edildi\u011fini anlatan Sa\u00e7an, \u015f\u00f6yle devam etti: <\/em><\/strong><\/p>\n<p style=\"text-align: justify;\">&#8220;K\u00fc\u00e7\u00fck hakk\u0131nda a\u011f\u0131r bir yaz\u0131 yazarak yap\u0131lan \u00e7al\u0131\u015fmay\u0131 anlatt\u0131m. Bu belgeyi Adil Serdar Sa\u00e7an vermi\u015f oluyor. Savc\u0131 niye vermiyor? At \u00e7amuru. K\u00fc\u00e7\u00fck&#8217;te benimle ilgili ailevi ve maddi bilgiler bulunuyor. Bu a\u00e7\u0131k\u00e7a benim hakk\u0131mda istihbarat toplamakt\u0131r. Neden istihbarat topland\u0131\u011f\u0131n\u0131n sorusu yok. Hakk\u0131nda soru\u015fturma izni ald\u0131\u011f\u0131m adam, benimle ilgili ara\u015ft\u0131rma yapm\u0131\u015f. Aleyhime istihbarat toplad\u0131\u011f\u0131 \u00e7ok net ortada. Ben organize \u015fube m\u00fcd\u00fcr\u00fcyd\u00fcm. Bu istihbarat notlar\u0131 \u00e7\u0131kt\u0131\u011f\u0131nda savc\u0131l\u0131k beni \u00e7a\u011f\u0131racak, &#8216;dikkat et&#8217; diyecek, bana koruma verecek. \u0130yi ki ter\u00f6r m\u00fcd\u00fcr\u00fc de\u011fildim. Beni DHKP\/C ile ayn\u0131 \u00f6rg\u00fcte koyarlard\u0131. Bunu \u00f6rg\u00fctle ba\u011flant\u0131da delil olarak dosyaya koyuyorlar.&#8221;<\/p>\n<p style=\"text-align: justify;\"><strong><em>&#8220;Belgeleri yan\u0131nda g\u00f6t\u00fcrd\u00fc\u011f\u00fc&#8221; iddias\u0131 <\/em><\/strong><\/p>\n<p style=\"text-align: justify;\">Birinci &#8220;Ergenekon&#8221; davas\u0131n\u0131n tutuksuz san\u0131\u011f\u0131 G\u00fcler K\u00f6m\u00fcrc\u00fc \u00d6zt\u00fcrk ile ilgili telefon dinlemeleri kapsam\u0131nda kendisi hakk\u0131nda da delil elde edildi\u011fini belirten Sa\u00e7an, bunun Yarg\u0131tay Ceza Genel Kurulu karar\u0131na ayk\u0131r\u0131 oldu\u011funu, hakk\u0131nda yasa d\u0131\u015f\u0131 delil elde edildi\u011fini s\u00f6yledi.<\/p>\n<p style=\"text-align: justify;\">Bir g\u00f6r\u00fc\u015fmede \u00d6zt\u00fcrk&#8217;e Atat\u00fcrk&#8217;\u00fc r\u00fcyas\u0131nda g\u00f6rd\u00fc\u011f\u00fcn\u00fc anlatt\u0131\u011f\u0131n\u0131 vurgulayan Sa\u00e7an, bunun ifadesi al\u0131n\u0131rken soruldu\u011funu dile getirerek, &#8220;R\u00fcya g\u00f6rmek de mi yasak? R\u00fcya ile \u00f6rg\u00fct\u00fcn ne alakas\u0131 var? Bu telefon g\u00f6r\u00fc\u015fmeleri b\u0131rak\u0131n \u00f6rg\u00fct \u00fcyeli\u011fini, arkada\u015fl\u0131\u011fa, dostlu\u011fa bile kan\u0131t olamaz&#8221; dedi.<\/p>\n<p style=\"text-align: justify;\">Bilgisayar\u0131n\u0131n yedeklendi\u011fini ancak kendisinde \u00e7\u0131kan 65-70 CD&#8217;nin ise kopyalanmad\u0131\u011f\u0131n\u0131 ifade eden Sa\u00e7an, kendisinde ele ge\u00e7en bu CD&#8217;lerin 4&#8217;\u00fcnde Tuncay G\u00fcney ve \u00dcmit O\u011fuztan&#8217;a ait ses ve g\u00f6r\u00fcnt\u00fc kay\u0131tlar\u0131 ile belgelerin \u00e7\u0131kt\u0131\u011f\u0131n\u0131n belirtildi\u011fini kaydetti. Sa\u00e7an, O\u011fuztan ve G\u00fcney ile ilgili bu kaset ve dok\u00fcmanlar\u0131 emniyet ar\u015fivine teslim etmesi gerekirken ortaya \u00e7\u0131kmas\u0131n\u0131 engellemek amac\u0131yla yan\u0131nda g\u00f6t\u00fcrd\u00fc\u011f\u00fc iddialar\u0131na ili\u015fkin de bu belgelerin birinci &#8220;Ergenekon&#8221; davas\u0131n\u0131n 165 numaral\u0131 ek klas\u00f6r\u00fcnde bulundu\u011funu anlatt\u0131.<\/p>\n<p style=\"text-align: justify;\">Bu belgeleri yan\u0131nda g\u00f6t\u00fcrd\u00fc\u011f\u00fc iddias\u0131 kapsam\u0131nda hakk\u0131nda yap\u0131lan yarg\u0131lama sonucunda mahkum oldu\u011funu ve davan\u0131n Yarg\u0131tay a\u015famas\u0131nda bulundu\u011funu ifade eden Sa\u00e7an, kendisinden ele ge\u00e7irildi\u011fi iddia edilen G\u00fcney ve O\u011fuztan&#8217;\u0131n ses ve g\u00f6r\u00fcnt\u00fclerinin yer ald\u0131\u011f\u0131 kasetlerin \u00e7\u00f6z\u00fcm\u00fc ile birinci davan\u0131n 165 No&#8217;lu ek klas\u00f6r\u00fcnde bulunan \u00e7\u00f6z\u00fcmler aras\u0131nda bir fark olmad\u0131\u011f\u0131n\u0131 vurgulad\u0131.<\/p>\n<p style=\"text-align: justify;\">Sa\u00e7an, &#8220;Su\u00e7 bunun neresinde? T\u00fcrk hukuku ne zamandan beri kasetli hukuk haline geldi?&#8221; dedi. Bunlar\u0131 gizlemekle su\u00e7land\u0131\u011f\u0131n\u0131 hat\u0131rlatan Sa\u00e7an, &#8220;Mahkum oldu\u011fum \u015feyin neresini gizleyece\u011fiz? Yarg\u0131lama devam ederken savc\u0131l\u0131k kesin h\u00fck\u00fcm kuramaz&#8221; \u015feklinde konu\u015ftu.<\/p>\n<p style=\"text-align: justify;\">Sa\u00e7an, 2001 y\u0131l\u0131nda yapt\u0131\u011f\u0131 bu \u00e7al\u0131\u015fmaya ili\u015fkin t\u00fcm evrak ve kay\u0131tlar\u0131 istihbarat ile ka\u00e7ak\u00e7\u0131l\u0131k daire ba\u015fkanl\u0131klar\u0131na da g\u00f6nderdi\u011fini ancak &#8220;mahkemenin yan\u0131lt\u0131ld\u0131\u011f\u0131n\u0131, bir elin bu belgeleri yok etti\u011fini&#8221; savundu.<\/p>\n<p style=\"text-align: justify;\">D\u00f6nemin Organize Su\u00e7larla M\u00fccadele \u015eube M\u00fcd\u00fcr\u00fc Mutlu Ekizo\u011flu&#8217;nun 2001&#8217;deki projeli \u00e7al\u0131\u015fmaya ili\u015fkin evrak\u0131n yar\u0131s\u0131n\u0131 soru\u015fturmay\u0131 y\u00fcr\u00fcten savc\u0131l\u0131\u011fa g\u00f6nderdi\u011fini ileri s\u00fcren Sa\u00e7an, bu \u00e7al\u0131\u015fmayla ilgili evraklar\u0131n \u0130stanbul 1. A\u011f\u0131r Ceza Mahkemesi&#8217;ndeki dava dosyas\u0131nda oldu\u011funu kaydetti.<\/p>\n<p style=\"text-align: justify;\"><strong><em>Ekizo\u011flu hakk\u0131nda su\u00e7 duyurusu talebi <\/em><\/strong><\/p>\n<p style=\"text-align: justify;\">Sa\u00e7an, Ekizo\u011flu&#8217;nun adli g\u00f6revi ve memuriyet n\u00fcfuzunu k\u00f6t\u00fcye kullanarak, adli mercileri yan\u0131lt\u0131p tutuklanmas\u0131na neden oldu\u011funu \u00f6ne s\u00fcrerek, Ekizo\u011flu hakk\u0131nda mahkeme taraf\u0131ndan su\u00e7 duyurusunda bulunulmas\u0131n\u0131 istedi.<\/p>\n<p style=\"text-align: justify;\"><strong><em>G\u00fcney&#8217;in m\u00fclakat\u0131n\u0131n g\u00f6r\u00fcnt\u00fc kayd\u0131n\u0131 istihbarat \u015fubesinin yapt\u0131\u011f\u0131n\u0131 hat\u0131rlatan Sa\u00e7an, \u015f\u00f6yle devam etti: <\/em><\/strong><\/p>\n<p style=\"text-align: justify;\">&#8220;(Ben de yok) diyemez. \u0130stihbarat \u015fubesi as\u0131l Veli K\u00fc\u00e7\u00fck ile ilgili bir tek delili bana g\u00f6ndermeyerek adaletin tecellisine engel olmu\u015ftur. Ben engel olmad\u0131m. Onlar bana engel oldu. Kim su\u00e7lu ben miyim? Senelerdir yarg\u0131\u00e7l\u0131k yap\u0131yorsunuz. Bu formatta bir ter\u00f6rist g\u00f6rd\u00fcn\u00fcz m\u00fc? Ter\u00f6r \u00f6rg\u00fct\u00fc \u00fcyesi olmak bana ne verecek? Ben ideallerimi \u00fcniversitede ders vererek yap\u0131yorum.<\/p>\n<p style=\"text-align: justify;\">16 ayd\u0131r tutukluyum. Tutuklu olmasayd\u0131m \u00fcniversitede \u00f6\u011frencilere e\u011fitim verecektim. Para kazan\u0131p ailemi ge\u00e7indirecektim. Polislik hizmetine geri d\u00f6n\u00fcp devletime hizmet edecektim. Ayn\u0131 ortamda bulunmaktan hicap duydu\u011fum insanlarla ayn\u0131 \u00f6rg\u00fcte dahil edilmem y\u00fcz k\u0131zart\u0131c\u0131. Beni ba\u015fka bir \u00f6rg\u00fcte dahil edin. Adalet istiyor ve tahliyemi talep ediyorum. Bunun bir ad\u0131m sonras\u0131 adalet dilenmektir. Ben hayat\u0131m boyunca dilenmedim.&#8221;<\/p>\n<p style=\"text-align: justify;\">Sa\u00e7an&#8217;\u0131n savunmas\u0131n\u0131 tamamlamas\u0131n\u0131n ard\u0131ndan Mahkeme Heyeti Ba\u015fkan\u0131 K\u00f6ksal \u015eeng\u00fcn, san\u0131\u011f\u0131n savc\u0131l\u0131kta al\u0131nan ifadesini okumaya ba\u015flad\u0131.<\/p>\n<p style=\"text-align: justify;\"><span style=\"color: #888888;\">CNN T\u00dcRK<\/span><\/p>\n","protected":false},"excerpt":{"rendered":"<p style=\"text-align: justify;\">\n<p style=\"text-align: justify;\">\u0130kinci &#8220;Ergenekon&#8221; davas\u0131n\u0131n tutuklu san\u0131klar\u0131ndan eski \u0130stanbul Organize Su\u00e7larla M\u00fccadele \u015eube M\u00fcd\u00fcr\u00fc Adil Serdar Sa\u00e7an, Veli K\u00fc\u00e7\u00fck ve grubu i\u00e7in \u00f6n \u00e7al\u0131\u015fma iznini \u0130stanbul DGM Cumhuriyet Ba\u015fsavc\u0131l\u0131\u011f\u0131&#8217;n\u0131n Susurluk ile ilgili soru\u015fturma \u00fczerinden verdi\u011fini belirterek, &#8220;Soru\u015fturma a\u00e7an, pe\u015finde ko\u015fan benim. Hayat\u0131m\u0131 bu i\u015fe adad\u0131m. Meslekten at\u0131ld\u0131m. Beni bu adamlarla ayn\u0131 \u00f6rg\u00fcte <\/p>\n","protected":false},"author":1,"featured_media":0,"comment_status":"open","ping_status":"closed","sticky":false,"template":"","format":"standard","meta":{"footnotes":""},"categories":[105],"tags":[],"class_list":["post-17784","post","type-post","status-publish","format-standard","hentry","category-gundem","odd"],"_links":{"self":[{"href":"http:\/\/www.korhanyilmaz.com\/index.php?rest_route=\/wp\/v2\/posts\/17784","targetHints":{"allow":["GET"]}}],"collection":[{"href":"http:\/\/www.korhanyilmaz.com\/index.php?rest_route=\/wp\/v2\/posts"}],"about":[{"href":"http:\/\/www.korhanyilmaz.com\/index.php?rest_route=\/wp\/v2\/types\/post"}],"author":[{"embeddable":true,"href":"http:\/\/www.korhanyilmaz.com\/index.php?rest_route=\/wp\/v2\/users\/1"}],"replies":[{"embeddable":true,"href":"http:\/\/www.korhanyilmaz.com\/index.php?rest_route=%2Fwp%2Fv2%2Fcomments&post=17784"}],"version-history":[{"count":0,"href":"http:\/\/www.korhanyilmaz.com\/index.php?rest_route=\/wp\/v2\/posts\/17784\/revisions"}],"wp:attachment":[{"href":"http:\/\/www.korhanyilmaz.com\/index.php?rest_route=%2Fwp%2Fv2%2Fmedia&parent=17784"}],"wp:term":[{"taxonomy":"category","embeddable":true,"href":"http:\/\/www.korhanyilmaz.com\/index.php?rest_route=%2Fwp%2Fv2%2Fcategories&post=17784"},{"taxonomy":"post_tag","embeddable":true,"href":"http:\/\/www.korhanyilmaz.com\/index.php?rest_route=%2Fwp%2Fv2%2Ftags&post=17784"}],"curies":[{"name":"wp","href":"https:\/\/api.w.org\/{rel}","templated":true}]}}