{"id":17780,"date":"2010-01-12T15:00:42","date_gmt":"2010-01-12T13:00:42","guid":{"rendered":"http:\/\/www.korhanyilmaz.com\/?p=17780"},"modified":"2010-01-12T15:00:42","modified_gmt":"2010-01-12T13:00:42","slug":"erdogan-onlar-ceteyle-biz-genelkurmayimizla","status":"publish","type":"post","link":"http:\/\/www.korhanyilmaz.com\/?p=17780","title":{"rendered":"Erdo\u011fan: &quot;Onlar \u00e7eteyle, biz Genelkurmay\u0131m\u0131zla!&quot;"},"content":{"rendered":"<p style=\"text-align: center;\"><a href=\"http:\/\/www.korhanyilmaz.com\/wp-content\/uploads\/2010\/01\/erdogan.jpg\"  class=\"lightview\"><img loading=\"lazy\" decoding=\"async\" class=\"aligncenter size-full wp-image-17781\" src=\"http:\/\/www.korhanyilmaz.com\/wp-content\/uploads\/2010\/01\/erdogan.jpg\" alt=\"\" width=\"307\" height=\"236\" \/><\/a><\/p>\n<p style=\"text-align: justify;\">Ba\u015fbakan Recep Tayyip Erdo\u011fan, Genelkurmay Ba\u015fkan\u0131 ile yapt\u0131klar\u0131 g\u00f6r\u00fc\u015fmeleri ele\u015ftiren muhalefete sert \u00e7\u0131kt\u0131 ve &#8220;Onlar \u00e7eteyle, mafyayla avukatlar\u0131 vas\u0131tas\u0131yla g\u00f6r\u00fc\u015f\u00fcyor, biz Genelkurmay\u0131m\u0131zla. Fark\u0131m\u0131z bu&#8221; dedi.<!--more--><\/p>\n<p style=\"text-align: justify;\">Meclis&#8217;te AK Parti grubunda konu\u015fan Ba\u015fbakan Erdo\u011fan&#8217;\u0131n a\u00e7\u0131klamalar\u0131ndan \u00e7arp\u0131c\u0131 b\u00f6l\u00fcmler \u015f\u00f6yle:<\/p>\n<p style=\"text-align: justify;\"><strong><em>Genelkurmay ile g\u00f6r\u00fc\u015fme:<\/em><\/strong><\/p>\n<p style=\"text-align: justify;\">Ankara&#8217;da t\u00fcrl\u00fc senaryolar \u00fcretilip yapay g\u00fcndem olu\u015fturulmak istendi\u011fini s\u00f6yleyen Erdo\u011fan, &#8220;Yani, bir Ba\u015fbakan&#8217;\u0131n kalk\u0131p da Genelkurmay Ba\u015fkan\u0131, TSK ile 10 g\u00fcn i\u00e7inde 3 kez, 4t kez, 5 kez g\u00f6r\u00fc\u015fmesi, bak\u0131yorsunuz anamuhalefet partisini rahats\u0131z etti. Niye rahats\u0131z oluyorsun ya? 3 de g\u00f6r\u00fc\u015f\u00fcr, 5 de g\u00f6r\u00fc\u015f\u00fcr, 10 da g\u00f6r\u00fc\u015f\u00fcr. Sana ne ya, niye rahats\u0131z oluyorsun? B\u00f6yle sa\u00e7mal\u0131k olur mu? &#8216;Demokrasilerde b\u00f6yle \u015fey olmaz&#8217; diyor. Sen demokrasiyi tan\u0131mad\u0131n ki? As\u0131l, demokrasilerde bunlar olur. Niye rahats\u0131z oluyorsun?&#8221; dedi.<\/p>\n<p style=\"text-align: justify;\">&#8220;Bug\u00fcne kadar bu t\u00fcr \u015feylere pek al\u0131\u015f\u0131k de\u011fillerdi. Ama al\u0131\u015facaklar&#8221; diyen Erdo\u011fan, &#8220;Onlar, \u00e7etelerle, mafyayla, avukatlar\u0131 vas\u0131tas\u0131yla g\u00f6r\u00fc\u015f\u00fcyorlar, biz de Genelkurmay\u0131m\u0131zla, Silahl\u0131 Kuvvetlerle g\u00f6r\u00fc\u015f\u00fcyoruz. Fark\u0131m\u0131z bu&#8230; Ve bak\u0131yorsunuz, karanl\u0131k olaylara, karanl\u0131k senaryolara avukatl\u0131k ederek, bu \u00fclkeye nas\u0131l bir ufuk \u00e7izeceksiniz ya? Siz nas\u0131l muhalefetsiniz&#8221; diye konu\u015ftu.<\/p>\n<p style=\"text-align: justify;\"><em><strong>K\u00fcrt\u00e7e:<\/strong><\/em><\/p>\n<p style=\"text-align: justify;\">Erdo\u011fan, &#8220;K\u00fcrt\u00e7e ikinci dil olacak&#8221; ve &#8220;K\u00fcrtlere maa\u015f ba\u011flanaca\u011f\u0131&#8221; resmi dil olaca\u011f\u0131 y\u00f6n\u00fcndeki iddialar i\u00e7in de, &#8220;Yalan s\u00f6yl\u00fcyorsunuz yalan! B\u00f6yle bir\u015fey yok&#8221; dedi.<\/p>\n<p style=\"text-align: justify;\">Erdo\u011fan, muhalefetin yapay g\u00fcndemler yaratarak kurumlar\u0131 y\u0131pratt\u0131\u011f\u0131n\u0131 s\u00f6yledi.<\/p>\n<p style=\"text-align: justify;\"><strong><em>MHP&#8217;ye emekli ele\u015ftirisi:<\/em><\/strong><\/p>\n<p style=\"text-align: justify;\">MHP Grup Ba\u015fkanvekili Oktay Vural&#8217;\u0131n emekli maa\u015flar\u0131na yap\u0131lan zam nedeniyle Meclis&#8217;e t\u00fcp vb. getirip bas\u0131n toplant\u0131s\u0131 yapmas\u0131 konusunu da yorumlayan Erdo\u011fan, &#8220;MHP&#8217;nin taban\u0131n\u0131 tenzih ederim. Say\u0131n Bah\u00e7eli \u00e7\u0131km\u0131\u015f emeklilere yap\u0131lan zamlar\u0131 yan\u0131ndaki malum efrad\u0131yla, g\u00fcya protesto ediyorlar. Meclisi markete \u00e7evirmi\u015f. \u00d6nlerine unu bulguru doldurmu\u015f g\u00fcya bizim yapt\u0131\u011f\u0131m\u0131z zamlar\u0131 ele\u015ftiriyorlar. Allah a\u015fk\u0131na bir siyasi parti kendisine bu kadar zarar verebilir mi? Kendisini kendi eliyle bu kadar tuza\u011fa d\u00fc\u015f\u00fcrebilir mi? Kendi kazd\u0131\u011f\u0131 kuyuya kendisi d\u00fc\u015fer mi? 3,5 y\u0131l iktidarda kald\u0131n\u0131z. Bu kadar mahirdiniz, bu kadar ba\u015far\u0131l\u0131yd\u0131n\u0131z, milletin size verdi\u011fi 5 y\u0131ll\u0131k iktidar g\u00f6revini ni\u00e7in 3,5 y\u0131lda b\u0131rak\u0131p da ka\u00e7\u0131p gittiniz?&#8221; dedi.<\/p>\n<p style=\"text-align: justify;\">&#8220;Art\u0131k test edilmi\u015f bir siyasi partisiniz. Durumunuz ortada&#8221; diyen Erdo\u011fan, &#8220;Bu demektir ki size zaten b\u00f6yle bir g\u00f6rev teslim edilemez. \u015eimdi bunu soruyorum: Say\u0131n Bah\u00e7eli, siz emekli vatanda\u015flar\u0131m i\u00e7in ne yapt\u0131n\u0131z? Hangi y\u00fczle hangi vicdanla benim emekli vatanda\u015flar\u0131ma yapt\u0131\u011f\u0131m\u0131z \u00fccret art\u0131\u015flar\u0131n\u0131 ele\u015ftiriyorsunuz?&#8221; ifadesini kulland\u0131.<\/p>\n<p style=\"text-align: justify;\"><strong><em>&#8220;Turistler bana &#8216;Obama&#8217;ya da anlat\u0131n&#8217; dedi&#8221; <\/em><\/strong><\/p>\n<p style=\"text-align: justify;\">&#8220;2,5 katrilyonluk matrah\u0131 serbest eczanelere devrettik. Benim vatanda\u015f\u0131m gitsin serbest eczaneden ilac\u0131n\u0131 rahatl\u0131kla als\u0131n&#8221; diyen Erdo\u011fan, uygulamada bazen aksakl\u0131klar\u0131n ya\u015fanabildi\u011fini belirtti ve &#8220;D\u00fcnyan\u0131n en ileri \u00fclkelerinde, bu t\u00fcr s\u0131k\u0131nt\u0131lar var. Obama&#8217;y\u0131 sa\u011fl\u0131k reformuna g\u00f6t\u00fcren hadisenin nelere mal oldu\u011fu \u00e7ok a\u00e7\u0131k ve net ortada. ABD&#8217;ye gitmeden \u00f6nce Sultanahmet Camisi&#8217;nde Amerikal\u0131 turistlerle g\u00f6r\u00fc\u015ft\u00fcm. Bana dediler ki &#8216;siz ciddi bir sa\u011fl\u0131k reformu yapm\u0131\u015fs\u0131n\u0131z, bunu Say\u0131n Obama&#8217;ya da anlatsan\u0131z&#8217; dediler. Az bir oy fark\u0131yla da olsa Say\u0131n Obama hedefledi\u011fi sa\u011fl\u0131k reformunu ger\u00e7ekle\u015ftirdi&#8221; dedi.<\/p>\n<p style=\"text-align: justify;\">Erdo\u011fan, &#8220;Bak\u0131yorsunuz, hastanelerde i\u015fi durduracaklarm\u0131\u015f. Bu olacak i\u015f mi? Ameliyat masas\u0131nda, acilde, benim vatanda\u015f\u0131m, beyefendiler eylemi bitirsin gelsin de ondan sonra ameliyat i\u00e7in bekleyebilir mi? &#8216;Efendim biz oralara n\u00f6bet\u00e7i b\u0131rakt\u0131k.&#8217; Neyin n\u00f6bet\u00e7isini b\u0131rakt\u0131n, \u00f6yle \u015fey olur mu?&#8221; dedi.<\/p>\n<p style=\"text-align: justify;\">Farkl\u0131 form\u00fcllerle yola devam edece\u011fini s\u00f6yleyen Ba\u015fbakan, &#8220;Bu konuda eczane sahiplerine&#8230; \u015eu anda sorumlu olan birlik, ilgili bakan\u0131mla -davetini yapm\u0131\u015ft\u0131r- ya oturur anla\u015f\u0131r, oturmad\u0131\u011f\u0131 takdirde de biz kalkar\u0131z, m\u00fcracaat eden b\u00fct\u00fcn eczanelerle anla\u015fmalar\u0131m\u0131z\u0131 yapar, yolumuza devam ederiz. Online sistemiyle eczaneler an\u0131nda hemen ilgili bakanl\u0131kla konta\u011f\u0131n\u0131 kuruyor. Bu konuda, halk\u0131m\u0131z\u0131n sa\u011fl\u0131\u011f\u0131n\u0131 ideolojilere kurban etmeyece\u011fiz, ettirmeyece\u011fiz&#8221; diye konu\u015ftu.<\/p>\n<p style=\"text-align: justify;\"><strong><em>Tam G\u00fcn Yasas\u0131:<\/em><\/strong><\/p>\n<p style=\"text-align: justify;\">Erdo\u011fan, &#8220;sa\u011fl\u0131k hizmetini, bir yerde de milletin hay\u0131r dualar\u0131n\u0131 almak i\u00e7in yapma anlay\u0131\u015f\u0131yla s\u00fcrd\u00fcrmek gerekti\u011fini&#8221; belirterek, &#8220;Tam g\u00fcn yasas\u0131n\u0131n alt\u0131nda yatan ger\u00e7ek bu&#8221; dedi.<\/p>\n<p style=\"text-align: justify;\">Erdo\u011fan, tam g\u00fcn yasa tasar\u0131s\u0131 hakk\u0131nda, &#8220;Bak\u0131yorsun, doktor hastanede yok. Nerede? &#8216;Efendim, part-time \u00e7al\u0131\u015f\u0131yor.&#8217; T\u00fcrkiye&#8217;de doktor s\u0131k\u0131nt\u0131s\u0131 var, part-time \u00e7al\u0131\u015f\u0131yor. B\u00f6yle \u015fey olur mu? Niye part-time \u00e7al\u0131\u015f\u0131yorsun? Gel ful-time \u00e7al\u0131\u015f arkada\u015f. Bu millet hastaneye geldi\u011fi zaman&#8230; Beyefendinin ismi orada yaz\u0131l\u0131, ama doktor i\u00e7eride yok. Nereye gitti? muayenesine gitti&#8221; diye konu\u015ftu.<\/p>\n<p style=\"text-align: justify;\">Ba\u015fbakan Erdo\u011fan, sa\u011fl\u0131k kurumu ve hekimi se\u00e7me uygulamas\u0131n\u0131n daha da yayg\u0131nla\u015ft\u0131r\u0131laca\u011f\u0131n\u0131 belirtti.<\/p>\n<p style=\"text-align: justify;\">\u00d6zel muayenelerde veya \u00fcniversite hastanelerinde sadece ara \u00f6deyebilenin hekimini se\u00e7mesi d\u00f6neminin de bitece\u011fini ifade eden Erdo\u011fan, 2002&#8217;de Sa\u011fl\u0131k Bakanl\u0131\u011f\u0131 hastanelerinde \u00e7al\u0131\u015fan uzman hekimlerin sadece y\u00fczde 11&#8217;i tam g\u00fcn \u00e7al\u0131\u015f\u0131rken, bug\u00fcn y\u00fczde 81&#8217;inin tam g\u00fcn \u00e7al\u0131\u015ft\u0131\u011f\u0131n\u0131 s\u00f6yledi.<\/p>\n<p style=\"text-align: justify;\">Erdo\u011fan, yasayla bu oran\u0131n y\u00fczde 100&#8217;e ula\u015fmas\u0131 temennisinde bulundu. Ba\u015fbakan Recep Tayyip Erdo\u011fan, bu yasan\u0131n ama\u00e7lar\u0131ndan bir tanesinin de sa\u011fl\u0131k hizmeti sunumunda arac\u0131lar\u0131 ortadan kald\u0131rmak ve vatanda\u015flar\u0131n hi\u00e7 bir y\u00f6nlendirmeye maruz kalmadan kamudan arac\u0131s\u0131z hizmet almas\u0131n\u0131 sa\u011flamak oldu\u011funu bildirdi.<\/p>\n<p style=\"text-align: justify;\"><strong><em>Vizelerin kald\u0131r\u0131lmas\u0131:<\/em><\/strong><\/p>\n<p style=\"text-align: justify;\">Erdo\u011fan, vizelerin kalkmas\u0131n\u0131n \u00fclkeler i\u00e7in s\u0131radan bir resmi i\u015flemin \u00f6tesinde anlamlar ifade etti\u011fini belirterek, \u015funlar\u0131 kaydetti:<\/p>\n<p style=\"text-align: justify;\">&#8220;Art\u0131k ufuklar\u0131m\u0131z geni\u015fliyor, art\u0131k vizyonumuz geni\u015fliyor. Dostluklar yeniden in\u015fa ediliyor, karde\u015fler yeniden birbirine kavu\u015fuyor. Her anlamda, siyasi, askeri, ticari, ekonomik anlamda ili\u015fkiler g\u00fc\u00e7lenerek art\u0131yor. Kimse bundan rahats\u0131z olmas\u0131n, kimse bundan tedirginlik duymas\u0131n. Sadece ve sadece, olmas\u0131 gereken oluyor. Bunu b\u00f6yle ifade ediyorum&#8221;<\/p>\n<p style=\"text-align: justify;\"><span style=\"color: #888888;\">CNN T\u00dcRK<\/span><\/p>\n","protected":false},"excerpt":{"rendered":"<p style=\"text-align: center;\">\n<p style=\"text-align: justify;\">Ba\u015fbakan Recep Tayyip Erdo\u011fan, Genelkurmay Ba\u015fkan\u0131 ile yapt\u0131klar\u0131 g\u00f6r\u00fc\u015fmeleri ele\u015ftiren muhalefete sert \u00e7\u0131kt\u0131 ve &#8220;Onlar \u00e7eteyle, mafyayla avukatlar\u0131 vas\u0131tas\u0131yla g\u00f6r\u00fc\u015f\u00fcyor, biz Genelkurmay\u0131m\u0131zla. Fark\u0131m\u0131z bu&#8221; dedi.<\/p>\n","protected":false},"author":1,"featured_media":0,"comment_status":"open","ping_status":"closed","sticky":false,"template":"","format":"standard","meta":{"footnotes":""},"categories":[105],"tags":[],"class_list":["post-17780","post","type-post","status-publish","format-standard","hentry","category-gundem","odd"],"_links":{"self":[{"href":"http:\/\/www.korhanyilmaz.com\/index.php?rest_route=\/wp\/v2\/posts\/17780","targetHints":{"allow":["GET"]}}],"collection":[{"href":"http:\/\/www.korhanyilmaz.com\/index.php?rest_route=\/wp\/v2\/posts"}],"about":[{"href":"http:\/\/www.korhanyilmaz.com\/index.php?rest_route=\/wp\/v2\/types\/post"}],"author":[{"embeddable":true,"href":"http:\/\/www.korhanyilmaz.com\/index.php?rest_route=\/wp\/v2\/users\/1"}],"replies":[{"embeddable":true,"href":"http:\/\/www.korhanyilmaz.com\/index.php?rest_route=%2Fwp%2Fv2%2Fcomments&post=17780"}],"version-history":[{"count":0,"href":"http:\/\/www.korhanyilmaz.com\/index.php?rest_route=\/wp\/v2\/posts\/17780\/revisions"}],"wp:attachment":[{"href":"http:\/\/www.korhanyilmaz.com\/index.php?rest_route=%2Fwp%2Fv2%2Fmedia&parent=17780"}],"wp:term":[{"taxonomy":"category","embeddable":true,"href":"http:\/\/www.korhanyilmaz.com\/index.php?rest_route=%2Fwp%2Fv2%2Fcategories&post=17780"},{"taxonomy":"post_tag","embeddable":true,"href":"http:\/\/www.korhanyilmaz.com\/index.php?rest_route=%2Fwp%2Fv2%2Ftags&post=17780"}],"curies":[{"name":"wp","href":"https:\/\/api.w.org\/{rel}","templated":true}]}}