{"id":17776,"date":"2010-01-12T11:56:57","date_gmt":"2010-01-12T09:56:57","guid":{"rendered":"http:\/\/www.korhanyilmaz.com\/?p=17776"},"modified":"2010-01-12T11:56:57","modified_gmt":"2010-01-12T09:56:57","slug":"israil-ile-turkiye-arasinda-ipler-yeniden-gerildi","status":"publish","type":"post","link":"http:\/\/www.korhanyilmaz.com\/?p=17776","title":{"rendered":"\u0130srail ile T\u00fcrkiye aras\u0131nda ipler yeniden gerildi"},"content":{"rendered":"<p style=\"text-align: center;\"><a href=\"http:\/\/www.korhanyilmaz.com\/wp-content\/uploads\/2010\/01\/\u0130SRA\u0130L2.jpg\"  class=\"lightview\"><img loading=\"lazy\" decoding=\"async\" class=\"aligncenter size-full wp-image-17777\" src=\"http:\/\/www.korhanyilmaz.com\/wp-content\/uploads\/2010\/01\/\u0130SRA\u0130L2.jpg\" alt=\"\" width=\"307\" height=\"236\" \/><\/a><\/p>\n<p style=\"text-align: justify;\">Ba\u015fbakan Tayyip Erdo\u011fan&#8217;\u0131n Gazze sald\u0131r\u0131lar\u0131 nedeniyle \u0130srail&#8217;e y\u00f6nelik sert ele\u015ftirilerine Tel Aviv&#8217;den sert cevap geldi. \u0130srail D\u0131\u015fi\u015fleri Bakanl\u0131\u011f\u0131, Erdo\u011fan&#8217;\u0131n a\u00e7\u0131klamas\u0131n\u0131 &#8220;k\u00fcstah\u00e7a azarlama&#8221; diye niteledi. Bu arada, \u0130srail Savunma Bakan\u0131 Ehud Barak pazar g\u00fcn\u00fc T\u00fcrkiye&#8217;ye geliyor.<\/p>\n<p style=\"text-align: justify;\">\u0130srail D\u0131\u015fi\u015fleri Bakanl\u0131\u011f\u0131, Ba\u015fbakan Erdo\u011fan&#8217;\u0131n L\u00fcbnan Ba\u015fbakan\u0131 Saad Hariri ile d\u00fczenledi\u011fi ortak bas\u0131n toplant\u0131s\u0131nda \u0130srail&#8217;le ilgili s\u00f6zlerine kar\u015f\u0131l\u0131k &#8220;T\u00fcrkler&#8217;in \u0130srail devletine vaaz verecek en son ki\u015filer oldu\u011fu&#8221; a\u00e7\u0131klamas\u0131n\u0131 yapt\u0131. <!--more--><\/p>\n<p style=\"text-align: justify;\">D\u0131\u015fi\u015fleri Bakanl\u0131\u011f\u0131 s\u00f6zc\u00fcs\u00fc Yossi Levy, &#8220;D\u0131\u015fi\u015fleri Bakanl\u0131\u011f\u0131&#8217;n\u0131n T\u00fcrk Ba\u015fbakan\u0131&#8217;n\u0131n a\u015f\u0131r\u0131ya ka\u00e7an s\u00f6zlerini k\u0131nad\u0131\u011f\u0131n\u0131&#8221; belirtti.<\/p>\n<p style=\"text-align: justify;\">A\u00e7\u0131klamada, &#8220;\u0130srail T\u00fcrkiye&#8217;ye kar\u015f\u0131 sayg\u0131l\u0131 olmaya \u00f6zen g\u00f6steriyor, iki \u00fclke aras\u0131nda d\u00fczg\u00fcn ili\u015fkilerin devam\u0131n\u0131 istiyor, ama ayn\u0131 kar\u015f\u0131l\u0131\u011f\u0131 da g\u00f6rmeyi bekliyor&#8221; denildi.<\/p>\n<p style=\"text-align: justify;\">A\u00e7\u0131klamada, &#8220;\u0130srail devleti, Hizbullah ve Hamas ter\u00f6r\u00fc ve f\u00fczelerine kar\u015f\u0131 vatanda\u015flar\u0131n\u0131 koruma hakk\u0131na sahiptir. T\u00fcrklere gelince, onlar, \u0130srail devletine ve d\u00fcnyan\u0131n en ahlakl\u0131 ordusu olan \u0130srail Savunma Kuvvetlerine vaaz verecek en son ki\u015filerdir&#8221; ifadelerine yer verildi.<\/p>\n<p style=\"text-align: justify;\"><strong><em>Haaretz: &#8220;Lieberman kas\u0131tl\u0131 olarak ili\u015fkileri geriyor&#8221; <\/em><\/strong><\/p>\n<p style=\"text-align: justify;\">\u0130srail bas\u0131n\u0131 da Savunma Bakan\u0131 Ehud Barak&#8217;\u0131n 17 Ocak&#8217;ta yap\u0131lmas\u0131 planlanan T\u00fcrkiye ziyaretine D\u0131\u015fi\u015fleri Bakan\u0131 Avigdor Lieberman&#8217;\u0131n kar\u015f\u0131 \u00e7\u0131kt\u0131\u011f\u0131 haberlerine yer verdi. Lieberman&#8217;\u0131n Barak&#8217;\u0131 T\u00fcrkiye ziyaretinden vazge\u00e7irmeye \u00e7al\u0131\u015ft\u0131\u011f\u0131 belirtildi.<\/p>\n<p style=\"text-align: justify;\">Haaretz gazetesine konu\u015fan \u0130srail D\u0131\u015fi\u015fleri Bakanl\u0131\u011f\u0131 kaynaklar\u0131, Lieberman&#8217;\u0131n bug\u00fcnlerde T\u00fcrkiye ile ili\u015fkileri kas\u0131tl\u0131 olarak germeye \u00e7al\u0131\u015ft\u0131\u011f\u0131n\u0131 ileri s\u00fcrerek, T\u00fcrkiye&#8217;nin \u0130srail B\u00fcy\u00fckel\u00e7isi O\u011fuz \u00c7elikkol&#8217;un d\u00fcn D\u0131\u015fi\u015fleri&#8217;ne \u00e7a\u011fr\u0131larak &#8216;Kurtlar Vadisi&#8217; dizisinden dolay\u0131 T\u00fcrkiye&#8217;ye protesto verilmesinin bu politikan\u0131n bir uzant\u0131s\u0131 oldu\u011funu iddia etti.<\/p>\n<p style=\"text-align: justify;\"><strong><em>&#8220;Kurtlar Vadisi&#8221; krizi <\/em><\/strong><\/p>\n<p style=\"text-align: justify;\">\u0130srail, Kurtlar Vadisi dizisinden duydu\u011fu rahats\u0131zl\u0131\u011f\u0131 T\u00fcrkiye&#8217;nin Tel Aviv B\u00fcy\u00fckel\u00e7isi O\u011fuz \u00c7elikkol&#8217;u d\u00fcn D\u0131\u015fi\u015fleri Bakanl\u0131\u011f\u0131&#8217;na \u00e7a\u011f\u0131rarak dile getirmi\u015fti. Dizinin yap\u0131mc\u0131s\u0131 Pana Film ise &#8220;Kurtlar Vadisi, do\u011frular\u0131 s\u00f6ylemeye ve yanl\u0131\u015flar\u0131 te\u015fhir etmeye devam edecektir&#8221; a\u00e7\u0131klamas\u0131nda bulunmu\u015ftu.<\/p>\n<p style=\"text-align: justify;\"><span style=\"color: #888888;\">CNN T\u00dcRK<\/span><\/p>\n","protected":false},"excerpt":{"rendered":"<p style=\"text-align: center;\">\n<p style=\"text-align: justify;\">Ba\u015fbakan Tayyip Erdo\u011fan&#8217;\u0131n Gazze sald\u0131r\u0131lar\u0131 nedeniyle \u0130srail&#8217;e y\u00f6nelik sert ele\u015ftirilerine Tel Aviv&#8217;den sert cevap geldi. \u0130srail D\u0131\u015fi\u015fleri Bakanl\u0131\u011f\u0131, Erdo\u011fan&#8217;\u0131n a\u00e7\u0131klamas\u0131n\u0131 &#8220;k\u00fcstah\u00e7a azarlama&#8221; diye niteledi. Bu arada, \u0130srail Savunma Bakan\u0131 Ehud Barak pazar g\u00fcn\u00fc T\u00fcrkiye&#8217;ye geliyor.<\/p>\n<p style=\"text-align: justify;\">\u0130srail D\u0131\u015fi\u015fleri Bakanl\u0131\u011f\u0131, Ba\u015fbakan Erdo\u011fan&#8217;\u0131n L\u00fcbnan Ba\u015fbakan\u0131 Saad Hariri ile d\u00fczenledi\u011fi ortak bas\u0131n <\/p>\n","protected":false},"author":1,"featured_media":0,"comment_status":"open","ping_status":"closed","sticky":false,"template":"","format":"standard","meta":{"footnotes":""},"categories":[105],"tags":[],"class_list":["post-17776","post","type-post","status-publish","format-standard","hentry","category-gundem","odd"],"_links":{"self":[{"href":"http:\/\/www.korhanyilmaz.com\/index.php?rest_route=\/wp\/v2\/posts\/17776","targetHints":{"allow":["GET"]}}],"collection":[{"href":"http:\/\/www.korhanyilmaz.com\/index.php?rest_route=\/wp\/v2\/posts"}],"about":[{"href":"http:\/\/www.korhanyilmaz.com\/index.php?rest_route=\/wp\/v2\/types\/post"}],"author":[{"embeddable":true,"href":"http:\/\/www.korhanyilmaz.com\/index.php?rest_route=\/wp\/v2\/users\/1"}],"replies":[{"embeddable":true,"href":"http:\/\/www.korhanyilmaz.com\/index.php?rest_route=%2Fwp%2Fv2%2Fcomments&post=17776"}],"version-history":[{"count":0,"href":"http:\/\/www.korhanyilmaz.com\/index.php?rest_route=\/wp\/v2\/posts\/17776\/revisions"}],"wp:attachment":[{"href":"http:\/\/www.korhanyilmaz.com\/index.php?rest_route=%2Fwp%2Fv2%2Fmedia&parent=17776"}],"wp:term":[{"taxonomy":"category","embeddable":true,"href":"http:\/\/www.korhanyilmaz.com\/index.php?rest_route=%2Fwp%2Fv2%2Fcategories&post=17776"},{"taxonomy":"post_tag","embeddable":true,"href":"http:\/\/www.korhanyilmaz.com\/index.php?rest_route=%2Fwp%2Fv2%2Ftags&post=17776"}],"curies":[{"name":"wp","href":"https:\/\/api.w.org\/{rel}","templated":true}]}}