{"id":17772,"date":"2010-01-12T11:49:41","date_gmt":"2010-01-12T09:49:41","guid":{"rendered":"http:\/\/www.korhanyilmaz.com\/?p=17772"},"modified":"2010-01-12T11:49:41","modified_gmt":"2010-01-12T09:49:41","slug":"turk-buyukelcinin-zor-anlari","status":"publish","type":"post","link":"http:\/\/www.korhanyilmaz.com\/?p=17772","title":{"rendered":"T\u00fcrk b\u00fcy\u00fckel\u00e7inin zor anlar\u0131"},"content":{"rendered":"<p style=\"text-align: center;\"><a href=\"http:\/\/www.korhanyilmaz.com\/wp-content\/uploads\/2010\/01\/\u0130SRA\u0130L.jpg\"  class=\"lightview\"><img loading=\"lazy\" decoding=\"async\" class=\"aligncenter size-full wp-image-17773\" src=\"http:\/\/www.korhanyilmaz.com\/wp-content\/uploads\/2010\/01\/\u0130SRA\u0130L.jpg\" alt=\"\" width=\"307\" height=\"236\" \/><\/a><\/p>\n<p style=\"text-align: justify;\">\u0130srail D\u0131\u015fi\u015fleri Bakanl\u0131\u011f\u0131, Kurtlar Vadisi dizisinden duydu\u011fu rahats\u0131zl\u0131\u011f\u0131 T\u00fcrkiye&#8217;nin Tel Aviv B\u00fcy\u00fckel\u00e7isi O\u011fuz \u00c7elikkol&#8217;a iletti. G\u00f6r\u00fc\u015fmeye, \u0130srail D\u0131\u015fi\u015fleri Bakan\u0131 Yard\u0131mc\u0131s\u0131 Danny Ayalon&#8217;un diplomatik nezaketsizli\u011fi damgas\u0131n\u0131 vurdu. \u00c7elikkol&#8217;un elini s\u0131kmay\u0131 reddetti\u011fi belirtilen Ayalon, oturdu\u011fu koltu\u011fu da T\u00fcrk el\u00e7inin koltu\u011fundan y\u00fcksekte tuttu. T\u00fcrk D\u0131\u015fi\u015fleri Bakanl\u0131\u011f\u0131 da ya\u015fanan krizle ilgili ekip kurdu. <!--more--><\/p>\n<p style=\"text-align: justify;\">\u0130srail&#8217;in T\u00fcrkiye B\u00fcy\u00fckel\u00e7isi&#8217;ne rahats\u0131zl\u0131\u011f\u0131n\u0131 iletme tarz\u0131 \u0130srail&#8217;de b\u00fcy\u00fck g\u00fcr\u00fclt\u00fc kopard\u0131.<\/p>\n<p style=\"text-align: justify;\">\u0130srail bas\u0131n\u0131, diplomatik kurallar\u0131 hi\u00e7e sayan D\u0131\u015fi\u015fleri Bakan Yard\u0131mc\u0131s\u0131 Danny Ayalon&#8217;a y\u00fcklenirken, bu davran\u0131\u015f\u0131n amac\u0131n\u0131n, \u0130srail Savunma Bakan\u0131 Ehud Barak&#8217;\u0131n T\u00fcrkiye ziyaretini engellemek oldu\u011fu \u00f6ne s\u00fcr\u00fcld\u00fc.<\/p>\n<p style=\"text-align: justify;\"><strong><em>Odas\u0131na \u00e7a\u011f\u0131rd\u0131 <\/em><\/strong><\/p>\n<p style=\"text-align: justify;\">\u0130srail D\u0131\u015fi\u015fleri Bakan Yard\u0131mc\u0131s\u0131 Danny Ayalon, bir T\u00fcrk \u00f6zel televizyonunda yay\u0131mlanan Kurtlar Vadisi adl\u0131 dizinin son b\u00f6l\u00fcmlerinde, \u0130srail kar\u015f\u0131t\u0131 mesajlar verildi\u011fi, Mossad ajanlar\u0131n\u0131n \u00e7ocuk ka\u00e7\u0131ran ki\u015filer olarak g\u00f6sterildi\u011fi gerek\u00e7esiyle, d\u00fcn T\u00fcrkiye&#8217;nin Tel Aviv B\u00fcy\u00fckel\u00e7isi O\u011fuz \u00c7elikkol&#8217;u, \u0130srail parlamentosundaki (Knesset) odas\u0131na \u00e7a\u011f\u0131rarak bir g\u00f6r\u00fc\u015fme yapm\u0131\u015f ve diziden rahats\u0131zl\u0131klar\u0131n\u0131 dile getirmi\u015fti.<\/p>\n<p style=\"text-align: justify;\">Ayalon&#8217;un, Knesset&#8217;teki odas\u0131na kameralar\u0131 ve bas\u0131n\u0131 da davet etmesi, T\u00fcrk B\u00fcy\u00fckel\u00e7isinin itiraz\u0131na yol a\u00e7m\u0131\u015f; b\u00fcy\u00fckel\u00e7i, bas\u0131n mensuplar\u0131 \u00e7\u0131kt\u0131ktan sonra g\u00f6r\u00fc\u015fmenin yap\u0131lmas\u0131n\u0131 istemi\u015fti.<\/p>\n<p style=\"text-align: justify;\"><strong><em>&#8220;Biz y\u00fcksekte oturuyoruz&#8221; <\/em><\/strong><\/p>\n<p style=\"text-align: justify;\">Ayalon ise kameralara \u0130branice &#8220;Biz y\u00fcksekte oturuyoruz ve masada sadece \u0130srail bayra\u011f\u0131 var, biz de g\u00fcl\u00fcmsemiyoruz, dikkatinizi \u00e7ekerim&#8221; demi\u015fti.<\/p>\n<p style=\"text-align: justify;\">Haaretz gazetesi, \u201cRahats\u0131z oldu\u011fu g\u00f6r\u00fclen b\u00fcy\u00fckel\u00e7i al\u00e7ak bir sedire oturtulmu\u015ftu. Kar\u015f\u0131s\u0131ndaki \u00fc\u00e7 ciddi suratl\u0131 \u0130srailli ise y\u00fcksek sandalyelerde oturuyorlard\u0131. \u0130\u015fte D\u0131\u015fi\u015fleri Bakan\u0131 Avigdor Lieberman&#8217;\u0131n milli gururu kurtarma talimatlar\u0131 b\u00f6yle yerine getirildi&#8221; yorumunu yapt\u0131.<\/p>\n<p style=\"text-align: justify;\"><strong><em>Ayalon tepkilere ne dedi? <\/em><\/strong><\/p>\n<p style=\"text-align: justify;\">Danny Ayalon \u0130srail radyosuna bu sabah yapt\u0131\u011f\u0131 a\u00e7\u0131klamada, amac\u0131n Ehud Barak&#8217;\u0131n ziyaretini engellemek olup olmad\u0131\u011f\u0131 sorusuna ne evet, ne de hay\u0131r derken, &#8220;D\u0131\u015fi\u015fleri Bakanl\u0131\u011f\u0131&#8217;n\u0131n Barak&#8217;\u0131n ziyaretine kar\u015f\u0131 olmad\u0131\u011f\u0131n\u0131&#8221; belirtmekle yetindi.<\/p>\n<p style=\"text-align: justify;\">Ayalon, niyetlerinin k\u00fc\u00e7\u00fck d\u00fc\u015f\u00fcrmek olmad\u0131\u011f\u0131n\u0131, sadece \u0130srail&#8217;in hi\u00e7bir devlet kar\u015f\u0131s\u0131nda k\u00fc\u00e7\u00fck d\u00fc\u015f\u00fcr\u00fclemeyece\u011fini anlatmak oldu\u011funu da ileri s\u00fcrd\u00fc ve ama\u00e7lar\u0131n\u0131n bir diplomatik mesaj yollamak oldu\u011funu iddia etti. Ayalon, &#8220;\u0130srail, T\u00fcrkiye ile \u00e7at\u0131\u015fmak istemiyor. \u0130li\u015fkilere zarar vermek isteyen taraf da \u0130srail de\u011fil&#8230; T\u00fcrkiye&#8217;nin de \u00f6yle davranaca\u011f\u0131n\u0131 \u00fcmit ediyor&#8221; dedi.<\/p>\n<p style=\"text-align: justify;\"><strong><em>Lieberman&#8217;\u0131n talimat\u0131 m\u0131? <\/em><\/strong><\/p>\n<p style=\"text-align: justify;\">Ayalon&#8217;un bu \u015fekilde konu\u015fmas\u0131, \u0130srail medyas\u0131nda en fazla tart\u0131\u015f\u0131lan noktalardan biri haline geldi. Haaretz gazetesi, Ayalon ve iki yard\u0131mc\u0131s\u0131n\u0131n oturdu\u011fu koltu\u011fun B\u00fcy\u00fckel\u00e7ininkine g\u00f6re daha y\u00fcksek\u00e7e se\u00e7ilmesinin, D\u0131\u015fi\u015fleri Bakan\u0131 Avigdor Lieberman&#8217;\u0131n talimat\u0131 ile yap\u0131ld\u0131\u011f\u0131n\u0131 belirtti.<\/p>\n<p style=\"text-align: justify;\">Haaretz, \u0130branice n\u00fcshas\u0131nda Lieberman&#8217;\u0131n asl\u0131nda T\u00fcrkiye&#8217;deki \u0130srail b\u00fcy\u00fckel\u00e7isini \u00fclkeye \u00e7a\u011f\u0131rarak konuyla ilgili bilgi almak istedi\u011fini, ancak Ba\u015fbakan Binyamin Netanyahu&#8217;nun buna kar\u015f\u0131 \u00e7\u0131kt\u0131\u011f\u0131n\u0131 da belirtti.<\/p>\n<p style=\"text-align: justify;\">Gazete, Lieberman&#8217;\u0131n T\u00fcrkiye&#8217;ye kar\u015f\u0131 kat\u0131 diplomatik ad\u0131mlar atmak istedi\u011fini ifade ederken, Netanyahu&#8217;nun T\u00fcrk b\u00fcy\u00fckel\u00e7isine s\u00f6zl\u00fc bir k\u0131nama ile yetinilmesini istedi\u011fini de yazd\u0131. Bunun \u00fczerine Lieberman ve Ayalon&#8217;un bu s\u00f6zl\u00fc k\u0131namay\u0131 sonuna kadar g\u00f6t\u00fcrmeye karar verdikleri ve b\u00fcy\u00fckel\u00e7iyi Knesset&#8217;teki odas\u0131na \u00e7a\u011f\u0131rd\u0131klar\u0131 da ifade edildi.<\/p>\n<p style=\"text-align: justify;\">Gazeteye g\u00f6re, Netanyahu da \u0130srail kar\u015f\u0131t\u0131 unsurlar i\u00e7erdi\u011fi gerek\u00e7esiyle, dizi dolay\u0131s\u0131yla Lieberman gibi, \u0130srail&#8217;in T\u00fcrkiye&#8217;ye kar\u015f\u0131 tepki g\u00f6stermesi gerekti\u011fine inan\u0131yor. Ancak, haberde &#8220;Ba\u015fbakan Netanyahu, i\u015fin b\u00f6yle bir k\u00fc\u00e7\u00fck d\u00fc\u015f\u00fcrmeye vard\u0131r\u0131laca\u011f\u0131n\u0131 d\u00fc\u015f\u00fcnm\u00fcyordu&#8221; denildi.<\/p>\n<p style=\"text-align: justify;\">Gazete ayr\u0131ca, D\u0131\u015fi\u015fleri Bakanl\u0131\u011f\u0131 kaynaklar\u0131n\u0131n, Lieberman&#8217;\u0131n Savunma Bakan\u0131 Ehud Barak&#8217;\u0131n yakla\u015fan T\u00fcrkiye ziyareti \u00f6ncesinde, ili\u015fkilerin onar\u0131lmas\u0131 \u00e7abalar\u0131n\u0131 baltalamak i\u00e7in tansiyonu germe aray\u0131\u015f\u0131nda oldu\u011funu s\u00f6ylediklerini de yazd\u0131. Ayn\u0131 kaynaklar, Barak ziyareti \u00f6ncesinde Lieberman&#8217;\u0131n ortal\u0131\u011f\u0131 k\u0131z\u0131\u015ft\u0131rmak istedi\u011fini s\u00f6yleyip, &#8220;Ge\u00e7ti\u011fimiz d\u00f6nemdeki t\u00fcm bu faaliyetler, Lieberman&#8217;\u0131n siyasi g\u00fcndeminin bir par\u00e7as\u0131yd\u0131&#8221; diye konu\u015ftular.<\/p>\n<p style=\"text-align: justify;\">Barak&#8217;\u0131n, D\u0131\u015fi\u015fleri Bakanl\u0131\u011f\u0131&#8217;n\u0131n t\u00fcm kar\u015f\u0131 \u00e7\u0131k\u0131\u015flar\u0131na ra\u011fmen, 17-18 Ocak tarihlerinde T\u00fcrkiye&#8217;ye gitmesi bekleniyor. Ge\u00e7en Ekim ay\u0131nda da yine \u0130srail Sanayi ve Ticaret Bakan\u0131 Binyamin Ben-Eliezer, iki \u00fclke aras\u0131ndaki ili\u015fkilerin bozulmamas\u0131 gerekti\u011fini s\u00f6yleyerek T\u00fcrkiye&#8217;ye ziyarette bulunmu\u015f, Lieberman bu ziyarete de kar\u015f\u0131 \u00e7\u0131km\u0131\u015f ve bakanl\u0131\u011f\u0131n\u0131n bilgisi dahilinde olmad\u0131\u011f\u0131n\u0131 s\u00f6ylemi\u015fti.<\/p>\n<p style=\"text-align: justify;\"><em><strong>Alon Liel: &#8220;G\u00fcl\u00fcn\u00e7&#8230;&#8221; <\/strong><\/em><\/p>\n<p style=\"text-align: justify;\">\u0130srailli eski diplomatlardan, eski T\u00fcrkiye B\u00fcy\u00fckel\u00e7isi Alon Liel ise Ordu radyosuna yapt\u0131\u011f\u0131 a\u00e7\u0131klamada, D\u0131\u015fi\u015fleri Bakan Yard\u0131mc\u0131s\u0131 ve di\u011fer diplomatlar\u0131n tavr\u0131n\u0131 &#8220;\u00e7ok g\u00fcl\u00fcn\u00e7&#8221; buldu\u011funu dile getirdi. Liel, diplomasinin bilinen yollar\u0131 varken, Lieberman&#8217;\u0131n yeni yollar &#8220;icat etti\u011fini&#8221; s\u00f6ylerken, bundan sonra ne yapacaklar\u0131 sorusunu da y\u00f6neltti.<\/p>\n<p style=\"text-align: justify;\">Liel, T\u00fcrkiye ile ili\u015fkilerin bozulmas\u0131n\u0131 istemeyen, bunun M\u0131s\u0131r ve \u00dcrd\u00fcn ile ili\u015fkileri de olumsuz etkileyece\u011fini d\u00fc\u015f\u00fcnen \u0130srailli yetkililerin, ne d\u00fc\u015f\u00fcnd\u00fcklerini s\u00f6ylemek yerine tav\u0131rlar\u0131yla bunu g\u00f6sterme yoluna gittiklerini de anlatt\u0131.<\/p>\n<p style=\"text-align: justify;\">Liel, &#8220;Reaksiyonlar\u0131n\u0131z genellikle diplomatik kodlar ve d\u00fc\u015f\u00fcncelerinizle g\u00f6sterilir; burada \u00f6yle bir \u015fey yap\u0131lmad\u0131, al\u00e7altma yoluna gidildi&#8230; B\u00fcy\u00fckel\u00e7inin kanapesini al\u00e7ak tuttular, bir defakine daha al\u00e7ak bir yere oturtup, sonras\u0131nda d\u00f6vecekler mi yani&#8221; dedi.<\/p>\n<p style=\"text-align: justify;\">Liel, &#8220;T\u00fcrkiye ile ili\u015fkilerde ciddi bir problem ya\u015fan\u0131yor. T\u00fcrkiye&#8217;nin talepleri net ve a\u00e7\u0131k. Filistinliler&#8217;le bar\u0131\u015f s\u00fcrecinde bir yol katetilmedi\u011fi s\u00fcrece, bu hep b\u00f6yle olacak. E\u011fer buna cevap veremiyorsan\u0131z, tavr\u0131n\u0131z\u0131 diplomatik yollarla g\u00f6sterirsiniz. Bu \u015fekilde de\u011fil&#8221; dedi.<\/p>\n<p style=\"text-align: justify;\"><strong><em>Whbee: &#8220;\u00d6z\u00fcr dilenmeli&#8221; <\/em><\/strong><\/p>\n<p style=\"text-align: justify;\">\u0130srail&#8217;deki Kadima Partisi Milletvekili Majalli Whbee de, Ayalon&#8217;un T\u00fcrk el\u00e7iye a\u011f\u0131r s\u00f6zler sarfetmesini gereksiz olarak nitelendirerek, &#8220;Diplomat Ayalon, politikac\u0131 Ayalon&#8217;un yapt\u0131klar\u0131n\u0131 derhal telafi etmeli ve T\u00fcrk B\u00fcy\u00fckel\u00e7i&#8217;den \u00f6z\u00fcr dilemelidir. Ayr\u0131ca partisinin g\u00fcndemiyle, D\u0131\u015fi\u015fleri yetkilisi olarak g\u00fcndemini birbirine kar\u0131\u015ft\u0131rmayaca\u011f\u0131na s\u00f6z vermelidir&#8221; dedi.<\/p>\n<p style=\"text-align: justify;\">\u0130srail&#8217;i rahats\u0131z eden b\u00f6l\u00fcmde, Mossad bir T\u00fcrk \u00e7ocu\u011funu ka\u00e7\u0131rarak \u0130srail B\u00fcy\u00fckel\u00e7ili\u011fi&#8217;ne g\u00f6t\u00fcr\u00fcyor, bunun \u00fczerine b\u00fcy\u00fckel\u00e7ili\u011fe d\u00fczenlenen bask\u0131nda bir diplomat \u00f6ld\u00fcr\u00fcl\u00fcyordu.<\/p>\n<p style=\"text-align: justify;\"><span style=\"color: #888888;\">CNN T\u00dcRK<\/span><\/p>\n","protected":false},"excerpt":{"rendered":"<p style=\"text-align: center;\">\n<p style=\"text-align: justify;\">\u0130srail D\u0131\u015fi\u015fleri Bakanl\u0131\u011f\u0131, Kurtlar Vadisi dizisinden duydu\u011fu rahats\u0131zl\u0131\u011f\u0131 T\u00fcrkiye&#8217;nin Tel Aviv B\u00fcy\u00fckel\u00e7isi O\u011fuz \u00c7elikkol&#8217;a iletti. G\u00f6r\u00fc\u015fmeye, \u0130srail D\u0131\u015fi\u015fleri Bakan\u0131 Yard\u0131mc\u0131s\u0131 Danny Ayalon&#8217;un diplomatik nezaketsizli\u011fi damgas\u0131n\u0131 vurdu. \u00c7elikkol&#8217;un elini s\u0131kmay\u0131 reddetti\u011fi belirtilen Ayalon, oturdu\u011fu koltu\u011fu da T\u00fcrk el\u00e7inin koltu\u011fundan y\u00fcksekte tuttu. T\u00fcrk D\u0131\u015fi\u015fleri Bakanl\u0131\u011f\u0131 da ya\u015fanan krizle ilgili ekip kurdu. <\/p>\n","protected":false},"author":1,"featured_media":0,"comment_status":"open","ping_status":"closed","sticky":false,"template":"","format":"standard","meta":{"footnotes":""},"categories":[105],"tags":[],"class_list":["post-17772","post","type-post","status-publish","format-standard","hentry","category-gundem","odd"],"_links":{"self":[{"href":"http:\/\/www.korhanyilmaz.com\/index.php?rest_route=\/wp\/v2\/posts\/17772","targetHints":{"allow":["GET"]}}],"collection":[{"href":"http:\/\/www.korhanyilmaz.com\/index.php?rest_route=\/wp\/v2\/posts"}],"about":[{"href":"http:\/\/www.korhanyilmaz.com\/index.php?rest_route=\/wp\/v2\/types\/post"}],"author":[{"embeddable":true,"href":"http:\/\/www.korhanyilmaz.com\/index.php?rest_route=\/wp\/v2\/users\/1"}],"replies":[{"embeddable":true,"href":"http:\/\/www.korhanyilmaz.com\/index.php?rest_route=%2Fwp%2Fv2%2Fcomments&post=17772"}],"version-history":[{"count":0,"href":"http:\/\/www.korhanyilmaz.com\/index.php?rest_route=\/wp\/v2\/posts\/17772\/revisions"}],"wp:attachment":[{"href":"http:\/\/www.korhanyilmaz.com\/index.php?rest_route=%2Fwp%2Fv2%2Fmedia&parent=17772"}],"wp:term":[{"taxonomy":"category","embeddable":true,"href":"http:\/\/www.korhanyilmaz.com\/index.php?rest_route=%2Fwp%2Fv2%2Fcategories&post=17772"},{"taxonomy":"post_tag","embeddable":true,"href":"http:\/\/www.korhanyilmaz.com\/index.php?rest_route=%2Fwp%2Fv2%2Ftags&post=17772"}],"curies":[{"name":"wp","href":"https:\/\/api.w.org\/{rel}","templated":true}]}}