{"id":17760,"date":"2010-01-11T15:22:14","date_gmt":"2010-01-11T13:22:14","guid":{"rendered":"http:\/\/www.korhanyilmaz.com\/?p=17760"},"modified":"2010-01-11T15:22:14","modified_gmt":"2010-01-11T13:22:14","slug":"adalet-bakanligi-ocalanin-kose-yazarligini-yalanladi","status":"publish","type":"post","link":"http:\/\/www.korhanyilmaz.com\/?p=17760","title":{"rendered":"Adalet Bakanl\u0131\u011f\u0131 \u00d6calan&#039;\u0131n k\u00f6\u015fe yazarl\u0131\u011f\u0131n\u0131 yalanlad\u0131"},"content":{"rendered":"<p style=\"text-align: justify;\"><a href=\"http:\/\/www.korhanyilmaz.com\/wp-content\/uploads\/2010\/01\/OCALAN.jpg\"  class=\"lightview\"><img loading=\"lazy\" decoding=\"async\" class=\"aligncenter size-full wp-image-17761\" src=\"http:\/\/www.korhanyilmaz.com\/wp-content\/uploads\/2010\/01\/OCALAN.jpg\" alt=\"\" width=\"292\" height=\"201\" \/><\/a><\/p>\n<p style=\"text-align: justify;\">Adalet Bakanl\u0131\u011f\u0131 Abdullah \u00d6calan&#8217;\u0131n bir \u0130talyan gazetesinde k\u00f6\u015fe yazmaya ba\u015flad\u0131\u011f\u0131 haberlerini yalanlad\u0131. Bakanl\u0131k &#8220;H\u00fck\u00fcml\u00fclerin gazete yazarl\u0131\u011f\u0131 yapmalar\u0131na imkan bulunmamaktad\u0131r&#8221; dedi.<\/p>\n<p style=\"text-align: justify;\">Adalet Bakanl\u0131\u011f\u0131&#8217;ndan yap\u0131lan yaz\u0131l\u0131 a\u00e7\u0131klamada, &#8220;Baz\u0131 bas\u0131n yay\u0131n organlar\u0131nda \u0130mral\u0131 F Tipi Y\u00fcksek G\u00fcvenlikli Kapal\u0131 Ceza \u0130nfaz Kurumu&#8217;nda ter\u00f6r su\u00e7lar\u0131ndan h\u00fck\u00fcml\u00fc olarak bulunan Abdullah \u00d6calan&#8217;\u0131n yaz\u0131lar\u0131n\u0131n bir \u0130talyan gazetesinde yay\u0131mlanmaya ba\u015flad\u0131\u011f\u0131 y\u00f6n\u00fcnde haberler yer ald\u0131\u011f\u0131&#8221; belirtildi. <!--more--><\/p>\n<p style=\"text-align: justify;\">A\u00e7\u0131klamada, \u015funlar kaydedildi:<\/p>\n<p style=\"text-align: justify;\">&#8220;Ceza ve G\u00fcvenlik Tedbirlerinin \u0130nfaz\u0131 Hakk\u0131nda Kanun ve ilgili t\u00fcz\u00fck uyar\u0131nca, h\u00fck\u00fcml\u00fclerin gazetelere yay\u0131mlanmak \u00fczere yaz\u0131 g\u00f6ndermelerine ve gazete yazarl\u0131\u011f\u0131 yapmalar\u0131na imkan bulunmamaktad\u0131r. Ad\u0131 ge\u00e7en h\u00fck\u00fcml\u00fcn\u00fcn de \u0130talyan gazetesine b\u00f6yle bir yaz\u0131 g\u00f6ndermesi s\u00f6z konusu de\u011fildir.<\/p>\n<p style=\"text-align: justify;\">Konu ile ilgili olarak yap\u0131lan incelemede, haberlere konu olan yaz\u0131n\u0131n, h\u00fck\u00fcml\u00fcn\u00fcn daha \u00f6nce Avrupa \u0130nsan Haklar\u0131 Mahkemesi&#8217;ne g\u00f6nderdi\u011fi savunmalardan uyarlanarak yaz\u0131ld\u0131\u011f\u0131 anla\u015f\u0131lm\u0131\u015ft\u0131r.&#8221;<\/p>\n<p style=\"text-align: justify;\"><span style=\"color: #888888;\">CNN T\u00dcRK<\/span><\/p>\n","protected":false},"excerpt":{"rendered":"<p style=\"text-align: justify;\">\n<p style=\"text-align: justify;\">Adalet Bakanl\u0131\u011f\u0131 Abdullah \u00d6calan&#8217;\u0131n bir \u0130talyan gazetesinde k\u00f6\u015fe yazmaya ba\u015flad\u0131\u011f\u0131 haberlerini yalanlad\u0131. Bakanl\u0131k &#8220;H\u00fck\u00fcml\u00fclerin gazete yazarl\u0131\u011f\u0131 yapmalar\u0131na imkan bulunmamaktad\u0131r&#8221; dedi.<\/p>\n<p style=\"text-align: justify;\">Adalet Bakanl\u0131\u011f\u0131&#8217;ndan yap\u0131lan yaz\u0131l\u0131 a\u00e7\u0131klamada, &#8220;Baz\u0131 bas\u0131n yay\u0131n organlar\u0131nda \u0130mral\u0131 F Tipi Y\u00fcksek G\u00fcvenlikli Kapal\u0131 Ceza \u0130nfaz Kurumu&#8217;nda ter\u00f6r su\u00e7lar\u0131ndan h\u00fck\u00fcml\u00fc olarak bulunan Abdullah \u00d6calan&#8217;\u0131n yaz\u0131lar\u0131n\u0131n bir \u0130talyan <\/p>\n","protected":false},"author":1,"featured_media":0,"comment_status":"open","ping_status":"closed","sticky":false,"template":"","format":"standard","meta":{"footnotes":""},"categories":[105],"tags":[],"class_list":["post-17760","post","type-post","status-publish","format-standard","hentry","category-gundem","odd"],"_links":{"self":[{"href":"http:\/\/www.korhanyilmaz.com\/index.php?rest_route=\/wp\/v2\/posts\/17760","targetHints":{"allow":["GET"]}}],"collection":[{"href":"http:\/\/www.korhanyilmaz.com\/index.php?rest_route=\/wp\/v2\/posts"}],"about":[{"href":"http:\/\/www.korhanyilmaz.com\/index.php?rest_route=\/wp\/v2\/types\/post"}],"author":[{"embeddable":true,"href":"http:\/\/www.korhanyilmaz.com\/index.php?rest_route=\/wp\/v2\/users\/1"}],"replies":[{"embeddable":true,"href":"http:\/\/www.korhanyilmaz.com\/index.php?rest_route=%2Fwp%2Fv2%2Fcomments&post=17760"}],"version-history":[{"count":0,"href":"http:\/\/www.korhanyilmaz.com\/index.php?rest_route=\/wp\/v2\/posts\/17760\/revisions"}],"wp:attachment":[{"href":"http:\/\/www.korhanyilmaz.com\/index.php?rest_route=%2Fwp%2Fv2%2Fmedia&parent=17760"}],"wp:term":[{"taxonomy":"category","embeddable":true,"href":"http:\/\/www.korhanyilmaz.com\/index.php?rest_route=%2Fwp%2Fv2%2Fcategories&post=17760"},{"taxonomy":"post_tag","embeddable":true,"href":"http:\/\/www.korhanyilmaz.com\/index.php?rest_route=%2Fwp%2Fv2%2Ftags&post=17760"}],"curies":[{"name":"wp","href":"https:\/\/api.w.org\/{rel}","templated":true}]}}