{"id":17757,"date":"2010-01-11T19:13:42","date_gmt":"2010-01-11T17:13:42","guid":{"rendered":"http:\/\/www.korhanyilmaz.com\/?p=17757"},"modified":"2010-01-11T19:13:42","modified_gmt":"2010-01-11T17:13:42","slug":"yargitaydan-yangin-buyuyor-uyarisi","status":"publish","type":"post","link":"http:\/\/www.korhanyilmaz.com\/?p=17757","title":{"rendered":"Yarg\u0131tay&#039;dan &quot;yang\u0131n b\u00fcy\u00fcyor&quot; uyar\u0131s\u0131"},"content":{"rendered":"<p style=\"text-align: justify;\"><a href=\"http:\/\/www.korhanyilmaz.com\/wp-content\/uploads\/2010\/01\/GERCEKER.jpg\"  class=\"lightview\"><img loading=\"lazy\" decoding=\"async\" class=\"aligncenter size-full wp-image-17758\" src=\"http:\/\/www.korhanyilmaz.com\/wp-content\/uploads\/2010\/01\/GERCEKER.jpg\" alt=\"\" width=\"292\" height=\"192\" \/><\/a>Yarg\u0131tay Ba\u015fkan\u0131 Hasan Ger\u00e7eker bir kez daha &#8220;Yarg\u0131da ate\u015f bacay\u0131 sard\u0131, yang\u0131n b\u00fcy\u00fcyor&#8221; dedi. Ger\u00e7eker, Hakimler ve Savc\u0131lar Y\u00fcksek Kurulu&#8217;na Meclis&#8217;ten \u00fcye se\u00e7ilmesinin yanl\u0131\u015f oldu\u011funu vurgulad\u0131. Yarg\u0131tay&#8217;\u0131n bo\u015f \u00fcyeliklerine hala atama yap\u0131lamamas\u0131n\u0131 g\u00fcndeme getirdi.<\/p>\n<p style=\"text-align: justify;\">Yarg\u0131tay Ba\u015fkan\u0131 Hasan Ger\u00e7eker, &#8220;Her biri 30-40 y\u0131ll\u0131k mesleki tecr\u00fcbeye sahip olan, uygulaman\u0131n i\u00e7inden gelen, y\u0131llarca adalet da\u011f\u0131tan T\u00fcrk yarg\u0131\u00e7lar\u0131na g\u00fcvenilmelidir. Kurumlar aras\u0131ndaki g\u00fcven sorunu, g\u00fcvensizlik ortam\u0131 mutlaka a\u015f\u0131lmal\u0131d\u0131r&#8221; dedi. <!--more--><\/p>\n<p style=\"text-align: justify;\">Ankara Barosu&#8217;nca Bilkent Otel&#8217;de d\u00fczenlenen &#8220;Uluslararas\u0131 Hukuk Kurultay\u0131&#8221; ba\u015flad\u0131. Kurultay\u0131n a\u00e7\u0131l\u0131\u015f\u0131na Yarg\u0131tay Ba\u015fkan\u0131 Ger\u00e7eker, Adalet Bakan\u0131 Sadullah Ergin, Say\u0131\u015ftay Ba\u015fkan\u0131 Recai Akyel, baz\u0131 baro ba\u015fkanlar\u0131 ile \u00e7ok say\u0131da hukuk\u00e7u kat\u0131ld\u0131.<\/p>\n<p style=\"text-align: justify;\">Kurultay&#8217;\u0131n a\u00e7\u0131l\u0131\u015f\u0131nda konu\u015fan Ger\u00e7eker, k\u00fcrs\u00fcye anons edildi\u011finde salondakiler taraf\u0131ndan uzun s\u00fcre alk\u0131\u015fland\u0131.<\/p>\n<p style=\"text-align: justify;\">Kurultay&#8217;da \u00e7ok \u00f6nemli konularda \u00e7ok \u00f6nemli de\u011ferlendirmeler yap\u0131laca\u011f\u0131na inand\u0131\u011f\u0131n\u0131 belirten Ger\u00e7eker, kurultay\u0131n T\u00fcrk hukukuna b\u00fcy\u00fck katk\u0131 sa\u011flayaca\u011f\u0131n\u0131 s\u00f6yledi.<\/p>\n<p style=\"text-align: justify;\">Yarg\u0131 reformu konusunda konu\u015fmak istedi\u011fini belirten Ger\u00e7eker, Y\u00fcce \u00d6nder Mustafa Kemal Atat\u00fcrk&#8217;\u00fcn \u00e7izdi\u011fi yolda, g\u00f6sterdi\u011fi ilkeler do\u011frultusunda kurulan T\u00fcrkiye Cumhuriyeti Devleti&#8217;nin demokratik, laik ve sosyal bir hukuk devleti olma ilkesini benimsedi\u011fini ifade etti.<\/p>\n<p style=\"text-align: justify;\">Bu ilkenin gere\u011fi olarak da \u00e7a\u011fda\u015f hukuk sisteminin kabul edildi\u011fini s\u00f6yleyen Ger\u00e7eker, \u00e7a\u011fda\u015f hukuk sisteminin en \u00f6nemli \u00f6zelli\u011finin ve temel ta\u015f\u0131n\u0131n kuvvetler ayr\u0131l\u0131\u011f\u0131 ve yarg\u0131 ba\u011f\u0131ms\u0131zl\u0131\u011f\u0131 ilkesi oldu\u011funu vurgulad\u0131.<\/p>\n<p style=\"text-align: justify;\">Ger\u00e7eker, bu nedenle, Anayasa&#8217;n\u0131n bu \u00fc\u00e7 ana erke tan\u0131d\u0131\u011f\u0131 yetki, sorumluluk ve haklara herkesin, her kurumun sayg\u0131 g\u00f6stermesinin bir zorunluluk oldu\u011funu ancak bu durumda hukukun \u00fcst\u00fcnl\u00fc\u011f\u00fc, hukuk devleti ilkesinin hayata ge\u00e7irilebilece\u011fini dile getirdi.<\/p>\n<p style=\"text-align: justify;\">Yarg\u0131 reformu konusunda haz\u0131rlad\u0131klar\u0131 raporlar hakk\u0131nda da bilgi veren Ger\u00e7eker, buna g\u00f6re \u00f6ncelikle Hakimler ve Savc\u0131lar Y\u00fcksek Kurulu&#8217;nun (HSYK) tam ba\u011f\u0131ms\u0131z bir yap\u0131ya kavu\u015fturulmas\u0131, y\u00fcr\u00fctmenin etkisinden uzakla\u015ft\u0131r\u0131lmas\u0131 gerekti\u011fini s\u00f6yledi.<\/p>\n<p style=\"text-align: justify;\">HSYK&#8217;ya yarg\u0131 d\u0131\u015f\u0131 kurumlardan hakim, savc\u0131 s\u0131fat\u0131n\u0131 ta\u015f\u0131mayan ki\u015filerin \u00fcye olarak al\u0131nmas\u0131n\u0131n da yarg\u0131 ba\u011f\u0131ms\u0131zl\u0131\u011f\u0131na uygun d\u00fc\u015fmedi\u011fini d\u00fc\u015f\u00fcnd\u00fcklerini aktaran Ger\u00e7eker, &#8220;B\u00f6yle bir olu\u015fumun kuvvetler ayr\u0131l\u0131\u011f\u0131 ve yarg\u0131 ba\u011f\u0131ms\u0131zl\u0131\u011f\u0131 ilkelerine dolay\u0131s\u0131yla Anayasa&#8217;ya ayk\u0131r\u0131 oldu\u011funu d\u00fc\u015f\u00fcn\u00fcyoruz&#8221; dedi.<\/p>\n<p style=\"text-align: justify;\"><strong><em>&#8220;Yarg\u0131 sistemi t\u0131kanm\u0131\u015f durumda&#8221; <\/em><\/strong><\/p>\n<p style=\"text-align: justify;\">Temel hak ve \u00f6zg\u00fcrl\u00fcklerin en b\u00fcy\u00fck g\u00fcvencesinin tam ba\u011f\u0131ms\u0131z ve tarafs\u0131z bir yarg\u0131 sistemi oldu\u011funu vurgulayan Ger\u00e7eker, &#8220;Ger\u00e7ek bir hukuk devleti olmas\u0131n\u0131 istiyorsak bi\u00e7imsel demokrasi anlay\u0131\u015f\u0131n\u0131 de\u011fil temel hak ve \u00f6zg\u00fcrl\u00fcklerin ger\u00e7ek g\u00fcvencesi olan anayasal demokrasi d\u00fc\u015f\u00fcncesini benimsemeli ve b\u00fct\u00fcn kural ve kurumlar\u0131yla hayata ge\u00e7irmenin \u00e7abas\u0131n\u0131 g\u00f6stermeliyiz&#8221; diye konu\u015ftu.<\/p>\n<p style=\"text-align: justify;\">Yarg\u0131tay Ba\u015fkan\u0131 Ger\u00e7eker, bu konuda t\u00fcm yarg\u0131 kurumlar\u0131na b\u00fcy\u00fck g\u00f6rev ve sorumluluklar d\u00fc\u015ft\u00fc\u011f\u00fcn\u00fc ifade ederek, &#8220;Ne yaz\u0131k ki bug\u00fcn yarg\u0131 sistemi t\u0131kanm\u0131\u015f durumdad\u0131r. Buradaki sorumlu olarak \u00f6ncelikle Anayasa&#8217;n\u0131n yarg\u0131 ba\u011f\u0131ms\u0131zl\u0131\u011f\u0131n\u0131 zedeleyen maddelerini s\u00f6yleyebiliriz. Bunlar\u0131n mutlaka ay\u0131klanmas\u0131 gereklidir ama madem ki sistem b\u00f6yle, bu sorunlar\u0131 \u00e7\u00f6zmekle yetkili idarenin gerekli olanaklar\u0131 sa\u011flayarak yasamay\u0131 bu y\u00f6nde gerekli de\u011fi\u015fiklikleri yapmaya y\u00f6nlendirmesi gerekir. \u00dc\u00e7 ba\u015fl\u0131 bir yarg\u0131 sistemi; Adalet Bakanl\u0131\u011f\u0131, y\u00fcksek mahkemeler ve HSYK, yetki ve g\u00f6rev karma\u015fas\u0131 yaratmaktad\u0131r. Y\u00fcr\u00fctmenin hakimler ve savc\u0131lar \u00fczerindeki idari vesayetinin mutlaka kald\u0131r\u0131lmas\u0131 gerekmektedir&#8221; dedi.<\/p>\n<p style=\"text-align: justify;\">Y\u00fcr\u00fctme ve yarg\u0131n\u0131n HSYK&#8217;n\u0131n yap\u0131s\u0131n\u0131n nas\u0131l olaca\u011f\u0131 bak\u0131m\u0131ndan birle\u015fmi\u015f bir g\u00f6r\u00fcn\u00fcm sergiledi\u011fini s\u00f6yleyen Ger\u00e7eker, &#8220;\u00d6zellikle yasaya, hukuka uygun olmayan dinlemeler, ileti\u015fimin tespiti, takibi gibi i\u015flemler konusundaki yanl\u0131\u015fl\u0131klar toplum vicdan\u0131nda derin yaralar a\u00e7maktad\u0131r&#8221; dedi.<\/p>\n<p style=\"text-align: justify;\">Yarg\u0131n\u0131n i\u015f y\u00fck\u00fc, alt yap\u0131 sorunlar\u0131 bulundu\u011funu, hakim, savc\u0131 ve personel say\u0131s\u0131n\u0131n yetersiz oldu\u011funu anlatan Ger\u00e7eker, e\u015fit olanaklara sahip olmas\u0131 gerekirken, bu ko\u015fullar a\u00e7\u0131s\u0131ndan yarg\u0131n\u0131n, y\u00fcr\u00fctme ve yasamadan \u00e7ok geride kald\u0131\u011f\u0131n\u0131 kaydetti.<\/p>\n<p style=\"text-align: justify;\">Adalete g\u00fcvenin sa\u011flanmas\u0131 a\u00e7\u0131s\u0131ndan tarafs\u0131zl\u0131\u011f\u0131n, olmazsa olmaz bir ko\u015ful oldu\u011funa i\u015faret eden Ger\u00e7eker, tarafs\u0131zl\u0131\u011f\u0131n sa\u011flanmas\u0131 i\u00e7in de yarg\u0131n\u0131n tam ba\u011f\u0131ms\u0131z olmas\u0131 gerekti\u011fini ifade etti.<\/p>\n<p style=\"text-align: justify;\">HSYK&#8217;ya TBMM&#8217;den veya yarg\u0131 d\u0131\u015f\u0131ndaki di\u011fer kurumlardan \u00fcye se\u00e7imi yap\u0131lmas\u0131n\u0131n, ba\u011f\u0131ms\u0131zl\u0131\u011f\u0131n\u0131n zedelenmesine neden olaca\u011f\u0131n\u0131 s\u00f6yleyen Ger\u00e7eker, &#8220;Her biri 30-40 y\u0131ll\u0131k mesleki tecr\u00fcbeye sahip olan, uygulaman\u0131n i\u00e7inden gelen, y\u0131llarca adalet da\u011f\u0131tan T\u00fcrk yarg\u0131\u00e7lar\u0131na g\u00fcvenilmelidir. Kurumlar aras\u0131ndaki g\u00fcven sorunu, g\u00fcvensizlik ortam\u0131 mutlaka a\u015f\u0131lmal\u0131d\u0131r&#8221; diye konu\u015ftu.<\/p>\n<p style=\"text-align: justify;\"><strong><em>&#8220;Yang\u0131n b\u00fcy\u00fcyor&#8221; <\/em><\/strong><\/p>\n<p style=\"text-align: justify;\">Yarg\u0131tay&#8217;\u0131n dosya say\u0131s\u0131n\u0131n \u015fu an itibariyle 1 milyon 700 bin civar\u0131nda oldu\u011funu dile getiren Ger\u00e7eker, Yarg\u0131tay&#8217;daki 34 \u00fcye eksi\u011finin halen devam etti\u011fini belirtti.<\/p>\n<p style=\"text-align: justify;\">Ger\u00e7eker, &#8220;250 \u00fcyeden 34&#8217;\u00fc eksik durumda. Yasal zorunluluk olmas\u0131na ra\u011fmen \u00fcye se\u00e7imi hala yap\u0131lm\u0131\u015f de\u011fildir. Bir \u00e7ok daire asgari \u00fcye say\u0131s\u0131 olan be\u015f \u00fcyeden a\u015fa\u011f\u0131ya d\u00fc\u015fm\u00fc\u015f, \u00e7al\u0131\u015famaz hale gelmi\u015ftir. Bu durumda, HSYK&#8217;n\u0131n, Anayasa Mahkemesi&#8217;nin yap\u0131s\u0131n\u0131 de\u011fi\u015ftirsek ne olacak, de\u011fi\u015ftirmesek ne olacak? \u00dcz\u00fclerek s\u00f6yl\u00fcyorum, yarg\u0131da yang\u0131n b\u00fcy\u00fcyor, ate\u015f bacay\u0131 sard\u0131. Bunlar\u0131 s\u00f6ylerken \u00fcz\u00fcl\u00fcyorum ama bunlar ac\u0131 ger\u00e7ekler&#8221; dedi.<\/p>\n<p style=\"text-align: justify;\">A\u00e7\u0131l\u0131\u015f konu\u015fmalar\u0131n\u0131n ard\u0131ndan Adalet Bakan\u0131 Sadullah Ergin&#8217;e, Yarg\u0131tay Ba\u015fkan\u0131 Ger\u00e7eker&#8217;in, &#8220;Yarg\u0131da yang\u0131n b\u00fcy\u00fcyor, ate\u015f bacay\u0131 sard\u0131&#8221; s\u00f6zleri konusundaki de\u011ferlendirmesi soruldu.<\/p>\n<p style=\"text-align: justify;\">Ergin, &#8220;Yar\u0131n bunu de\u011ferlendiririz. Biz 2002&#8217;den bu yana o ate\u015fi s\u00f6nd\u00fcrmek i\u00e7in \u00e7ok \u00e7al\u0131\u015fmak yapt\u0131k&#8221; yan\u0131t\u0131n\u0131 verdi.<\/p>\n<p style=\"text-align: justify;\"><span style=\"color: #888888;\">CNN T\u00dcRK<\/span><\/p>\n","protected":false},"excerpt":{"rendered":"<p style=\"text-align: justify;\">Yarg\u0131tay Ba\u015fkan\u0131 Hasan Ger\u00e7eker bir kez daha &#8220;Yarg\u0131da ate\u015f bacay\u0131 sard\u0131, yang\u0131n b\u00fcy\u00fcyor&#8221; dedi. Ger\u00e7eker, Hakimler ve Savc\u0131lar Y\u00fcksek Kurulu&#8217;na Meclis&#8217;ten \u00fcye se\u00e7ilmesinin yanl\u0131\u015f oldu\u011funu vurgulad\u0131. Yarg\u0131tay&#8217;\u0131n bo\u015f \u00fcyeliklerine hala atama yap\u0131lamamas\u0131n\u0131 g\u00fcndeme getirdi.<\/p>\n<p style=\"text-align: justify;\">Yarg\u0131tay Ba\u015fkan\u0131 Hasan Ger\u00e7eker, &#8220;Her biri 30-40 y\u0131ll\u0131k mesleki tecr\u00fcbeye sahip olan, uygulaman\u0131n i\u00e7inden gelen, y\u0131llarca adalet <\/p>\n","protected":false},"author":1,"featured_media":0,"comment_status":"open","ping_status":"closed","sticky":false,"template":"","format":"standard","meta":{"footnotes":""},"categories":[105],"tags":[],"class_list":["post-17757","post","type-post","status-publish","format-standard","hentry","category-gundem","odd"],"_links":{"self":[{"href":"http:\/\/www.korhanyilmaz.com\/index.php?rest_route=\/wp\/v2\/posts\/17757","targetHints":{"allow":["GET"]}}],"collection":[{"href":"http:\/\/www.korhanyilmaz.com\/index.php?rest_route=\/wp\/v2\/posts"}],"about":[{"href":"http:\/\/www.korhanyilmaz.com\/index.php?rest_route=\/wp\/v2\/types\/post"}],"author":[{"embeddable":true,"href":"http:\/\/www.korhanyilmaz.com\/index.php?rest_route=\/wp\/v2\/users\/1"}],"replies":[{"embeddable":true,"href":"http:\/\/www.korhanyilmaz.com\/index.php?rest_route=%2Fwp%2Fv2%2Fcomments&post=17757"}],"version-history":[{"count":0,"href":"http:\/\/www.korhanyilmaz.com\/index.php?rest_route=\/wp\/v2\/posts\/17757\/revisions"}],"wp:attachment":[{"href":"http:\/\/www.korhanyilmaz.com\/index.php?rest_route=%2Fwp%2Fv2%2Fmedia&parent=17757"}],"wp:term":[{"taxonomy":"category","embeddable":true,"href":"http:\/\/www.korhanyilmaz.com\/index.php?rest_route=%2Fwp%2Fv2%2Fcategories&post=17757"},{"taxonomy":"post_tag","embeddable":true,"href":"http:\/\/www.korhanyilmaz.com\/index.php?rest_route=%2Fwp%2Fv2%2Ftags&post=17757"}],"curies":[{"name":"wp","href":"https:\/\/api.w.org\/{rel}","templated":true}]}}