{"id":17753,"date":"2010-01-11T16:40:19","date_gmt":"2010-01-11T14:40:19","guid":{"rendered":"http:\/\/www.korhanyilmaz.com\/?p=17753"},"modified":"2010-01-11T16:40:19","modified_gmt":"2010-01-11T14:40:19","slug":"baykal-erdogan-sonucu-aciklayamiyor","status":"publish","type":"post","link":"http:\/\/www.korhanyilmaz.com\/?p=17753","title":{"rendered":"Baykal: &quot;Erdo\u011fan sonucu a\u00e7\u0131klayam\u0131yor&#8230;&quot;"},"content":{"rendered":"<p><a href=\"http:\/\/www.korhanyilmaz.com\/wp-content\/uploads\/2010\/01\/BAYKAL.jpg\"  class=\"lightview\"><img loading=\"lazy\" decoding=\"async\" class=\"aligncenter size-full wp-image-17754\" src=\"http:\/\/www.korhanyilmaz.com\/wp-content\/uploads\/2010\/01\/BAYKAL.jpg\" alt=\"\" width=\"292\" height=\"216\" \/><\/a><\/p>\n<p style=\"text-align: justify;\">CHP Genel Ba\u015fkan\u0131 Deniz Baykal, AK Parti&#8217;nin oy oran\u0131n\u0131n eridi\u011fi y\u00f6n\u00fcndeki a\u00e7\u0131klamalar\u0131n\u0131 bug\u00fcn de s\u00fcrd\u00fcrd\u00fc. Baykal, &#8220;Ba\u015fbakan paras\u0131n\u0131 veriyor, ara\u015ft\u0131rmay\u0131 yapt\u0131r\u0131yor ama kendi yapt\u0131rd\u0131\u011f\u0131 ara\u015ft\u0131rman\u0131n kendisiyle ilgili ortaya koydu\u011fu sonucunu a\u00e7\u0131klayam\u0131yor&#8221; dedi.<!--more--><\/p>\n<p style=\"text-align: justify;\">Milli K\u00fct\u00fcphane&#8217;de d\u00fczenlenen bir kongreden ayr\u0131l\u0131rken gazetecilerin sorular\u0131n\u0131 yan\u0131tlayan Baykal, &#8220;Ba\u015fbakan paras\u0131n\u0131 veriyor, ara\u015ft\u0131rmay\u0131 yapt\u0131r\u0131yor ama kendi yapt\u0131rd\u0131\u011f\u0131 ara\u015ft\u0131rman\u0131n kendisiyle ilgili ortaya koydu\u011fu sonucunu a\u00e7\u0131klayam\u0131yor. Buna cesaret edemiyor. Kendi yapt\u0131rd\u0131\u011f\u0131 ara\u015ft\u0131rmalarda oyunun hangi d\u00fczeyde \u00e7\u0131kt\u0131\u011f\u0131n\u0131 kamuoyuna ifade edemiyor. Ben onu ifade ediyorum. \u015eu anda bile en iyimser ara\u015ft\u0131rmalarda oyu y\u00fczde 32&#8217;nin alt\u0131ndad\u0131r. Bir s\u00fcre\u00e7 i\u015flemeye ba\u015flam\u0131\u015f. Bu s\u00fcre\u00e7 \u015fu anda buraya geldi yar\u0131n onun da alt\u0131na inecek&#8221; \u015feklinde konu\u015ftu.<\/p>\n<p style=\"text-align: justify;\">Ya\u015fanan s\u00fcrecin ve sorunlar\u0131n AK Parti&#8217;yi \u00e7ok daha a\u011f\u0131r bir oy kayb\u0131na s\u00fcr\u00fckleyece\u011fini kaydeden Baykal, bunun siyasi bir polemik de\u011fil, sosyolojik bir tahlil oldu\u011funu savundu. Baykal, &#8220;AKP oy kaybediyor, oy kanamas\u0131 i\u00e7indedir. Y\u00fczde 38&#8217;e d\u00fc\u015ft\u00fc, 8.5 puan d\u00fc\u015ft\u00fc. \u015fimdi daha fazla d\u00fc\u015fecek. Daha fazla d\u00fc\u015ferse ne olacak? 30&#8217;un alt\u0131na d\u00fc\u015fecek, s\u00f6yledi\u011fim bu&#8221; dedi.<\/p>\n<p style=\"text-align: justify;\"><strong><em>Erken se\u00e7im <\/em><\/strong><\/p>\n<p style=\"text-align: justify;\">Kurumlara y\u00f6nelik sald\u0131r\u0131 oldu\u011funu, kurumun ba\u015f\u0131nda bulunanlar\u0131n \u015fikayetlerini dile getirdi\u011fini aktaran Baykal, vatanda\u015f\u0131n da bu durum kar\u015f\u0131s\u0131nda \u00fclkenin se\u00e7imle toparlanabilece\u011fi bekleyi\u015fi i\u00e7ine girdi\u011fini s\u00f6yledi.<\/p>\n<p style=\"text-align: justify;\">T\u00fcrkiye&#8217;nin tabii, normal bir y\u00f6netim i\u00e7inde olmad\u0131\u011f\u0131n\u0131 iddia eden Baykal, bu tablo kar\u015f\u0131s\u0131nda vatanda\u015f\u0131n se\u00e7imi bir \u00e7\u00f6z\u00fcm olarak ifade etti\u011fini savundu.<\/p>\n<p style=\"text-align: justify;\">Baykal, &#8220;Siz se\u00e7imi ne zaman \u00f6ng\u00f6r\u00fcyorsunuz?&#8221; sorusunun sorulmas\u0131 \u00fczerine de, &#8220;Ben sadece bu olaylar\u0131n do\u011fru anla\u015f\u0131lmas\u0131na yard\u0131mc\u0131 oluyorum. Bunun karar\u0131n\u0131 alacak olan iktidard\u0131r&#8221; dedi.<\/p>\n<p style=\"text-align: justify;\">Baykal, &#8220;Ba\u015fbakan kesinlikle se\u00e7im s\u00f6z\u00fcnden rahats\u0131z oluyor ama se\u00e7im denilmesi &#8216;sen \u00fclkeyi y\u00f6netemiyorsun&#8217; demektir. Giderek neden yayg\u0131nla\u015f\u0131yor se\u00e7im s\u00f6ylemi? Neden toplum giderek bunu sahipleniyor? T\u00fcrkiye&#8217;nin gidi\u015fat\u0131n\u0131 be\u011fenmedi\u011fi i\u00e7in sahipleniyor. Ba\u015fbakan da onun i\u00e7in tepki g\u00f6steriyor. Bunu anl\u0131yorum ama bu Ba\u015fbakan\u0131n \u015fahsi tercihiyle ortaya \u00e7\u0131kacak bir olay de\u011fil, T\u00fcrkiye s\u00f6z konusu olan. B\u00f6yle T\u00fcrkiye y\u00f6netimi olmaz. T\u00fcrkiye&#8217;yi kendi do\u011fal, demokratik, hukuki y\u00f6netim d\u00fczeni i\u00e7ine \u00e7ekmek laz\u0131m. Ya da bu gidi\u015fe son vermesini sa\u011flamak laz\u0131m. Bu yolda devam edemez Ba\u015fbakan, ederse o se\u00e7im tarihi talebi \u00e7ok daha erkenlere de gelir. T\u00fcrkiye&#8217;nin normalle\u015fmesi laz\u0131m. herkesin bu iktidar\u0131n y\u00f6netiminde normalle\u015fmeden umudunu kesti\u011fi i\u00e7in \u015fimdi se\u00e7im talebini ortaya at\u0131yor&#8221; ifadesini kulland\u0131.<\/p>\n<p style=\"text-align: justify;\"><strong><em>Dinleme olay\u0131 <\/em><\/strong><\/p>\n<p style=\"text-align: justify;\">Baykal, &#8220;Edirne Belediye Ba\u015fkan\u0131n\u0131n dinlendi\u011fi&#8221; iddialar\u0131na ili\u015fkin soru \u00fczerine, &#8220;bu olay\u0131n telekulak konusunda gelinen son noktan\u0131n somut \u00f6rneklerinden biri oldu\u011funu&#8221; s\u00f6yledi.<\/p>\n<p style=\"text-align: justify;\">Baykal, &#8220;Ger\u00e7ekten T\u00fcrkiye&#8217;de bu telefon dinlemeleriyle sadece hukuksuzluklar yanl\u0131\u015fl\u0131klar yakalanmak istenmiyor, belli siyasi ama\u00e7lara y\u00f6nelik tertipler komplolar bu kanalla sahneye konuyor. Bu olay hangi mahkeme karar\u0131yla bu dinleme yap\u0131lm\u0131\u015ft\u0131r, ortada nerede mahkeme karar\u0131 var? Bunlar\u0131n hi\u00e7birisi ortada yok. Tamamen bir tertip. Bu tertibi kim yapabiliyor? \u00d6zel ortam\u0131 i\u00e7inde b\u00f6yle bir tertibi bu kadar, bu kadar karma\u015f\u0131k, kim hangi teknolojiyle, bilgiyle yapabilir? B\u00fct\u00fcn bunlar\u0131 ger\u00e7ekle\u015ftirme g\u00fcc\u00fcne imkan\u0131na sahip olanlar ba\u015fka nerelerde neler yap\u0131yor?&#8221; dedi.<\/p>\n<p style=\"text-align: justify;\"><strong><em>&#8220;Darbeci muhalefet de\u011fil, komplocu iktidar&#8221; <\/em><\/strong><\/p>\n<p style=\"text-align: justify;\">Birtak\u0131m iddialar\u0131n ortaya at\u0131ld\u0131\u011f\u0131n\u0131, ancak bunlar\u0131n ispatlanmadan, gere\u011fi ortaya konmadan \u00fcst\u00fcn\u00fcn \u00f6rt\u00fclmeye \u00e7al\u0131\u015f\u0131ld\u0131\u011f\u0131n\u0131 savunun Baykal, &#8220;Bug\u00fcn kar\u015f\u0131la\u015ft\u0131\u011f\u0131m\u0131z sorunlar\u0131n temelinde darbeci bir muhalefet de\u011fil, komplocu bir iktidar\u0131n varl\u0131\u011f\u0131 var. As\u0131l mesele budur. Bug\u00fcn T\u00fcrkiye&#8217;nin \u00f6n\u00fcnde darbeci bir muhalefet bulundu\u011fu i\u00e7in bir gerginlik, gerilim, s\u0131k\u0131nt\u0131 ya\u015fan\u0131yor de\u011fil, bug\u00fcn T\u00fcrkiye&#8217;de ya\u015fanan s\u0131k\u0131nt\u0131lar\u0131n temelinde iktidarda komplocu bir iktidar var oldu\u011fu i\u00e7in, komplolar d\u00fczenini bilin\u00e7li olarak sahneledi\u011fi, destekledi\u011fi, sahiplendi\u011fi i\u00e7in T\u00fcrkiye bu s\u0131k\u0131nt\u0131lar\u0131 ya\u015f\u0131yor. \u0130\u015fin \u00f6z\u00fc, k\u00f6k\u00fc budur&#8230;&#8221; diye konu\u015ftu.<\/p>\n<p style=\"text-align: justify;\">Baykal, &#8220;ortada bir darbe tart\u0131\u015fmas\u0131 ya\u015fand\u0131\u011f\u0131n\u0131, bununla ilgili kim ne biliyorsa ortaya koymas\u0131 gerekti\u011fini&#8221; ifade ederek, &#8220;Ya ger\u00e7ektir ya komplodur. Ger\u00e7ek olmad\u0131\u011f\u0131 ortaya \u00e7\u0131kt\u0131, o zaman komplo. Komployu kim yap\u0131yor; Ahmet, Mehmet mi yap\u0131yor? Arkas\u0131nda ne var ortaya \u00e7\u0131kmas\u0131 laz\u0131m. O nedenle diyorum ki bug\u00fcn T\u00fcrkiye &#8216;de bir komplocu iktidar vard\u0131r. Sorunlar\u0131n temelinde de bu vard\u0131r. Kimse kendini aldatmas\u0131n&#8221; dedi.<\/p>\n<p style=\"text-align: justify;\">Edirne&#8217;de vatanda\u015flar aras\u0131nda ya\u015fanan gerginli\u011fe ili\u015fkin soruyu da yan\u0131tlayan Baykal, bunun a\u00e7\u0131l\u0131m politikas\u0131 ba\u015flad\u0131ktan sonra ortaya \u00e7\u0131kan &#8220;\u00fcz\u00fcnt\u00fc verici tablolardan biri oldu\u011funu&#8221; s\u00f6yledi. T\u00fcrkiye&#8217;nin h\u0131zla bir etnik ayr\u0131\u015fmaya do\u011fru gitti\u011fini, CHP olarak buna ili\u015fkin uyar\u0131lar\u0131 daha \u00f6nce yapt\u0131klar\u0131n\u0131 dile getiren Baykal, a\u00e7\u0131l\u0131m politikas\u0131n\u0131n endi\u015fe verici sonu\u00e7lar\u0131n\u0131n ya\u015fand\u0131\u011f\u0131n\u0131 \u00f6ne s\u00fcrd\u00fc.<\/p>\n<p style=\"text-align: justify;\"><span style=\"color: #888888;\">CNN T\u00dcRK<\/span><\/p>\n","protected":false},"excerpt":{"rendered":"<\/p>\n<p style=\"text-align: justify;\">CHP Genel Ba\u015fkan\u0131 Deniz Baykal, AK Parti&#8217;nin oy oran\u0131n\u0131n eridi\u011fi y\u00f6n\u00fcndeki a\u00e7\u0131klamalar\u0131n\u0131 bug\u00fcn de s\u00fcrd\u00fcrd\u00fc. Baykal, &#8220;Ba\u015fbakan paras\u0131n\u0131 veriyor, ara\u015ft\u0131rmay\u0131 yapt\u0131r\u0131yor ama kendi yapt\u0131rd\u0131\u011f\u0131 ara\u015ft\u0131rman\u0131n kendisiyle ilgili ortaya koydu\u011fu sonucunu a\u00e7\u0131klayam\u0131yor&#8221; dedi.<\/p>\n","protected":false},"author":1,"featured_media":0,"comment_status":"open","ping_status":"closed","sticky":false,"template":"","format":"standard","meta":{"footnotes":""},"categories":[105],"tags":[],"class_list":["post-17753","post","type-post","status-publish","format-standard","hentry","category-gundem","odd"],"_links":{"self":[{"href":"http:\/\/www.korhanyilmaz.com\/index.php?rest_route=\/wp\/v2\/posts\/17753","targetHints":{"allow":["GET"]}}],"collection":[{"href":"http:\/\/www.korhanyilmaz.com\/index.php?rest_route=\/wp\/v2\/posts"}],"about":[{"href":"http:\/\/www.korhanyilmaz.com\/index.php?rest_route=\/wp\/v2\/types\/post"}],"author":[{"embeddable":true,"href":"http:\/\/www.korhanyilmaz.com\/index.php?rest_route=\/wp\/v2\/users\/1"}],"replies":[{"embeddable":true,"href":"http:\/\/www.korhanyilmaz.com\/index.php?rest_route=%2Fwp%2Fv2%2Fcomments&post=17753"}],"version-history":[{"count":0,"href":"http:\/\/www.korhanyilmaz.com\/index.php?rest_route=\/wp\/v2\/posts\/17753\/revisions"}],"wp:attachment":[{"href":"http:\/\/www.korhanyilmaz.com\/index.php?rest_route=%2Fwp%2Fv2%2Fmedia&parent=17753"}],"wp:term":[{"taxonomy":"category","embeddable":true,"href":"http:\/\/www.korhanyilmaz.com\/index.php?rest_route=%2Fwp%2Fv2%2Fcategories&post=17753"},{"taxonomy":"post_tag","embeddable":true,"href":"http:\/\/www.korhanyilmaz.com\/index.php?rest_route=%2Fwp%2Fv2%2Ftags&post=17753"}],"curies":[{"name":"wp","href":"https:\/\/api.w.org\/{rel}","templated":true}]}}