{"id":17748,"date":"2010-01-11T16:07:13","date_gmt":"2010-01-11T14:07:13","guid":{"rendered":"http:\/\/www.korhanyilmaz.com\/?p=17748"},"modified":"2011-11-04T22:46:53","modified_gmt":"2011-11-04T20:46:53","slug":"fethullahci-olsam-istanbul-emniyet-muduruydum","status":"publish","type":"post","link":"http:\/\/www.korhanyilmaz.com\/?p=17748","title":{"rendered":"&#8220;Fethullah\u00e7\u0131 olsam \u0130stanbul Emniyet M\u00fcd\u00fcr\u00fc&#8217;yd\u00fcm&#8221;"},"content":{"rendered":"<p style=\"text-align: justify;\"><a href=\"http:\/\/www.korhanyilmaz.com\/wp-content\/uploads\/2010\/01\/serdar_sacan.jpg\"  class=\"lightview\"><img loading=\"lazy\" decoding=\"async\" class=\"aligncenter size-full wp-image-17749\" src=\"http:\/\/www.korhanyilmaz.com\/wp-content\/uploads\/2010\/01\/serdar_sacan.jpg\" alt=\"\" width=\"292\" height=\"194\" \/><\/a><\/p>\n<p style=\"text-align: justify;\">\u0130kinci Ergenekon davas\u0131n\u0131n 29&#8217;uncu duru\u015fmas\u0131nda ifade veren tutuklu san\u0131k \u0130stanbul Organize Su\u00e7larla M\u00fccadele \u015eubesi eski Ba\u015fkan\u0131 Adil Serdar Sa\u00e7an, &#8220;E\u011fer Fethullah\u00e7\u0131 olsayd\u0131m \u015fu anda \u0130stanbul Emniyet M\u00fcd\u00fcr\u00fc&#8217;yd\u00fcm. Atat\u00fcrk\u00e7\u00fcy\u00fcm ve tutukluyum. Ba\u015fkan\u0131m e\u011fer bizi beraat ettirirseniz Ergenekoncu, mahkum ettirirseniz Fethullah\u00e7\u0131 olursunuz&#8221; dedi. <!--more--><\/p>\n<p style=\"text-align: justify;\">Sa\u00e7an, 2001&#8217;de Veli K\u00fc\u00e7\u00fck-Tuncay G\u00fcney, Emniyet i\u00e7indeki Fethullah\u00e7\u0131 yap\u0131lanma, Belediye \u0130ktisadi Te\u015febb\u00fcsleri (B\u0130T) ve Albayrak grubuna ili\u015fkin \u00e7al\u0131\u015fma iznini ald\u0131\u011f\u0131 i\u00e7in san\u0131k oldu\u011funu s\u00f6yledi.<\/p>\n<p style=\"text-align: justify;\">\u0130fadesine &#8220;G\u00fcnayd\u0131n&#8221; diyerek ba\u015flayan Adil Serdar Sa\u00e7an, &#8220;2008 y\u0131l\u0131n\u0131n 23 Eyl\u00fcl&#8217;\u00fcnden beri beni avukatlar\u0131mdan daha az yaln\u0131z b\u0131rakan Cumhuriyet Savc\u0131s\u0131 Say\u0131n Mehmet Ali Pekg\u00fczel&#8217;e de &#8216;g\u00fcnayd\u0131n&#8217; diyorum. G\u00f6zalt\u0131na al\u0131nd\u0131\u011f\u0131mda avukat oldu\u011fum i\u00e7in ev ve i\u015fyeri aramama geldi. Tutuklanma talebiyle mahkeye sevk etti. Tutukland\u0131m, buraya mahkemeye de geliyor. Bir cezaevinde benimle birlikte de\u011fil&#8221; dedi.<\/p>\n<p style=\"text-align: justify;\">Ya\u015fam\u0131 ve yapt\u0131\u011f\u0131 i\u015fler nedeniyle yarg\u0131land\u0131\u011f\u0131n\u0131 belirten Adil Serdar Sa\u00e7an, savunmas\u0131n\u0131n bir b\u00f6l\u00fcm\u00fcn\u00fc ya\u015fam \u00f6yk\u00fcs\u00fc \u015feklinde anlataca\u011f\u0131n\u0131 s\u00f6yledi.<\/p>\n<p style=\"text-align: justify;\"><strong><em>Fethullah\u00e7\u0131 yap\u0131lanma <\/em><\/strong><\/p>\n<p style=\"text-align: justify;\">1978&#8217;de polis kolejine girdi\u011fini ifade eden Adil Serdar Sa\u00e7an, \u015funlar\u0131 s\u00f6yledi:<\/p>\n<p style=\"text-align: justify;\">&#8220;Benim girdi\u011fim d\u00f6nemde polis kolejinde sa\u011f vard\u0131, sol vard\u0131 bir de dinci gruplar. Fethullah\u00e7\u0131 yap\u0131lanma yava\u015f yava\u015f olu\u015fmaya ba\u015flam\u0131\u015ft\u0131. 1979&#8217;da &#8216;Atat\u00fcrk\u00e7\u00fc Faaliyet Grubu&#8217;nu kurdum. 3 ki\u015fiydik. Sa\u011fc\u0131, solcu, dinci gruplardan dayak yedik. Ramazan Aky\u00fcrek (\u0130stihbarat Daire eski Ba\u015fkan\u0131), Ali Osman Kahya (Zirve Yay\u0131nevi sald\u0131r\u0131s\u0131 s\u0131ras\u0131nda Malatya emniyet m\u00fcd\u00fcr\u00fcyd\u00fc) ve Mustafa Sa\u011flam (Emniyet M\u00fcd\u00fcr\u00fc) bu \u00fc\u00e7 ki\u015fi, 1974&#8217;de Korkut \u00d6zal d\u00f6neminde polis kolejine girmi\u015flerdi.<\/p>\n<p style=\"text-align: justify;\">Daha sonra komiser yard\u0131mc\u0131s\u0131 olarak gelip polis kolejinde Fethullah\u00e7\u0131 yap\u0131lanmay\u0131 ba\u015flatan ki\u015filerdir. Ramazan Aky\u00fcrek kolejde s\u0131n\u0131f komiserimizdi. 1980&#8217;den sonra bu yap\u0131lanmaya ciddi olarak kar\u015f\u0131 olan Atat\u00fcrk\u00e7\u00fc Faaliyet Kolu&#8217;dur. Mezun oldum, polis akdemisine girdim ve akademide de Atat\u00fcrk\u00e7\u00fc Faaliyet Kolu&#8217;nu kurduk. Akademide Hulusi \u00c7elik (Karab\u00fck \u0130l Emniyet M\u00fcd\u00fcr\u00fc) isimli arkada\u015f gelip &#8216;Beton Mustafa ile fazla u\u011fra\u015fma&#8217; dedi. Kavga ettik. I\u015f\u0131k evlerinin m\u00fcdavimi olan bir arkada\u015ft\u0131. \u0130stanbul TEM&#8217;de emniyet m\u00fcd\u00fcr yard\u0131mc\u0131l\u0131\u011f\u0131 yapt\u0131. 1981&#8217;den 2008&#8217;e 27 y\u0131l sonra benden intikam\u0131 ald\u0131.&#8221;<\/p>\n<p style=\"text-align: justify;\">Polis Koleji ve Polis Akademisi&#8217;ndeki Fethullah\u00e7\u0131 grupla m\u00fccadelesinin \u00e7ocuk ya\u015fta ba\u015flad\u0131\u011f\u0131n\u0131 ifade eden Adil Serdar Sa\u00e7an, okulu derece ile bitirmesine ve yurt d\u0131\u015f\u0131 e\u011fitimi kazanmas\u0131na ra\u011fmen Fethullahc\u0131 olmad\u0131\u011f\u0131 i\u00e7in g\u00f6nderilmedi\u011fini iddia etti.<\/p>\n<p style=\"text-align: justify;\"><strong><em>&#8220;Su\u00e7umu bilerek buraya geldim&#8221; <\/em><\/strong><\/p>\n<p style=\"text-align: justify;\">G\u00f6zalt\u0131na al\u0131nd\u0131\u011f\u0131nda kendisine &#8220;Neden Fethullah\u00e7\u0131larla m\u00fccadele izni ald\u0131n?&#8221; diye soruldu\u011funu belirten Adil Serdar sa\u00e7an, &#8220;&#8216;Gel bakal\u0131m buraya&#8217; dediler. Tutuklu san\u0131k Tuncay \u00d6zkan ifadesinde su\u00e7unu bilmeden burada oldu\u011funu s\u00f6yledi. Oysa ben su\u00e7umu biliyorum. Su\u00e7umu bilerek buraya geldim&#8221; dedi.<\/p>\n<p style=\"text-align: justify;\">Siyasi g\u00f6r\u00fc\u015f\u00fcn\u00fc de a\u00e7\u0131klayan Adil Serdar Sa\u00e7an, &#8220;Sa\u011fc\u0131, solcu, Fethullah\u00e7\u0131 de\u011filim. Annemden do\u011fdu\u011fum g\u00fcnden beri Mustafa Kemal&#8217;i seven, can\u0131m\u0131 bile verecek kadar seven biriyim. Bir tek \u00f6rg\u00fct\u00fcm vard\u0131r. 13 ya\u015f\u0131nda girdi\u011fim T\u00fcrkiye Cumhuriyeti Devleti Emniyet \u00f6rg\u00fct\u00fcd\u00fcr. Mustafa Kemal&#8217;in 6 ilkesine ba\u011fl\u0131y\u0131m. K\u00fcreselle\u015fmeye kar\u015f\u0131y\u0131m. Hatta o kadar kar\u015f\u0131y\u0131m ki d\u00fcnyan\u0131n k\u00fcre \u015feklinde olmas\u0131na bile k\u0131z\u0131yorum. K\u00fcreselle\u015fme ile T\u00fcrkiye&#8217;nin \u015feklinin, dininin de\u011fi\u015ftirilemesine kar\u015f\u0131y\u0131m. Mustafa Kemal Pa\u015fa neyi savunmu\u015fsa onu savunuyorum. Fethullah\u00e7\u0131, dinsiz, ateist dediler. Alevi oldu\u011fumu s\u00f6ylediler. Alevi de\u011filim ama Aliciyim. G\u00f6n\u00fclden ba\u011fl\u0131y\u0131m. Kar\u015f\u0131 devrim kar\u015f\u0131t\u0131y\u0131m. Cumhuriyet kar\u015f\u0131 yap\u0131lacak olan her t\u00fcrl\u00fc kar\u015f\u0131 devrime kar\u015f\u0131y\u0131m. Bu zaten polis akademisinde yapt\u0131\u011f\u0131m yeminde de var&#8221; diye konu\u015ftu.<\/p>\n<p style=\"text-align: justify;\"><strong><em>&#8220;Yapt\u0131\u011f\u0131m 5 operasyon nedeniyle buraday\u0131m&#8221; <\/em><\/strong><\/p>\n<p style=\"text-align: justify;\">Yapt\u0131\u011f\u0131 operasyonlardan 5&#8217;nin \u00e7ok \u00f6nemli oldu\u011funu, Ergenekon davasnda tutuklu san\u0131k olmas\u0131na neden oldu\u011funu \u00f6ne s\u00fcren Adil Serdar Sa\u00e7an \u015funlar\u0131 s\u00f6yledi:<\/p>\n<p style=\"text-align: justify;\">&#8220;Bunlardan birincisi 1999&#8217;da \u015fikayet \u00fczerine \u0130stihbarat \u015eube M\u00fcd\u00fcrl\u00fc\u011f\u00fc, Adnan Hocac\u0131lar hakk\u0131nda \u00e7al\u0131\u015fma yap\u0131p raporu getirdi. Biz de \u0130stanbul DGM Ba\u015fsavc\u0131l\u0131\u011f\u0131&#8217;n\u0131n emri ile operasyonu yapt\u0131k. \u0130kinci operasyon ise B\u0130T ve Albayraklar operasyonu. Say\u0131n Ba\u015fbakan\u0131n ve Ali M\u00fcfit G\u00fcrtuna&#8217;n\u0131n \u0130stanbul B\u00fcy\u00fck\u015fehir Belediyesi Ba\u015fkan\u0131 oldu\u011fu d\u00f6neme ili\u015fkin operasyondur. Say\u0131n Ba\u015fbakan&#8217;\u0131n mecliste dokunulmazl\u0131\u011f\u0131n\u0131n kald\u0131r\u0131lmas\u0131n\u0131 bekleyen dosyalar\u0131n alt\u0131nda benim imzam vard\u0131r. Ben bu adam\u0131 tan\u0131mam. Operasyon yap\u0131ld\u0131. DGM Ba\u015fsavc\u0131s\u0131 talimat verdi. \u015eimdi bana &#8216;niye yapt\u0131n?&#8217; diyorlar.<\/p>\n<p style=\"text-align: justify;\">Belediyeyi soyan \u00e7etenin lideri durumunda. Ba\u015fbakan hakk\u0131ndaki dosya dokunulmazl\u0131\u011f\u0131n kald\u0131r\u0131lmas\u0131n\u0131 bekliyor. \u00dc\u00e7\u00fcnc\u00fc operasyon ise Gebze Belediyesi&#8217;ne yap\u0131lan operasyondur. D\u00f6rd\u00fcnc\u00fc operasyon \u0130stanbul&#8217;da yap\u0131lan me\u015fhur h\u0130zbullah Operasyonu&#8217;dur. Asayi\u015f ve Ter\u00f6r \u015eubesi kaybolan i\u015fadamlar\u0131na y\u00f6nelik \u00e7al\u0131\u015fmalar yapt\u0131. Ba\u015faramad\u0131. Bu olaya te\u015fhisi koyan ve operasyonu ba\u015flatan bizzat benim. 2001 y\u0131l\u0131 benim i\u00e7in ciddi anlamda \u00f6nemlidir. Kar\u015f\u0131n\u0131zda bu pozisyonda gelmeme sebep olan senedir. Veli K\u00fc\u00e7\u00fck ve Tuncay G\u00fcney, Emniyet i\u00e7indeki Fethullahc\u0131 yap\u0131lanma ile B\u0130T ve Albayrak gurubuna ili\u015fkin \u00e7al\u0131\u015fma izninin al\u0131nd\u0131\u011f\u0131 senedir. Benim burada bulunmam\u0131n nedeni \u00f6zetle budur.&#8221;<\/p>\n<p style=\"text-align: justify;\"><strong><em>&#8220;D\u0131\u015far\u0131da b\u0131rakt\u0131\u011f\u0131m\u0131z bir tane grup yoktu <\/em><\/strong><\/p>\n<p style=\"text-align: justify;\">Meslek hayat\u0131 boyunca yapt\u0131\u011f\u0131 operasyonlara da de\u011finen Adil Serdar Sa\u00e7an, 1995&#8217;de Hizbullah \u00d6rg\u00fct\u00fc&#8217;n\u00fcn nas\u0131l tan\u0131mlanaca\u011f\u0131na dair kitap\u00e7\u0131k haz\u0131rlad\u0131\u011f\u0131n\u0131, 1998&#8217;de Organize Su\u00e7larla M\u00fccadele \u015eubesi M\u00fcd\u00fcr\u00fcl\u00fc\u011f\u00fc&#8217;n\u00fcn kurulmas\u0131 karar\u0131n\u0131n al\u0131nd\u0131\u011f\u0131n\u0131 kendisinin de m\u00fcd\u00fcr olarak atand\u0131\u011f\u0131n\u0131 anlatt\u0131.<\/p>\n<p style=\"text-align: justify;\">\u0130stanbul Organize Su\u00e7larla M\u00fccedele \u015eubesinde g\u00f6rev yapt\u0131\u011f\u0131 5 y\u0131ll\u0131k s\u00fcrede 476 \u00e7etenin \u00e7\u00f6kertildi\u011fini, 9449 ki\u015finin g\u00f6zalt\u0131na al\u0131nd\u0131\u011f\u0131n\u0131 1683 ki\u015finin tutukland\u0131\u011f\u0131n\u0131 belirten Adil Serdar Sa\u00e7an, &#8220;T\u00fcrkiye Cumhuriyeti tarihinde ele ge\u00e7irilen en y\u00fcksek miktarda para olan 6 milyon 778 bin dolar da g\u00f6rev yapt\u0131\u011f\u0131m d\u00f6nemde ele ge\u00e7irildi. \u00d6mer L\u00fctf\u00fc Topal&#8217;\u0131n \u00e7ocuklar\u0131n\u0131n r\u00fc\u015fvet olarak verdi\u011fi bu paraya i\u015flem yapt\u0131k. Alaattin \u00c7ak\u0131c\u0131, Sedat Peker, Sedat \u015eahin, Ayvaz Korkmaz&#8230; D\u0131\u015farda b\u0131rakt\u0131\u011f\u0131m\u0131z bir tane grup yok&#8221; dedi.<\/p>\n<p style=\"text-align: justify;\"><strong><em>Kasetteki ses Hakan \u00dcnsal Yal\u00e7\u0131n&#8217;\u0131n <\/em><\/strong><\/p>\n<p style=\"text-align: justify;\">Tuncay G\u00fcney ve \u00dcmit O\u011fuztan&#8217;\u0131n Mart 2001&#8217;de Asayi\u015f \u015eube ekipleri taraf\u0131ndan change oto iddias\u0131yla g\u00f6zalt\u0131na al\u0131nd\u0131\u011f\u0131n\u0131 ifade eden Adil Serdar Sa\u00e7an, &#8220;Bu otomobil eski emniyet m\u00fcd\u00fcr\u00fc \u00dcmit Ba\u011fbek&#8217;in bir arkada\u015f\u0131ndan al\u0131n\u0131p Tuncay G\u00fcney taraf\u0131ndan Veli K\u00fc\u00e7\u00fck&#8217;e hediye edilmek istenmi\u015f. Veli K\u00fc\u00e7\u00fck kabul etmeyince Tuncay G\u00fcney plakas\u0131n\u0131 de\u011fi\u015ftirip satmaya kalk\u0131\u015fm\u0131\u015f. \u015eikayet \u00fczerine de bu s\u00fcre\u00e7 ba\u015flad\u0131. Bu operasyon bize devredildi. D\u00f6nemin \u0130stihbarat \u015eube M\u00fcd\u00fcrl\u00fc\u011f\u00fcnde Organize Su\u00e7larla ilgili b\u00f6l\u00fcme bakan Hakan \u00dcnsal Yal\u00e7\u0131n bize gelerek uzun zamand\u0131r Tuncay G\u00fcney ve grubunu takip ettiklerini ve Veli K\u00fc\u00e7\u00fck ile ba\u011flant\u0131lar\u0131 oldu\u011funu s\u00f6yledi. Tuncay G\u00fcney&#8217;in sorgusuna girenlerden biri Ahmet \u0130htiyaro\u011flu di\u011feri ise Hakan \u00dcnsal Yal\u00e7\u0131n&#8217;d\u0131r. Tuncay G\u00fcney&#8217;in ifadesinin bulundu\u011fu kasetteki ses Hakan \u00dcnsal Yal\u00e7\u0131n&#8217;\u0131n sesidir&#8221; \u015feklinde konu\u015ftu.<\/p>\n<p style=\"text-align: justify;\"><strong><em>&#8220;K\u00fc\u00e7\u00fck ve grubunun \u015femas\u0131n\u0131 biz yapt\u0131k&#8221; <\/em><\/strong><\/p>\n<p style=\"text-align: justify;\">Organize Su\u00e7larla M\u00fccadele \u015eubesi olarak g\u00f6revlerinin mafya ile m\u00fccade etmek oldu\u011funu anlatan Adil Serdar Sa\u00e7an, Tuncay G\u00fcney&#8217;in 2001&#8217;deki sorgusundaki anlat\u0131mlar\u0131nda Veli K\u00fc\u00e7\u00fck ve grubuyla ilgili bir \u015fey anlatmad\u0131\u011f\u0131n\u0131 s\u00f6yledi.<\/p>\n<p style=\"text-align: justify;\">Veli K\u00fc\u00e7\u00fck ve Sedat Peker aras\u0131nda ili\u015fki oldu\u011funa y\u00f6nelik ellerinde duyumlar oldu\u011funu dile getiren Adil Serdar Sa\u00e7an, &#8220;Ter\u00f6r, \u0130stihbarat ve Organize \u015eube M\u00fcd\u00fcrl\u00fckleri olarak 2001&#8217;de ortak bir \u00e7al\u0131\u015fma yap\u0131ld\u0131. Ancak bir sonuca ula\u015f\u0131lamad\u0131. Bu soru\u015fturma kapsam\u0131nda ald\u0131\u011f\u0131m\u0131z her karar DGM&#8217;de var. \u0130stihbarat \u015eube bize gelerek &#8216;Susurluk&#8217;un askeri kanad\u0131n\u0131 \u00e7\u00f6zece\u011fiz&#8217; dedi. Biz Susurluk&#8217;un askeri kanad\u0131\u011f\u0131n\u0131 \u00e7\u00f6kertmek i\u00e7in bu i\u015fe girdik. Ye\u015fil ile ilgili de \u00e7al\u0131\u015fmalar vard\u0131. E\u011fer Ye\u015fil yakalansayd\u0131, 2001&#8217;de Susurluk&#8217;un askeri kanad\u0131n\u0131 \u00e7\u00f6kertecektik. Bu soru\u015fturman\u0131n Susurluk&#8217;un askeri kanad\u0131 ile ilgisi yok. Veli K\u00fc\u00e7\u00fck ve grubunun \u015femas\u0131 \u015fubemiz taraf\u0131ndan yap\u0131lm\u0131\u015f ve \u0130stihbarat \u015fubeye g\u00f6nderilmi\u015ftir&#8221; diye konu\u015ftu.<\/p>\n<p style=\"text-align: justify;\"><strong><em>&#8220;\u0130\u015fkence iddialar\u0131na y\u00f6nelik tedbir ama\u00e7l\u0131 kaydettik&#8221; <\/em><\/strong><\/p>\n<p style=\"text-align: justify;\">Tuncay G\u00fcney&#8217;in sorgusunda kamera kay\u0131tlar\u0131n\u0131n istihbarat \u015fube m\u00fcd\u00fcrl\u00fc\u011f\u00fc taraf\u0131ndan yap\u0131ld\u0131\u011f\u0131n\u0131 anlatan Adil Serdar Sa\u00e7an, &#8220;T\u00fcm kamera kay\u0131tlar\u0131 \u0130stihbarat \u015fube m\u00fcd\u00fcrl\u00fc\u011f\u00fc taraf\u0131ndan yap\u0131l\u0131rd\u0131. Daha sonra \u00e7o\u011falt\u0131larak \u015fubelere g\u00f6nderilirdi. Tuncay G\u00fcney&#8217;in sorgusunda i\u015fkence iddialar\u0131na y\u00f6nelik olarak tedbir ama\u00e7l\u0131 g\u00f6r\u00fcnt\u00fc kaydettik. Sadece Tuncay G\u00fcney&#8217;in sorgusunu kaydetmedik. Adnan Oktar, intihar eden H\u00fcseyin Uzun, Abdurrahman Yakup Reiso\u011flu gibi ki\u015filerin de sorgular\u0131n\u0131n kay\u0131t alt\u0131na ald\u0131k. Hi\u00e7bir \u015fekilde i\u015fkenceden mahkum olmad\u0131m. Kimse bana i\u015fkenceci diyemez. Veli K\u00fc\u00e7\u00fck grubu ile Fethullah grubu \u00e7at\u0131\u015fmas\u0131 ortas\u0131nda kalan Adil Serdar Sa\u00e7an. Ben kamu g\u00f6revi yapt\u0131\u011f\u0131m i\u00e7in cezaevinde yat\u0131yorum&#8221; dedi.<\/p>\n<p style=\"text-align: justify;\">Organize Su\u00e7lar \u015eube M\u00fcd\u00fcrl\u00fc\u011f\u00fc&#8217;n\u00fcn mahkemeye sahte evrak g\u00f6nderdi\u011fini belirterek su\u00e7 duyurusunda bulunan Adil Serdar Sa\u00e7an, &#8220;Ergenekon ana davas\u0131nda Muzaffer Tekin&#8217;in talebi \u00fczerine emniyet taraf\u0131ndan mahkemeye g\u00f6nderilen evrakta \u0130stihbarat \u015eube M\u00fcd\u00fcrl\u00fc\u011f\u00fc&#8217;nde bir \u00e7al\u0131\u015fma yap\u0131ld\u0131\u011f\u0131 belirtilmi\u015f ancak benim talebim \u00fczerine g\u00f6nderilen yaz\u0131da ise Tuncay G\u00fcney&#8217;le ilgili \u00e7al\u0131\u015fmalar\u0131 i\u00e7eren bir dosyaya rastlanmad\u0131\u011f\u0131 ifade edilmi\u015f. Bu nas\u0131l bir rezalet&#8221; diye konu\u015ftu.<\/p>\n<p style=\"text-align: justify;\"><span style=\"color: #888888;\">CNN T\u00dcRK<\/span><\/p>\n","protected":false},"excerpt":{"rendered":"<p style=\"text-align: justify;\">\n<p style=\"text-align: justify;\">\u0130kinci Ergenekon davas\u0131n\u0131n 29&#8217;uncu duru\u015fmas\u0131nda ifade veren tutuklu san\u0131k \u0130stanbul Organize Su\u00e7larla M\u00fccadele \u015eubesi eski Ba\u015fkan\u0131 Adil Serdar Sa\u00e7an, &#8220;E\u011fer Fethullah\u00e7\u0131 olsayd\u0131m \u015fu anda \u0130stanbul Emniyet M\u00fcd\u00fcr\u00fc&#8217;yd\u00fcm. Atat\u00fcrk\u00e7\u00fcy\u00fcm ve tutukluyum. Ba\u015fkan\u0131m e\u011fer bizi beraat ettirirseniz Ergenekoncu, mahkum ettirirseniz Fethullah\u00e7\u0131 olursunuz&#8221; dedi. <\/p>\n","protected":false},"author":1,"featured_media":0,"comment_status":"open","ping_status":"closed","sticky":false,"template":"","format":"standard","meta":{"footnotes":""},"categories":[105],"tags":[],"class_list":["post-17748","post","type-post","status-publish","format-standard","hentry","category-gundem","odd"],"_links":{"self":[{"href":"http:\/\/www.korhanyilmaz.com\/index.php?rest_route=\/wp\/v2\/posts\/17748","targetHints":{"allow":["GET"]}}],"collection":[{"href":"http:\/\/www.korhanyilmaz.com\/index.php?rest_route=\/wp\/v2\/posts"}],"about":[{"href":"http:\/\/www.korhanyilmaz.com\/index.php?rest_route=\/wp\/v2\/types\/post"}],"author":[{"embeddable":true,"href":"http:\/\/www.korhanyilmaz.com\/index.php?rest_route=\/wp\/v2\/users\/1"}],"replies":[{"embeddable":true,"href":"http:\/\/www.korhanyilmaz.com\/index.php?rest_route=%2Fwp%2Fv2%2Fcomments&post=17748"}],"version-history":[{"count":0,"href":"http:\/\/www.korhanyilmaz.com\/index.php?rest_route=\/wp\/v2\/posts\/17748\/revisions"}],"wp:attachment":[{"href":"http:\/\/www.korhanyilmaz.com\/index.php?rest_route=%2Fwp%2Fv2%2Fmedia&parent=17748"}],"wp:term":[{"taxonomy":"category","embeddable":true,"href":"http:\/\/www.korhanyilmaz.com\/index.php?rest_route=%2Fwp%2Fv2%2Fcategories&post=17748"},{"taxonomy":"post_tag","embeddable":true,"href":"http:\/\/www.korhanyilmaz.com\/index.php?rest_route=%2Fwp%2Fv2%2Ftags&post=17748"}],"curies":[{"name":"wp","href":"https:\/\/api.w.org\/{rel}","templated":true}]}}