{"id":17745,"date":"2010-01-11T14:39:04","date_gmt":"2010-01-11T12:39:04","guid":{"rendered":"http:\/\/www.korhanyilmaz.com\/?p=17745"},"modified":"2010-01-11T14:39:04","modified_gmt":"2010-01-11T12:39:04","slug":"bakanlik-mufettisleri-sincan-adliyesinde","status":"publish","type":"post","link":"http:\/\/www.korhanyilmaz.com\/?p=17745","title":{"rendered":"Bakanl\u0131k m\u00fcfetti\u015fleri Sincan Adliyesi&#039;nde"},"content":{"rendered":"<p><a href=\"http:\/\/www.korhanyilmaz.com\/wp-content\/uploads\/2010\/01\/kacmaz.jpg\"  class=\"lightview\"><img loading=\"lazy\" decoding=\"async\" class=\"aligncenter size-full wp-image-17746\" src=\"http:\/\/www.korhanyilmaz.com\/wp-content\/uploads\/2010\/01\/kacmaz.jpg\" alt=\"\" width=\"292\" height=\"197\" \/><\/a><\/p>\n<p style=\"text-align: justify;\">Adalet Bakanl\u0131\u011f\u0131 m\u00fcfetti\u015fleri, 2. kez Sincan Adliyesi&#8217;nde inceleme yap\u0131yor. \u0130ncelemenin nedeni, Sincan 1. A\u011f\u0131r Ceza Mahkemesi taraf\u0131ndan al\u0131nan Telekom\u00fcnikasyon \u0130leti\u015fim Ba\u015fkanl\u0131\u011f\u0131&#8217;ndaki inceleme karar\u0131. Sincan 1. A\u011f\u0131r Ceza Mahkemesi Ba\u015fkan\u0131 Hakim Osman Ka\u00e7maz incelemeyi ele\u015ftirdi; &#8220;Haberim yoktu. Bug\u00fcn izne \u00e7\u0131k\u0131yordum. Mesaj m\u0131 verilmek isteniyor? B\u0131rak\u0131n i\u015fimizi yapal\u0131m&#8221; dedi. <!--more--><\/p>\n<p style=\"text-align: justify;\">Gazetecilerin konuyla ilgili sorular\u0131n\u0131 yan\u0131tlayan Hakim Osman Ka\u00e7maz, &#8220;Gelmeden \u00f6nce haber verirlerdi ama benim haberim yoktu. Bug\u00fcn normalde izne \u00e7\u0131k\u0131yordum. 2. kez m\u00fcffetti\u015f geliyor. Yarg\u0131 her \u015feyi \u00e7\u00f6zecek&#8221; dedi.<\/p>\n<p style=\"text-align: justify;\">&#8220;Bana mesaj veriliyor gibi geliyor&#8221; diyen Hakim Ka\u00e7maz, &#8220;T\u00fcm hakimler bask\u0131 alt\u0131nda. Sadece biz mi g\u00f6rev yap\u0131yoruz. Madem ihra\u00e7la yarg\u0131lan\u0131yorum o zaman ya ihra\u00e7 edin ya da b\u0131rak\u0131n i\u015fimi yapay\u0131m&#8221; diye konu\u015ftu.<\/p>\n<p style=\"text-align: justify;\">Bir gazetecinin &#8220;Bu incelemeler sizi etkiliyor mu?&#8221; sorusuna Hakim Ka\u00e7maz, &#8220;Ben etkilenmiyorum&#8221; yan\u0131t\u0131n\u0131 verdi.<\/p>\n<p style=\"text-align: justify;\">M\u00fcfetti\u015flerin incelemesinin hafta boyunca s\u00fcrece\u011fi belirtiliyor.<\/p>\n<p style=\"text-align: justify;\"><strong><em>T\u0130B&#8217;de inceleme karar\u0131n\u0131 Ka\u00e7maz alm\u0131\u015ft\u0131 <\/em><\/strong><\/p>\n<p style=\"text-align: justify;\">Telekom\u00fcnikasyon \u0130leti\u015fim Ba\u015fkanl\u0131\u011f\u0131&#8217;ndaki ilk inceleme karar\u0131n\u0131 Sincan 1. A\u011f\u0131r Ceza Mahkemesi Ba\u015fkan\u0131 Osman Ka\u00e7maz alm\u0131\u015ft\u0131.<\/p>\n<p style=\"text-align: justify;\">Ancak incelemeyi yapan hakim, &#8220;Engellendim&#8221; diyerek su\u00e7 duyurusunda bulunmu\u015ftu.<\/p>\n<p style=\"text-align: justify;\">Bunun \u00fczerine Sincan 1. A\u011f\u0131r Ceza Mahkemesi N\u00f6bet\u00e7i Hakimi Safiye Bilgi Pekg\u00f6z ikinci kez inceleme karar\u0131 alm\u0131\u015ft\u0131.<\/p>\n<p style=\"text-align: justify;\">\u00dcstelik bu kez ilgili kay\u0131tlara el konulmas\u0131 ve engellenme durumunda tutuklama yetkisiyle birlikte.<\/p>\n<p style=\"text-align: justify;\">Adalet Bakanl\u0131\u011f\u0131 Tefti\u015f Kurulu&#8217;ndan iki m\u00fcfetti\u015f Sincan Adliyesi&#8217;nde bu kararlar\u0131 ve ilgili yaz\u0131lar\u0131 mercek alt\u0131na ald\u0131lar.<\/p>\n<p style=\"text-align: justify;\">Hakim Ka\u00e7maz&#8217;\u0131n verdi\u011fi kararlarla ilgili Aincan Adliyesi&#8217;nde daha \u00f6nce de inceleme yap\u0131lm\u0131\u015ft\u0131.<\/p>\n<p style=\"text-align: justify;\">\u0130nceleme sonucunda m\u00fcfetti\u015fler Ka\u00e7maz&#8217;\u0131n meslekten ihrac\u0131n\u0131 ve hakk\u0131nda adli soru\u015fturma ba\u015flat\u0131lmas\u0131n\u0131 istemi\u015flerdi.<\/p>\n<p style=\"text-align: justify;\"><span style=\"color: #888888;\">CNN T\u00dcRK<\/span><\/p>\n","protected":false},"excerpt":{"rendered":"<\/p>\n<p style=\"text-align: justify;\">Adalet Bakanl\u0131\u011f\u0131 m\u00fcfetti\u015fleri, 2. kez Sincan Adliyesi&#8217;nde inceleme yap\u0131yor. \u0130ncelemenin nedeni, Sincan 1. A\u011f\u0131r Ceza Mahkemesi taraf\u0131ndan al\u0131nan Telekom\u00fcnikasyon \u0130leti\u015fim Ba\u015fkanl\u0131\u011f\u0131&#8217;ndaki inceleme karar\u0131. Sincan 1. A\u011f\u0131r Ceza Mahkemesi Ba\u015fkan\u0131 Hakim Osman Ka\u00e7maz incelemeyi ele\u015ftirdi; &#8220;Haberim yoktu. Bug\u00fcn izne \u00e7\u0131k\u0131yordum. Mesaj m\u0131 verilmek isteniyor? B\u0131rak\u0131n i\u015fimizi yapal\u0131m&#8221; dedi. <\/p>\n","protected":false},"author":1,"featured_media":0,"comment_status":"open","ping_status":"closed","sticky":false,"template":"","format":"standard","meta":{"footnotes":""},"categories":[105],"tags":[],"class_list":["post-17745","post","type-post","status-publish","format-standard","hentry","category-gundem","odd"],"_links":{"self":[{"href":"http:\/\/www.korhanyilmaz.com\/index.php?rest_route=\/wp\/v2\/posts\/17745","targetHints":{"allow":["GET"]}}],"collection":[{"href":"http:\/\/www.korhanyilmaz.com\/index.php?rest_route=\/wp\/v2\/posts"}],"about":[{"href":"http:\/\/www.korhanyilmaz.com\/index.php?rest_route=\/wp\/v2\/types\/post"}],"author":[{"embeddable":true,"href":"http:\/\/www.korhanyilmaz.com\/index.php?rest_route=\/wp\/v2\/users\/1"}],"replies":[{"embeddable":true,"href":"http:\/\/www.korhanyilmaz.com\/index.php?rest_route=%2Fwp%2Fv2%2Fcomments&post=17745"}],"version-history":[{"count":0,"href":"http:\/\/www.korhanyilmaz.com\/index.php?rest_route=\/wp\/v2\/posts\/17745\/revisions"}],"wp:attachment":[{"href":"http:\/\/www.korhanyilmaz.com\/index.php?rest_route=%2Fwp%2Fv2%2Fmedia&parent=17745"}],"wp:term":[{"taxonomy":"category","embeddable":true,"href":"http:\/\/www.korhanyilmaz.com\/index.php?rest_route=%2Fwp%2Fv2%2Fcategories&post=17745"},{"taxonomy":"post_tag","embeddable":true,"href":"http:\/\/www.korhanyilmaz.com\/index.php?rest_route=%2Fwp%2Fv2%2Ftags&post=17745"}],"curies":[{"name":"wp","href":"https:\/\/api.w.org\/{rel}","templated":true}]}}