{"id":17741,"date":"2010-01-11T08:20:47","date_gmt":"2010-01-11T06:20:47","guid":{"rendered":"http:\/\/www.korhanyilmaz.com\/?p=17741"},"modified":"2010-01-11T08:20:47","modified_gmt":"2010-01-11T06:20:47","slug":"baydemirden-basbakana-sil-bastan-yapalim","status":"publish","type":"post","link":"http:\/\/www.korhanyilmaz.com\/?p=17741","title":{"rendered":"Baydemir&#039;den Ba\u015fbakan&#039;a: &quot;Sil ba\u015ftan yapal\u0131m&quot;"},"content":{"rendered":"<p style=\"text-align: center;\"><a href=\"http:\/\/www.korhanyilmaz.com\/wp-content\/uploads\/2010\/01\/baydemir.jpg\"  class=\"lightview\"><img loading=\"lazy\" decoding=\"async\" class=\"aligncenter size-full wp-image-17742\" src=\"http:\/\/www.korhanyilmaz.com\/wp-content\/uploads\/2010\/01\/baydemir.jpg\" alt=\"\" width=\"307\" height=\"236\" \/><\/a><\/p>\n<p style=\"text-align: justify;\">Diyarbak\u0131r Belediye Ba\u015fkan\u0131 Osman Baydemir&#8217;den Ba\u015fbakan Recep Tayyip Erdo\u011fan&#8217;a a\u00e7\u0131l\u0131m \u00e7a\u011fr\u0131s\u0131: &#8220;L\u00fctfen gelin yeniden ba\u015flayal\u0131m. \u00c7\u00fcnk\u00fc \u015fu ana kadar yapt\u0131klar\u0131m\u0131z bu taraf\u0131n duygusunu d\u0131\u015flad\u0131. PKK&#8217;y\u0131 hep beraber silahs\u0131zland\u0131ral\u0131m&#8221;<\/p>\n<p style=\"text-align: justify;\"><strong><em>Milliyet gazetesinde Devrim Sevimay imzas\u0131yla yay\u0131mlanan soru-cevap haber \u015f\u00f6yle: <\/em><\/strong><\/p>\n<p style=\"text-align: justify;\">* Bu s\u00fcrecin hi\u00e7 olmad\u0131ysa herhalde az\u0131msanmayacak bir katk\u0131s\u0131 oldu; o da art\u0131k K\u00fcrt meselesini daha rahat konu\u015fuyoruz. Dolay\u0131s\u0131yla l\u00fctfen biz de \u015fimdi burada m\u00fcmk\u00fcn oldu\u011fu kadar rahat konu\u015fal\u0131m.<!--more--><\/p>\n<p style=\"text-align: justify;\">(Bu giri\u015f c\u00fcmlesini Osman Baydemir tebess\u00fcmle dinliyor.)<\/p>\n<p style=\"text-align: justify;\">* A\u00e7\u0131l\u0131m\u0131n ilan edildi\u011fi 29 Temmuz tarihinden bu yana sizden \u00fc\u00e7 ayr\u0131 kez s\u00f6yle\u015fi talebinde bulunduk, hepsini reddettiniz. Biliyoruz ki ayn\u0131 durum di\u011fer gazeteci meslekta\u015flar\u0131m\u0131z i\u00e7in de ge\u00e7erli; \u00e7ok uzun bir s\u00fcredir a\u00e7\u0131l\u0131ma ili\u015fkin hi\u00e7bir m\u00fcl\u00e2kat talebini kabul etmiyorsunuz. Fakat ne olduysa bu hafta siz bize \u201cPeki, \u015fimdi konu\u015fal\u0131m\u201d dediniz. Do\u011frusu buraya gelirken \u00f6ncelikle merak etti\u011fimiz de bu oldu:<\/p>\n<p style=\"text-align: justify;\"><strong><em>Konu\u015fmay\u0131 niye \u015fimdi kabul ettiniz?<\/em><\/strong><\/p>\n<p style=\"text-align: justify;\">A\u00e7\u0131k\u00e7as\u0131 en nihayetinde ben bir belediye ba\u015fkan\u0131y\u0131m ve tabi oldu\u011fum bir siyasi parti var. Siyaseti, siyaset s\u00f6ylemimizi \u00e7ok b\u00fcy\u00fck oranda parlamenterlerimiz ve partimizin yetkili kurullar\u0131 yapmakta. Dolay\u0131s\u0131yla hakikaten \u00e7ok uzun bir m\u00fcddettir \u015fahs\u0131ma gelen r\u00f6portaj taleplerini nazik bir dille partimize ve milletvekillerimize y\u00f6nlendirdim. Uzun bir s\u00fcredir bu manada konu\u015fmad\u0131m. \u015eimdiki bu kabul\u00fcm de a\u00e7\u0131k\u00e7as\u0131 partimizin bilgisi d\u0131\u015f\u0131ndad\u0131r. Ancak ben siyaset ahlak\u0131 gere\u011fi, insan vicdan\u0131 gere\u011fi, belki de son bir kez konu\u015fma gere\u011fi duyuyor, vicdan\u0131m\u0131n sesini ba\u015fta T\u00fcrk halk\u0131 olmak \u00fczere t\u00fcm T\u00fcrkiye halklar\u0131yla payla\u015fmak istiyorum.<\/p>\n<p style=\"text-align: justify;\">\u015eu anda T\u00fcrkiye\u2019nin Do\u011fu yakas\u0131ndaki K\u00fcrt yurtta\u015flar\u0131m\u0131z a\u00e7\u0131s\u0131ndan, sivil toplum ya\u015fam\u0131 a\u00e7\u0131s\u0131ndan ve legal siyaset a\u00e7\u0131s\u0131ndan b\u0131\u00e7ak kemi\u011fe dayanm\u0131\u015ft\u0131r. \u00c7ok s\u0131k\u0131nt\u0131l\u0131 bir s\u00fcrece do\u011fru h\u0131zla ilerliyoruz. Ben bu manada gelecekten kayg\u0131 duyuyorum.<\/p>\n<p style=\"text-align: justify;\">Sizinle de bu g\u00f6r\u00fc\u015fmeyi belki bu \u00e7\u0131\u011fl\u0131\u011f\u0131 birileri duyar, belki birileri \u201cYa, acaba nerede hata yap\u0131yoruz?\u201d der ve belki de \u201cBa\u015fka bir \u00e7\u0131k\u0131\u015f yolu yok mu?\u201d sorusunun sorulmas\u0131na az da olsa bir vesile olabilir miyim duygusuyla yap\u0131yorum.<\/p>\n<p style=\"text-align: justify;\">M\u00fcsaadenizle en son s\u00f6yleyece\u011fimi en ba\u015fta s\u00f6yleyeyim: Sivil demokratik siyaset art\u0131k \u00e7\u0131kmaz soka\u011fa girmeyi reddetmelidir. 30 y\u0131ld\u0131r biz bunun \u00e7\u00f6z\u00fcm olmad\u0131\u011f\u0131n\u0131 hep beraber g\u00f6rd\u00fck. Varsayal\u0131m ki bu \u00e7at\u0131\u015fma, bu \u00e7\u0131kmaz sokak 30 y\u0131l daha s\u00fcrs\u00fcn; sonunda yine bu sorunun diyalogla, isti\u015fareyle, uzla\u015f\u0131yla \u00e7\u00f6z\u00fclmek d\u0131\u015f\u0131nda ba\u015fka yolu var m\u0131?<\/p>\n<p style=\"text-align: justify;\"><strong><em>\u2018Tek se\u00e7enek bar\u0131\u015ft\u0131r\u2019<\/em><\/strong><\/p>\n<p style=\"text-align: justify;\">Ben tek se\u00e7ene\u011fimizin \u015fu anda h\u0131zla ilerlemi\u015f oldu\u011fumuz \u00e7\u0131kmaz sokak olmad\u0131\u011f\u0131na inan\u0131yorum. Bence tek se\u00e7enek sadece ve sadece bar\u0131\u015ft\u0131r, \u00e7at\u0131\u015fmas\u0131zl\u0131kt\u0131r, silahs\u0131zlanmad\u0131r, diyalogdur ve isti\u015faredir. Tek \u00e7\u0131k\u0131\u015f yolu budur.<\/p>\n<p style=\"text-align: justify;\">Dolay\u0131s\u0131yla bunun d\u0131\u015f\u0131nda bana g\u00f6re uzatmalar\u0131 oynamay\u0131 g\u00f6ze almamak gerekiyor. Bunu b\u00fct\u00fcn taraflar i\u00e7in s\u00f6yl\u00fcyorum. Uzatmalar\u0131 oynamaktan vazge\u00e7meliyiz.<\/p>\n<p style=\"text-align: justify;\">\u00c7\u00fcnk\u00fc uzatmalar\u0131 oynamak \u00e7ok riskli hale gelmi\u015ftir. Kayg\u0131m ve endi\u015fem \u015fu ki duygusal kopu\u015f tehlikesi ya\u015f\u0131yoruz. Ben halk\u0131n i\u00e7erisindeyim, yurtta\u015f\u0131n i\u00e7erisindeyim ve ne oldu\u011funu \u00e7ok net g\u00f6r\u00fcyorum. \u0130nsanlar\u0131n duygusunda maalesef kopma ya\u015fan\u0131yor \u015fu anda.<\/p>\n<p style=\"text-align: justify;\">T\u00fcrkiye\u2019nin Bat\u0131 yakas\u0131ndaki yurtta\u015f\u0131m\u0131z\u0131n sevinci ve tasas\u0131 ile T\u00fcrkiye\u2019nin Do\u011fu yakas\u0131ndaki yurtta\u015f\u0131m\u0131z\u0131n sevinci ve tasas\u0131 aras\u0131nda giderek makas a\u00e7\u0131l\u0131yor.<\/p>\n<p style=\"text-align: justify;\">Siz galiba \u201cBu gidi\u015fat durdurulsun yoksa sokak olaylar\u0131 ba\u015flar\u201d demiyorsunuz; ba\u015fka bir \u015fey s\u00f6yl\u00fcyorsunuz&#8230;Kesinlikle bamba\u015fka bir \u015fey s\u00f6yl\u00fcyorum. Tamamen yurtta\u015fl\u0131kla ilgili bir \u015fey s\u00f6yl\u00fcyorum. K\u00fcrt sorununa dair politikalar geli\u015ftirirken h\u00fck\u00fcmet ve devlet cephelerinde hep \u015funun arkas\u0131na s\u0131\u011f\u0131n\u0131l\u0131r; \u201cBen \u00fclkeyi b\u00f6lmekten kurtar\u0131yorum. \u00dclkenin b\u00f6l\u00fcnmemesi i\u00e7in \u00e7aba sarf ediyorum. Bu benim en me\u015fru hakk\u0131md\u0131r\u201d denir. Ben de diyorum ki, bu y\u00f6ntem bu \u015fekilde devam ederse tamam \u00fclkeyi co\u011frafik olarak b\u00f6lmezsiniz, ama yurtta\u015flar\u0131 b\u00f6lersiniz. \u00c7\u00fcnk\u00fc \u015fu anda yurtta\u015flar\u0131n duygular\u0131n\u0131 b\u00f6l\u00fcyorsunuz.<\/p>\n<p style=\"text-align: justify;\"><strong><em>Ne yaparak b\u00f6l\u00fcn\u00fcyor sizce?<\/em><\/strong><\/p>\n<p style=\"text-align: justify;\">Bak\u0131n belediye ba\u015fkanlar\u0131na kelep\u00e7e vurup adliyenin \u00f6n\u00fcne \u00e7\u0131karmak ve se\u00e7imden dokuz ay sonra, y\u00fczde 60-70 oyla se\u00e7ilmi\u015f olan insanlara bu muameleyi yapmak, buradaki insanlar taraf\u0131ndan \u201cBen legal demokratik sahada sana ya\u015fam hakk\u0131 vermiyorum\u201d diye okunuyor. Bu \u00e7ok b\u00fcy\u00fck bir duygusal kopu\u015ftur ve beni \u00e7ok endi\u015felendiriyor.<\/p>\n<p style=\"text-align: justify;\"><strong><em>\u2018Bat\u0131 yakas\u0131nda ciddi bir \u00f6fke var\u2019<\/em><\/strong><\/p>\n<p style=\"text-align: justify;\"><strong><em>Ama asl\u0131nda T\u00fcrkiye\u2019nin geneli de sevmedi o kelep\u00e7e foto\u011fraf\u0131n\u0131 ve \u0130\u00e7i\u015fleri Bakanl\u0131\u011f\u0131 bir soru\u015fturma ba\u015flatt\u0131. Bu yeterli de\u011fil mi?<\/em><\/strong><\/p>\n<p style=\"text-align: justify;\">Bak\u0131n Bat\u0131 i\u00e7in olay orada bitebilir, ancak burada durum farkl\u0131. O foto\u011fraf bu b\u00f6lgede billboardlara ta\u015f\u0131nd\u0131. Haf\u0131zalara kaydedildi. Ev sohbetlerine, kahvehane sohbetlerine, gen\u00e7, hatta \u00e7ocuk sohbetlerine girdi. \u015eu an burada herkes h\u00e2l\u00e2 o foto\u011fraf\u0131 konu\u015fuyor. O foto\u011fraf, \u00f6zellikle bu b\u00f6lge insan\u0131 i\u00e7in hazmedilebilir bir boyut de\u011fil.<\/p>\n<p style=\"text-align: justify;\">\u00c7\u0131kmaz soka\u011fa do\u011fru ilerliyoruz dememin en \u00f6nemli sebebi de budur: Bir 30 y\u0131l daha ne T\u00fcrk\u00fcn ne de K\u00fcrd\u00fcn bu gerginli\u011fi, bu \u00e7at\u0131\u015fmay\u0131 kald\u0131rabilecek ekonomik, sosyal, k\u00fclt\u00fcrel ve en \u00f6nemlisi psikolojik sermayesi kalmam\u0131\u015ft\u0131r. Hakikaten kalmam\u0131\u015ft\u0131r. Bundan korkuyorum.<\/p>\n<p style=\"text-align: justify;\">30 y\u0131l boyunca b\u00fct\u00fcn taraflar a\u00e7\u0131s\u0131ndan \u00e7at\u0131\u015fma sonu\u00e7ta kontrol dahilinde g\u00f6t\u00fcr\u00fcld\u00fc, ama \u015fimdi ben kontrol d\u0131\u015f\u0131na \u00e7\u0131kma riskinden bahsediyorum.<\/p>\n<p style=\"text-align: justify;\">38 ya\u015f\u0131nday\u0131m. Ya\u015fam\u0131m\u0131n \u00e7ok \u00f6nemli bir k\u0131sm\u0131 b\u00f6lgede ge\u00e7ti. T\u00fcrkiye\u2019nin neredeyse gitmedi\u011fim ili yok. Kabul etmemiz laz\u0131m ki, T\u00fcrkiye\u2019nin Bat\u0131 yakas\u0131nda ciddi bir \u00f6fke var. Ve T\u00fcrkiye\u2019nin Bat\u0131 yakas\u0131ndaki \u00f6fke art\u0131k bir \u201c\u00f6rg\u00fcte\u201d olan \u00f6fkeden \u00e7\u0131km\u0131\u015ft\u0131r, bir halka \u00f6fke duyulmaktad\u0131r.<\/p>\n<p style=\"text-align: justify;\"><strong><em>\u2018Her iki halk da yaralan\u0131r\u2019<\/em><\/strong><\/p>\n<p style=\"text-align: justify;\">Bu dedi\u011finiz \u00e7ok \u00f6nemli&#8230;<\/p>\n<p style=\"text-align: justify;\">Evet, \u00e7\u00fcnk\u00fc T\u00fcrkiye\u2019nin Do\u011fu yakas\u0131ndaki \u00f6fke de neredeyse 2000 y\u0131l\u0131na kadar sadece devlete ya da kimi kurumlar\u0131nayd\u0131. \u015eimdi o da totalle\u015fmeye do\u011fru gidiyor. Bu b\u00fcy\u00fck tehlikedir.<\/p>\n<p style=\"text-align: justify;\">Ger\u00e7i belki birileri \u00e7\u00f6z\u00fcm\u00fc her iki halkta olu\u015fan bu \u00f6fke ve duygusal kopu\u015fta g\u00f6r\u00fcyor olabilir, ama ben bu s\u00fcrecin her iki halk\u0131 da \u00e7ok yaralayaca\u011f\u0131ndan endi\u015fe duyuyorum. Olay\u0131n sokak boyutuna bakt\u0131\u011f\u0131m anda \u00fcrk\u00fcyorum bundan. \u0130stanbul\u2019da 3 milyon K\u00fcrt ya\u015f\u0131yor; \u0130zmir\u2019de, Bursa\u2019da, Mersin\u2019de&#8230;<\/p>\n<p style=\"text-align: justify;\">Bana bir \u015fey olmaz, ben a\u00e7\u0131k s\u00f6yl\u00fcyorum. Ben cezaevine gider yatar\u0131m veya bir serseri kur\u015fun da gelir beni bulur, sorun de\u011fil benim a\u00e7\u0131mdan. Ama kitlelerin duygusunu bir noktadan sonra hi\u00e7bir siyasal otorite kontrol edemez.<\/p>\n<p style=\"text-align: justify;\">\u0130zmir\u2019de, \u0130stanbul\u2019da bir \u015fey ya\u015fan\u0131rsa bu mesela Hakk\u00e2ri\u2019deki, Diyarbak\u0131r\u2019daki okullara da sirayet eder. 15-20 y\u0131ld\u0131r bu \u00fclkenin ya\u015famad\u0131\u011f\u0131 bir talihsizli\u011fi -bunu a\u00e7\u0131k s\u00f6yl\u00fcyorum- \u201cYine ya\u015famay\u0131z\u201d garantisini kimse bu a\u015famada \u00e7\u0131k\u0131p bize veremez.<\/p>\n<p style=\"text-align: justify;\"><strong><em>Siz ne \u00f6neriyorsunuz?<\/em><\/strong><\/p>\n<p style=\"text-align: justify;\">Ben \u00f6ncelikle bu kayg\u0131m\u0131, endi\u015femi ak\u0131l ve karar vericilerle bir \u00e7\u0131\u011fl\u0131k olarak payla\u015fma gere\u011fi duyuyorum. Bu yol hakikaten yol de\u011fil. Gelin 2010 y\u0131l\u0131n\u0131n daha ilk haftalar\u0131nday\u0131z. Bu hakikaten yeni bir y\u0131l olsun.<\/p>\n<p style=\"text-align: justify;\">\u00d6zellikle de Say\u0131n Ba\u015fbakan\u2019a \u00e7a\u011fr\u0131md\u0131r; l\u00fctfen, ama l\u00fctfen tam da dedi\u011finiz gibi 2010 y\u0131l\u0131n\u0131n ba\u015f\u0131nda gelin beraber, bu kez ger\u00e7ekten beraber, sil ba\u015ftan yapal\u0131m. S\u00fcreci bu sefer sil ba\u015ftan yeniden ve birlikte ba\u015flatal\u0131m.<\/p>\n<p style=\"text-align: justify;\">\u00c7\u00fcnk\u00fc \u015fu ana kadar yapt\u0131klar\u0131n\u0131z buran\u0131n alg\u0131s\u0131n\u0131, duygusunu yan\u0131na almad\u0131, buray\u0131 d\u0131\u015flad\u0131. Oysa buray\u0131 s\u00fcrece katmazsan\u0131z olmaz, katmak durumunday\u0131z. Hakikaten katmak durumunday\u0131z ve inan\u0131n buradan \u00e7\u0131k\u0131\u015f var, ba\u015fka bir yol var. Mecbur de\u011filiz 30 y\u0131ld\u0131r ya\u015fad\u0131klar\u0131m\u0131z\u0131 bir 30 y\u0131l daha ya\u015famaya&#8230;<\/p>\n<p style=\"text-align: justify;\"><strong><em>BDP\u2019ye cesaret verilmeli<\/em><\/strong><\/p>\n<p style=\"text-align: justify;\">Bu \u00e7a\u011fr\u0131n\u0131z\u0131n veya bu s\u00f6yle\u015finin sonunda \u015f\u00f6yle bir soru ortaya \u00e7\u0131kabilir; Osman Baydemir genel ba\u015fkanl\u0131\u011f\u0131 m\u0131 d\u00fc\u015f\u00fcn\u00fcyor; var m\u0131 b\u00f6yle bir durum?<\/p>\n<p style=\"text-align: justify;\">Kesinlikle, ama kesinlikle benim g\u00fcndemimde b\u00f6yle bir \u015fey asla yok ve hi\u00e7 kimsenin \u015f\u00fcphesi olmas\u0131n ki partimizin g\u00fcndeminde de b\u00f6yle bir \u015fey yok. Bu tamamen vicdani, siyasi ve ahlaki sorumlulu\u011fumun gere\u011fi olarak, bir \u00e7\u0131\u011fl\u0131k ve bir insani duru\u015f olarak yap\u0131lm\u0131\u015f bir \u00e7a\u011fr\u0131d\u0131r. S\u00f6zlerimden do\u011fabilecek olas\u0131 t\u00fcm s\u0131k\u0131nt\u0131lar\u0131n veya s\u00f6zlerimde bulunabilecek t\u00fcm negatif y\u00f6nlerin tek muhatab\u0131 da benimdir, s\u00f6yledi\u011fim hi\u00e7bir s\u00f6zden i\u00e7erisinde yer ald\u0131\u011f\u0131m siyaset sorumlu de\u011fildir.<\/p>\n<p style=\"text-align: justify;\"><strong><em>Peki acaba en son ad\u0131yla Bar\u0131\u015f ve Demokrasi Partisi\u2019nden (BDP) bir g\u00fcn daha liberal bir hareket \u00e7\u0131kma olas\u0131l\u0131\u011f\u0131 var m\u0131d\u0131r?<\/em><\/strong><\/p>\n<p style=\"text-align: justify;\">\u201cLiberal \u00e7\u0131kmas\u0131 gerekir mi, gerekmez mi?\u201dden ba\u011f\u0131ms\u0131z olarak s\u00f6yl\u00fcyorum: T\u00fcrkiye\u2019de \u015fiddetle sivil siyasete ihtiya\u00e7 var ve buna  elbette K\u00fcrtlerin de ihtiyac\u0131 var. K\u00fcrt legal siyasal partisinin de \u00f6zg\u00fcrce legal siyaset yapmaya ihtiyac\u0131 var.<\/p>\n<p style=\"text-align: justify;\">Ancak a\u00e7\u0131k s\u00f6yl\u00fcyorum, d\u00fcnyan\u0131n neresinde olursa olsun silahlar\u0131n konu\u015ftu\u011fu bir yerde, ayn\u0131 zeminden beslenen ve ayn\u0131 tabana hitap eden biri silahl\u0131, biri sivil iki t\u00fczel ki\u015fili\u011fin tamamen ba\u011f\u0131ms\u0131z olma \u015fans\u0131 yoktur. Bunu g\u00f6rmemiz ve kabul etmemiz laz\u0131m. Bunun psikolojik etkileri var, sosyolojik etkileri var. Dolay\u0131s\u0131yla biz ger\u00e7ekten sivil ve demokratik bir siyaset arzuluyorsak yapmam\u0131z gereken ilk \u015fey \u00f6nce \u00e7at\u0131\u015fmas\u0131zl\u0131\u011f\u0131 sa\u011flamakt\u0131r.<\/p>\n<p style=\"text-align: justify;\"><strong><em>Mesele nereden ba\u015flanaca\u011f\u0131<\/em><\/strong><\/p>\n<p style=\"text-align: justify;\"><strong><em>\u0130kincisi de se\u00e7im baraj\u0131n\u0131 indirmek olabilir mi?<\/em><\/strong><\/p>\n<p style=\"text-align: justify;\">\u015e\u00fcphesiz ki baraj\u0131 indirmek ve \u015f\u00fcphesiz ki giderek silahs\u0131zlanma konusunda birbirini ikna etmektir. Bak\u0131n \u015fu anki sohbetimizde \u00e7ok tehlikeli bir konuya, bir may\u0131n tarlas\u0131na do\u011fru gidiyoruz, ama devam edelim: Evet, sevseniz de sevmesiniz de, kabul etseniz de etmeseniz de, K\u00fcrt sorununun taraflar\u0131 a\u00e7\u0131s\u0131ndan \u00d6calan bir akt\u00f6rd\u00fcr. \u015eimdi bunu reddederseniz \u00e7\u00f6z\u00fcme kolay ula\u015fma \u015fans\u0131n\u0131z yok. PKK bir akt\u00f6rd\u00fcr, BDP bir akt\u00f6rd\u00fcr, K\u00fcrt ayd\u0131nlar\u0131 camias\u0131 bir akt\u00f6rd\u00fcr. Mesele ise nereden ba\u015flanaca\u011f\u0131 meselesidir. Ana akt\u00f6r AKP, g\u00f6r\u00fcnen di\u011fer akt\u00f6r de BDP oldu\u011funa g\u00f6re bu g\u00f6r\u00fcnen akt\u00f6rler g\u00f6r\u00fcnmeyen akt\u00f6rlerle direkt veya dolayl\u0131 g\u00f6r\u00fc\u015fmek durumundad\u0131r.<\/p>\n<p style=\"text-align: justify;\">Ama DTP, yani BDP siyasi muhatap olma konusunda topu defalarca taca atmad\u0131 m\u0131? BDP\u2019yi de bu a\u00e7\u0131dan ele\u015ftirmek gerekmiyor mu?<\/p>\n<p style=\"text-align: justify;\">\u015e\u00fcphesiz ki benim ele\u015ftirmeme gerek yok. Bu benim ele\u015ftirimle de olacak bir mevzu de\u011fil. Ancak tabii kesinlikle legal demokratik siyasette BDP\u2019nin de ya da AKP\u2019nin de bir yerde \u201cenel hak\u201d demesi laz\u0131m. Yani t\u0131pk\u0131 tasavvufta oldu\u011fu gibi \u201cO benim\u201d, \u201cBen bunun sahibiyim\u201d, \u201cAdres benim\u201d demesi laz\u0131m. Ama ni\u00e7in demiyor, diyemiyor BDP, onun sosyolojik ve psikolojik zeminini payla\u015ft\u0131m sizinle. O zemini g\u00f6rmeden b\u00fct\u00fcn devlet, AKP ve hatta ayd\u0131nlar\u0131n bir k\u0131sm\u0131 BDP\u2019ye hep \u015funu s\u00f6ylediler: \u00d6calan\u2019\u0131 reddedin, PKK\u2019y\u0131 reddedin, siz ortaya \u00e7\u0131k\u0131n. Bu ger\u00e7ek\u00e7i de\u011fil, a\u00e7\u0131k s\u00f6yl\u00fcyorum ger\u00e7ek\u00e7i de\u011fil.<\/p>\n<p style=\"text-align: justify;\"><strong><em>BDP\u2019yi adres g\u00f6rmek laz\u0131m<\/em><\/strong><\/p>\n<p style=\"text-align: justify;\"><strong><em>Nerede orta yol bulunabilir sizce?<\/em><\/strong><\/p>\n<p style=\"text-align: justify;\">Bence BDP\u2019ye \u015fu mesaj verilebilir, \u201cTamam \u00d6calan bir akt\u00f6rd\u00fcr, tamam PKK bir akt\u00f6rd\u00fcr, ama bu i\u015f ancak sizin \u00fczerinizden y\u00fcr\u00fcyebilir. T\u00fcrk halk\u0131 ancak sizin muhatapl\u0131\u011f\u0131n\u0131zla bunu \u00e7\u00f6zebilir.\u201d<\/p>\n<p style=\"text-align: justify;\">Ama bunu s\u00f6ylerken de \u201cKendi i\u00e7inde \u015fahin-g\u00fcvercin diye kavga et, kendi i\u00e7inde isyan et, kendi i\u00e7inde \u00e7at\u0131\u015f\u201d dememesi gerekir. BDP\u2019ye ancak b\u00f6yle bir g\u00fc\u00e7, b\u00f6yle bir cesaret verilebilir. Bunun i\u00e7in ise ne yapmak laz\u0131m? H\u00fck\u00fcmetin ve di\u011ferlerinin BDP\u2019yi adres olarak g\u00f6rmesi laz\u0131m.<\/p>\n<p style=\"text-align: justify;\"><strong><em>Mesela Ba\u015fbakan ge\u00e7en a\u011fustosta DTP\u2019yle g\u00f6r\u00fc\u015ft\u00fc, bu sizce bir ad\u0131m de\u011fil miydi?<\/em><\/strong><\/p>\n<p style=\"text-align: justify;\">Kesinlikle h\u00fck\u00fcmetin DTP\u2019yle yapm\u0131\u015f oldu\u011fu o g\u00f6r\u00fc\u015fme nezaketen bir g\u00f6r\u00fc\u015fmenin \u00f6tesine gitmemi\u015ftir. Sorunu \u00e7\u00f6zmede bir partner, bir aray\u0131\u015f, bir m\u00fczakere g\u00f6r\u00fc\u015fmesi olmam\u0131\u015ft\u0131r. Hani demin BDP, DTP K\u00fcrt sorununda enel hak diyebilmeli dedim, ama ayn\u0131 zamanda h\u00fck\u00fcmet de enel hak diyebilmeli. H\u00fck\u00fcmet ise sadece \u201cenel devlet\u201d diyor, hakk\u0131 hukuku b\u0131rakm\u0131\u015f, varsa yoksa ben devlet olaca\u011f\u0131m, devlet kuraca\u011f\u0131m diyor.<\/p>\n<p style=\"text-align: justify;\"><strong><em>Mevlana\u2019ya, Ahmed Hani\u2019ye ve \u00c7anakkale\u2019ye birlikte gidebilseydik&#8230;<\/em><\/strong><\/p>\n<p style=\"text-align: justify;\">Demin havaalan\u0131ndan gelirken taksi \u015fof\u00f6r\u00fc \u201cDizimizden k\u0131r\u0131ld\u0131k, b\u00fct\u00fcn \u00fcmidimizi kaybettik\u201d dedi, ama daha bir bu\u00e7uk ay \u00f6ncesine kadar bu \u015fehir bu s\u00fcre\u00e7ten \u00fcmitli de\u011fil miydi?<\/p>\n<p style=\"text-align: justify;\">Kesinlikle ve ben Diyarbak\u0131r\u2019\u0131n halen de tamamen umudunu yitirdi\u011fini d\u00fc\u015f\u00fcnm\u00fcyorum. Zaten umutsuzluk, karamsarl\u0131k Diyarbak\u0131r\u2019a yak\u0131\u015fmaz, ben bunu da a\u015faca\u011f\u0131m\u0131za inan\u0131yorum. Ancak Diyarbak\u0131r bunu hak etmedi\u011fini d\u00fc\u015f\u00fcn\u00fcyor. Hakikaten biz de bunu hak etmedik. Halk seni se\u00e7iyor y\u00fczde 60\u2019la, belediye ba\u015fkanl\u0131\u011f\u0131 koltu\u011funa oturtuyor ve bir operasyon d\u00fczenleniyor, al\u0131p cezaevine koyuyor. Yani bu kadar basit mi, halk\u0131n iradesinin \u00e7i\u011fnenmesi, bu kadar basit mi?<\/p>\n<p style=\"text-align: justify;\"><strong><em>Son ana kadar \u00fcmidimi korudumBiz sizinle arada ne zaman konu\u015fsak asl\u0131nda sizden de s\u00fcrece ili\u015fkin hep umutlu ifadeler duyuyorduk&#8230;<\/em><\/strong><\/p>\n<p style=\"text-align: justify;\">Benim Ak Parti\u2019ye ili\u015fkin ilk umudum \u015eemdinli davas\u0131yla ba\u015flad\u0131. Ancak sonra hemen geri ad\u0131m at\u0131ld\u0131. \u00d6zellikle 2006\u2019daki Mart olaylar\u0131ndan itibaren bende ciddi bir \u015f\u00fcphe do\u011fdu. \u00c7\u00fcnk\u00fc o tarihte \u201cDiyarbak\u0131r\u2019da kad\u0131n da olsa \u00e7ocuk da olsa gere\u011fini yapaca\u011f\u0131z\u201d dendi ve evet gere\u011fi yap\u0131ld\u0131, 11 \u00e7ocu\u011fu arkam\u0131zda cenaze olarak b\u0131rakt\u0131k. Ancak a\u00e7\u0131l\u0131m s\u00fcrecine start verildi\u011finde dedi\u011finiz gibi ben de son derece iyi niyetle yakla\u015ft\u0131m ve son ana kadar da \u00fcmidimi korudum.<\/p>\n<p style=\"text-align: justify;\"><strong><em>Son an?<\/em><\/strong><\/p>\n<p style=\"text-align: justify;\">Silopi. Bak\u0131n h\u00fck\u00fcmet mutabakat i\u00e7erisinde oldu\u011fu devlet kurumlar\u0131yla birlikte \u00e7ok iyi biliyor ki, Silopi\u2019deki giri\u015f ve Diyarbak\u0131r\u2019daki halk\u0131n sahip \u00e7\u0131kmas\u0131 bir zafer co\u015fkusu de\u011fildi. Vallahi de billahi de de\u011fildi. Orada tek bir duygu vard\u0131, o da \u201cArt\u0131k geri kalanlar\u0131n cenazesi gelmeyecek\u201d duygusuydu. Bitti art\u0131k, \u00f6l\u00fcm bitiyor, sava\u015f bitiyor, diyalog kuruluyor, da\u011fdaki evlatlar\u0131m\u0131z gelecek sevinciydi. Erken bir sevin\u00e7ti, ama insanlar\u0131n buna inanmaya ihtiyac\u0131 vard\u0131, sevindiler. Biz bu sevinci K\u00fcrtlere \u00e7ok g\u00f6rd\u00fck. Bat\u0131 kamuoyu anlayamad\u0131, ki buna haz\u0131r edilmedi\u011fi i\u00e7in anlamamakta da hakl\u0131yd\u0131, ama h\u00fck\u00fcmet ve devlet o sevincin ne oldu\u011funu biliyordu. Bildi\u011fi halde kamuoyuna anlatmad\u0131, o sevinci sahiplenmedi. Tam tersine \u00d6calan\u2019\u0131n \u0130mral\u0131\u2019daki yerini de\u011fi\u015ftirmek, operasyonlara ba\u015flamak gibi bamba\u015fka bir yola girdi.<\/p>\n<p style=\"text-align: justify;\"><strong><em>Silopi\u2019de ya\u015fananlara ili\u015fkin kendinize d\u00f6n\u00fck ele\u015ftiriniz yok mu?<\/em><\/strong><\/p>\n<p style=\"text-align: justify;\">Elbette var. O s\u00fcreci bizler de iyi y\u00f6netemedik. En az\u0131ndan \u015fahs\u0131m ad\u0131na bunu s\u00f6yleyebilirim. Y\u0131llar\u0131n deneyimi var, y\u0131llar\u0131n ya\u015fanm\u0131\u015fl\u0131\u011f\u0131 var, daha aktif rol al\u0131p daha aktif y\u00f6n verebilirdik.<\/p>\n<p style=\"text-align: justify;\"><strong><em>Mesela \u015fahsen siz ne yapabilirdiniz?<\/em><\/strong><\/p>\n<p style=\"text-align: justify;\">Mesela Bar\u0131\u015f Grubu Diyarbak\u0131r\u2019a geldikten sonra B\u00fcy\u00fck\u015fehir Belediyesi\u2019nde beni ziyaret ettiler. Ben kendilerini beyaz g\u00fclle kar\u015f\u0131lad\u0131m. Mesaj\u0131m da a\u00e7\u0131k ve netti; silah\u0131 b\u0131rakana beyaz g\u00fcl. Bu mesaj sadece onlara de\u011fil, geride kalan 10 bin ki\u015fiye de ayn\u0131 zamanda. Gelene beyaz g\u00fcl. Bana g\u00f6re h\u00fck\u00fcmetin ve devletin de bu \u015fekilde kar\u015f\u0131lamas\u0131 gerekiyordu, ki gerisi gelebilsin.<\/p>\n<p style=\"text-align: justify;\">Kendime y\u00f6nelik ele\u015ftirim ise \u015furada ba\u015fl\u0131yor: Bence K\u00fcrd\u00fcn K\u00fcrde propagandas\u0131na gerek yok. T\u00fcrk halk\u0131n\u0131n bu gruba bak\u0131\u015f a\u00e7\u0131s\u0131 ve alg\u0131s\u0131 di\u011fer t\u00fcm\u00fcne sirayet edecekti. O halde bizim bu bar\u0131\u015f grubunu hakikaten T\u00fcrk halk\u0131n\u0131n vicdan\u0131na hitap edecek bir pozisyona getirmemiz laz\u0131md\u0131. Mesela bence Van\u2019daki, Cizre\u2019deki toplant\u0131lara gerek yoktu. Dolay\u0131s\u0131yla ben gelen gruba \u015funu \u00f6nerdim: Sizden sekiz ki\u015filik grup, art\u0131 sekiz tane T\u00fcrk ayd\u0131n\u0131yla beraber sessiz sedas\u0131z Mevlana Celaleddin Rumi\u2019nin mezar\u0131n\u0131 ziyaret edelim. \u201cGel, kim olursan ol gel\u201d diyene gidelim ve \u201cBiz geldik\u201d diyelim. \u201cKimli\u011fimizle geldik, bar\u0131\u015f i\u00e7in geldik\u201d diyelim.<\/p>\n<p style=\"text-align: justify;\">Orada bu iki c\u00fcmlelik mesaj\u0131 verelim, akabinde T\u00fcrk\u00fcn de K\u00fcrd\u00fcn de ortak de\u011feri olan Ahmed Hani\u2019nin mezar\u0131na gidelim ve orada \u201cMem\u2019in Z\u00een\u2019e Z\u00een\u2019in Mem\u2019e olan a\u015fk\u0131 kadar biz \u00fclkemizin gelece\u011fine ve \u00f6zg\u00fcrl\u00fc\u011f\u00fcne \u00e2\u015f\u0131\u011f\u0131z, bunun i\u00e7in geldik\u201d diyelim. Hep beraber son olarak da \u00c7anakkale\u2019ye gidelim. Hem K\u00fcrd\u00fcn hem T\u00fcrk\u00fcn mezar\u0131na karanfil b\u0131rakal\u0131m ve diyelim ki \u201cBizim ecdad\u0131m\u0131z burada, bu \u00fclkenin kurulu\u015fu i\u00e7in \u00e7aba sarf etti. Bize haks\u0131zl\u0131k yap\u0131ld\u0131\u011f\u0131 i\u00e7in biz b\u00f6yle bir yola girdik, ama nihayetinde art\u0131k bu kulvar\u0131 de\u011fi\u015ftiriyoruz, dedelerimizin, atalar\u0131m\u0131z\u0131n kurmu\u015f oldu\u011fu bu devleti hep beraber demokratikle\u015ftirece\u011fiz ve hep beraber ilelebet ya\u015fataca\u011f\u0131z.\u201d<\/p>\n<p style=\"text-align: justify;\">Dedim, ama \u0131srarc\u0131 olmad\u0131m<\/p>\n<p style=\"text-align: justify;\"><strong><em>Dediniz mi ger\u00e7ekten bunu o gruba?<\/em><\/strong><\/p>\n<p style=\"text-align: justify;\">Dedim, ama \u0131srarc\u0131 olmad\u0131m. Belki daha fazla \u0131srarc\u0131 olmal\u0131yd\u0131m, belki arkada\u015flar\u0131m\u0131 buna ikna etme konusunda daha \u00e7ok \u00e7aba sarf etmeliydim ve bunu mutlaka sa\u011flamal\u0131yd\u0131m. Ama as\u0131l belki de h\u00fck\u00fcmetin bunu yapabilmemiz i\u00e7in o kap\u0131y\u0131 bize a\u00e7\u0131k tutmas\u0131 gerekiyordu. Bunu yapmam\u0131za izin vermediler.<\/p>\n<p style=\"text-align: justify;\"><strong><em>Yani siz istediniz de mi izin verilmedi?<\/em><\/strong><\/p>\n<p style=\"text-align: justify;\">\u0130stendi, ama bu konunun \u00f6te taraf\u0131na girmeyece\u011fim. Tek s\u00f6yleyece\u011fim, h\u00fck\u00fcmet veya devletin ilgili otoriteleri kap\u0131lar\u0131n\u0131 bize a\u00e7abilirdi, ama a\u00e7mad\u0131lar.<\/p>\n<p style=\"text-align: justify;\">Bak\u0131n, ben demiyorum bu kurtulu\u015f olacakt\u0131 ama bu birtak\u0131m negatif duygular\u0131n k\u0131r\u0131lmas\u0131na katk\u0131 sunacakt\u0131. Mesele gelenlerin k\u0131yafeti meselesi olmaktan \u00e7\u0131kacakt\u0131 ve s\u00fcrecin gerisi gelecekti. Bunu T\u00fcrkiye kamuoyuna b\u00f6yle sunabilirdik. Bu konuda hepimiz eksik davrand\u0131k.<\/p>\n<p style=\"text-align: justify;\"><strong><em>Kendi K\u00fcrd\u00fcn\u00fczle bar\u0131\u015fmadan lider \u00fclke olamazs\u0131n\u0131z<\/em><\/strong><\/p>\n<p style=\"text-align: justify;\"><strong><em>Diyelim ki \u201cHadi s\u00fcreci yeniden ba\u015flat\u0131yoruz\u201d dendi; i\u015fe ilk nereden ba\u015flanmal\u0131 sizce?<\/em><\/strong><\/p>\n<p style=\"text-align: justify;\">\u015e\u00fcphesiz ki bu mesele \u00e7ok basit bir mesele de\u011fildir, ama ben a\u00e7\u0131k ve net s\u00f6yl\u00fcyorum: Gelin hep beraber PKK\u2019y\u0131 silahs\u0131zland\u0131ral\u0131m.<\/p>\n<p style=\"text-align: justify;\"><strong><em>Hemen herkes bunu istiyor, ama nas\u0131l?<\/em><\/strong><\/p>\n<p style=\"text-align: justify;\">Acaba nas\u0131l? Mesela yine askeri operasyon yaparak m\u0131 silahs\u0131zland\u0131raca\u011f\u0131z? Peki acaba bu ger\u00e7ek\u00e7i mi? 30 y\u0131l boyunca zaten bu denenmedi mi?<\/p>\n<p style=\"text-align: justify;\"><strong><em>\u00d6yleyse?<\/em><\/strong><\/p>\n<p style=\"text-align: justify;\">Bence PKK\u2019y\u0131 silahs\u0131zland\u0131rabilmenin yeg\u00e2ne bir yolu var: Direkt veya dolayl\u0131, kendisini ikna etmek. Kendisi r\u0131za g\u00f6stermeden ve buna ikna olmadan elindeki silah\u0131 nas\u0131l alaca\u011f\u0131z?<\/p>\n<p style=\"text-align: justify;\"><strong><em>\u2018Biz Ortado\u011fu toplumuyuz\u2019<\/em><\/strong><\/p>\n<p style=\"text-align: justify;\"><strong><em>Mecbur b\u0131rakarak olamaz m\u0131?<\/em><\/strong><\/p>\n<p style=\"text-align: justify;\">30 y\u0131l boyunca mecbur b\u0131rakman\u0131n bin bir tane yolu denenmedi mi?<\/p>\n<p style=\"text-align: justify;\"><strong><em>Ama \u015fu anda son 30 y\u0131l\u0131nkine benzemeyen bir konjonkt\u00fcr yok mu?<\/em><\/strong><\/p>\n<p style=\"text-align: justify;\">\u015eu anda kabul ediyorum ki Ortado\u011fu\u2019da T\u00fcrkiye\u2019nin d\u0131\u015f siyaseti AKP\u2019yle birlikte d\u00fcnden daha \u00e7ok b\u00fcy\u00fck bir deste\u011fe sahiptir. Ama do\u011frusunu konu\u015fmak laz\u0131m: Biz Ortado\u011fu co\u011frafyas\u0131nda ya\u015f\u0131yoruz. Biz ABD veya AB\u2019de ya\u015fam\u0131yoruz. Ortado\u011fu halklar\u0131n\u0131n psikolojisini iyi okumak laz\u0131m. Biz Ortado\u011fu toplumuyuz. \u201cD\u00fcn Halep\u00e7e bug\u00fcn kelep\u00e7e\u201d diyor insanlar.<\/p>\n<p style=\"text-align: justify;\"><strong><em>Dolay\u0131s\u0131yla kimse Kuzey Irak y\u00f6netimine g\u00fcvenmesin mi diyorsunuz?<\/em><\/strong><\/p>\n<p style=\"text-align: justify;\">Kesinlikle, tek ba\u015f\u0131na onlara dayanarak bu politikay\u0131 tekrar T\u00fcrkiye\u2019ye \u00e7\u00f6z\u00fcm olarak dayatmak Enver Pa\u015fa zihniyetidir. Bu bizi Enver Pa\u015fa s\u00fcrecine g\u00f6t\u00fcr\u00fcr. Evet, Kafkas ve Ortado\u011fu enerjisinin ge\u00e7ebilece\u011fi yegane g\u00fczerg\u00e2h T\u00fcrkiye\u2019dir, T\u00fcrkiye olmal\u0131d\u0131r. Bunu K\u00fcrtler de ister. Bu ne kadar T\u00fcrkiye\u2019nin faydas\u0131naysa o kadar da K\u00fcrtlerin faydas\u0131nad\u0131r, \u00e7\u00fcnk\u00fc K\u00fcrtler de T\u00fcrkiye\u2019nin bir par\u00e7as\u0131d\u0131r, par\u00e7as\u0131 olmal\u0131d\u0131r.<\/p>\n<p style=\"text-align: justify;\"><strong><em>\u00c7at\u0131\u015fma politikas\u0131ndan sonu\u00e7 yok<\/em><\/strong><\/p>\n<p style=\"text-align: justify;\">Ama ben a\u00e7\u0131k s\u00f6yl\u00fcyorum, siz kendi K\u00fcrd\u00fcn\u00fczle bar\u0131\u015fmad\u0131\u011f\u0131n\u0131z m\u00fcddet\u00e7e ne yaparsan\u0131z yap\u0131n Ortado\u011fu\u2019da ve \u0130slam camias\u0131nda lider \u00fclke olamazs\u0131n\u0131z. Bunun m\u00fcmk\u00fcnat\u0131 yoktur, \u00e7\u00fcnk\u00fc sizin yaran\u0131z var. Buna ne M\u0131s\u0131r izin verir, ne \u0130srail, ne \u0130ran izin verir, buna kimse izin vermez.<\/p>\n<p style=\"text-align: justify;\">\u00d6zellikle Say\u0131n Ba\u015fbakan\u2019a sesleniyorum; ben de 16 b\u00fcy\u00fck\u015fehir belediye ba\u015fkan\u0131ndan biriyim. Ya\u015fam\u0131m da bu hengamenin i\u00e7inde ge\u00e7ti. L\u00fctfen bir yar\u0131m saatinizi ay\u0131r\u0131p benim bu s\u00f6zlerimi okuyun. Ve l\u00fctfen d\u00fc\u015f\u00fcn\u00fcn, 30 y\u0131ld\u0131r bu \u00e7at\u0131\u015fma politikas\u0131ndan sonu\u00e7 alan oldu mu? Olmad\u0131. Vallaha siz de sonu\u00e7 alamazs\u0131n\u0131z. Bu sorun sizi de buradan g\u00f6t\u00fcr\u00fcr ve sadece size de\u011fil bu \u00fclkeye yaz\u0131k olur.<\/p>\n<p style=\"text-align: justify;\">Bir \u015fey daha s\u00f6yleyeyim; l\u00fctfen bu dan\u0131\u015fman a\u011f\u0131n\u0131z\u0131, size bu tasfiye politikas\u0131n\u0131 olu\u015fturanlar\u0131 bir g\u00f6zden ge\u00e7irin. Alt\u0131 ay \u00f6nceki pozisyonunuzla bug\u00fcnk\u00fc pozisyonunuzu bir g\u00f6z\u00fcn\u00fcz\u00fcn \u00f6n\u00fcne getirin ve \u015fimdi hangi noktadas\u0131n\u0131z, bir bak\u0131n.<\/p>\n<p style=\"text-align: justify;\"><span style=\"color: #888888;\">CNN T\u00dcRK<\/span><\/p>\n","protected":false},"excerpt":{"rendered":"<p style=\"text-align: center;\">\n<p style=\"text-align: justify;\">Diyarbak\u0131r Belediye Ba\u015fkan\u0131 Osman Baydemir&#8217;den Ba\u015fbakan Recep Tayyip Erdo\u011fan&#8217;a a\u00e7\u0131l\u0131m \u00e7a\u011fr\u0131s\u0131: &#8220;L\u00fctfen gelin yeniden ba\u015flayal\u0131m. \u00c7\u00fcnk\u00fc \u015fu ana kadar yapt\u0131klar\u0131m\u0131z bu taraf\u0131n duygusunu d\u0131\u015flad\u0131. PKK&#8217;y\u0131 hep beraber silahs\u0131zland\u0131ral\u0131m&#8221;<\/p>\n<p style=\"text-align: justify;\">Milliyet gazetesinde Devrim Sevimay imzas\u0131yla yay\u0131mlanan soru-cevap haber \u015f\u00f6yle: <\/p>\n<p style=\"text-align: justify;\">* Bu s\u00fcrecin hi\u00e7 olmad\u0131ysa herhalde az\u0131msanmayacak bir <\/p>\n","protected":false},"author":1,"featured_media":0,"comment_status":"open","ping_status":"closed","sticky":false,"template":"","format":"standard","meta":{"footnotes":""},"categories":[105],"tags":[],"class_list":["post-17741","post","type-post","status-publish","format-standard","hentry","category-gundem","odd"],"_links":{"self":[{"href":"http:\/\/www.korhanyilmaz.com\/index.php?rest_route=\/wp\/v2\/posts\/17741","targetHints":{"allow":["GET"]}}],"collection":[{"href":"http:\/\/www.korhanyilmaz.com\/index.php?rest_route=\/wp\/v2\/posts"}],"about":[{"href":"http:\/\/www.korhanyilmaz.com\/index.php?rest_route=\/wp\/v2\/types\/post"}],"author":[{"embeddable":true,"href":"http:\/\/www.korhanyilmaz.com\/index.php?rest_route=\/wp\/v2\/users\/1"}],"replies":[{"embeddable":true,"href":"http:\/\/www.korhanyilmaz.com\/index.php?rest_route=%2Fwp%2Fv2%2Fcomments&post=17741"}],"version-history":[{"count":0,"href":"http:\/\/www.korhanyilmaz.com\/index.php?rest_route=\/wp\/v2\/posts\/17741\/revisions"}],"wp:attachment":[{"href":"http:\/\/www.korhanyilmaz.com\/index.php?rest_route=%2Fwp%2Fv2%2Fmedia&parent=17741"}],"wp:term":[{"taxonomy":"category","embeddable":true,"href":"http:\/\/www.korhanyilmaz.com\/index.php?rest_route=%2Fwp%2Fv2%2Fcategories&post=17741"},{"taxonomy":"post_tag","embeddable":true,"href":"http:\/\/www.korhanyilmaz.com\/index.php?rest_route=%2Fwp%2Fv2%2Ftags&post=17741"}],"curies":[{"name":"wp","href":"https:\/\/api.w.org\/{rel}","templated":true}]}}