{"id":17732,"date":"2010-01-10T14:37:05","date_gmt":"2010-01-10T12:37:05","guid":{"rendered":"http:\/\/www.korhanyilmaz.com\/?p=17732"},"modified":"2010-01-10T14:37:05","modified_gmt":"2010-01-10T12:37:05","slug":"gul-ve-sahinden-ozgur-basin-vurgusu","status":"publish","type":"post","link":"http:\/\/www.korhanyilmaz.com\/?p=17732","title":{"rendered":"G\u00fcl ve \u015eahin&#039;den &#039;\u00f6zg\u00fcr bas\u0131n&#039; vurgusu"},"content":{"rendered":"<p style=\"text-align: center;\"><a href=\"http:\/\/www.korhanyilmaz.com\/wp-content\/uploads\/2010\/01\/GUL.jpg\"  class=\"lightview\"><img loading=\"lazy\" decoding=\"async\" class=\"aligncenter size-full wp-image-17733\" src=\"http:\/\/www.korhanyilmaz.com\/wp-content\/uploads\/2010\/01\/GUL.jpg\" alt=\"\" width=\"307\" height=\"236\" \/><\/a><\/p>\n<p style=\"text-align: justify;\">Bug\u00fcn, 10 Ocak \u00c7al\u0131\u015fan Gazeteciler G\u00fcn\u00fc. Hem Cumhurba\u015fkan\u0131 Abdullah G\u00fcl, hem de Meclis Ba\u015fkan\u0131 Mehmet Ali \u015eahin, yay\u0131mlad\u0131\u011f\u0131 mesajda bas\u0131n \u00f6zg\u00fcrl\u00fc\u011f\u00fcne ve \u00e7al\u0131\u015fma \u015fartlar\u0131na vurgu yapt\u0131.<\/p>\n<p style=\"text-align: justify;\">Cumhurba\u015fkan\u0131 Abdullah G\u00fcl, toplumun sa\u011fl\u0131kl\u0131 haber alabilmesi ve olaylara farkl\u0131 a\u00e7\u0131lardan bakabilmesi i\u00e7in bas\u0131n \u00f6zg\u00fcrl\u00fc\u011f\u00fcn\u00fcn ve ifade h\u00fcrriyetinin korunmas\u0131 \u015fart oldu\u011funu bildirdi. <!--more--><\/p>\n<p style=\"text-align: justify;\">Cumhurba\u015fkan\u0131 G\u00fcl, 10 Ocak \u00c7al\u0131\u015fan Gazeteciler G\u00fcn\u00fc dolay\u0131s\u0131yla yay\u0131mlad\u0131\u011f\u0131 mesajda, \u015feffaf, demokratik, a\u00e7\u0131k bir toplumu ya\u015fatan en \u00f6nemli unsurlardan birinin \u00f6zg\u00fcr ve tarafs\u0131z bas\u0131n\u0131n varl\u0131\u011f\u0131 oldu\u011funu belirtti.<\/p>\n<p style=\"text-align: justify;\">T\u00fcrk bas\u0131n\u0131n\u0131n \u00f6nemli ilerlemeler g\u00f6sterdi\u011fini, \u00fclkenin bug\u00fcn geldi\u011fi seviyeye ula\u015fmas\u0131na de\u011ferli katk\u0131larda bulundu\u011funu ifade eden Cumhurba\u015fkan\u0131 G\u00fcl, T\u00fcrk bas\u0131n\u0131n\u0131n g\u00f6sterdi\u011fi geli\u015fmedeki en \u00f6nemli pay\u0131n bas\u0131n \u00e7al\u0131\u015fanlar\u0131na ait oldu\u011funu vurgulad\u0131.<\/p>\n<p style=\"text-align: justify;\">Bas\u0131n \u00e7al\u0131\u015fanlar\u0131n\u0131n, mesleklerinin gere\u011fini yerine getirmek i\u00e7in fedakarca g\u00f6rev yapt\u0131\u011f\u0131na i\u015faret eden G\u00fcl, haklar\u0131n\u0131n korunmas\u0131n\u0131n, sorunlar\u0131n\u0131n \u00e7\u00f6z\u00fclmesinin, hak ettikleri hayat standartlar\u0131na kavu\u015fmalar\u0131n\u0131n bas\u0131n \u00e7al\u0131\u015fanlar\u0131n\u0131n g\u00f6revlerini daha iyi yapmalar\u0131n\u0131 sa\u011flayaca\u011f\u0131n\u0131 belirtti.<\/p>\n<p style=\"text-align: justify;\">Gazetecilerin katk\u0131lar\u0131n\u0131n yaln\u0131z bas\u0131n sekt\u00f6r\u00fcn\u00fc de\u011fil demokrasiyi ve dolay\u0131s\u0131yla \u00fclkeyi geli\u015ftirece\u011finin unutulmamas\u0131 gerekti\u011fine dikkat \u00e7eken G\u00fcl, &#8220;Toplumun sa\u011fl\u0131kl\u0131 haber alabilmesi ve olaylara farkl\u0131 a\u00e7\u0131lardan bakabilmesi i\u00e7in bas\u0131n \u00f6zg\u00fcrl\u00fc\u011f\u00fcn\u00fcn ve ifade h\u00fcrriyetinin korunmas\u0131 \u015fartt\u0131r. Bug\u00fcn \u00fclkemizde her t\u00fcrl\u00fc fikir \u00f6zg\u00fcrce tart\u0131\u015f\u0131lmakta ve bas\u0131n\u0131m\u0131z herkesin d\u00fc\u015f\u00fcncesinin kamuoyuna aktar\u0131lmas\u0131 konusunda \u00f6nemli g\u00f6rev yapmaktad\u0131r. Bas\u0131n \u00f6zg\u00fcrl\u00fc\u011f\u00fc ve ifade h\u00fcrriyeti kapsam\u0131nda ya\u015fanan baz\u0131 aksakl\u0131klar da hi\u00e7 \u015f\u00fcphesiz ki demokrasimiz geli\u015ftik\u00e7e ortadan kalkacakt\u0131r&#8221; dedi.<\/p>\n<p style=\"text-align: justify;\">Cumhurba\u015fkan\u0131 mesaj\u0131nda, &#8220;Bas\u0131n\u0131m\u0131z, g\u00f6revini yaparken hukukun evrensel standartlar\u0131ndan sapmamal\u0131, ki\u015fi haklar\u0131na sayg\u0131y\u0131 asla ihmal etmemelidir. Do\u011fru haber verme, tarafs\u0131zl\u0131k, \u00f6zel hayata sayg\u0131, bas\u0131n ve bas\u0131n \u00e7al\u0131\u015fanlar\u0131 i\u00e7in yol g\u00f6sterici de\u011ferler olmal\u0131d\u0131r. T\u00fcrk bas\u0131n\u0131n\u0131n bu ilkeleri her zaman \u00fcst\u00fcn tutaca\u011f\u0131na inan\u0131yorum. Benim beklentim, edebiyat, k\u00fclt\u00fcr-sanat, bilim ve teknoloji haberlerine bas\u0131n\u0131m\u0131z\u0131n daha \u00e7ok ilgi g\u00f6stermesidir. Bu alanlardaki ba\u015far\u0131lar bas\u0131n\u0131m\u0131z\u0131n da katk\u0131lar\u0131yla te\u015fvik edilmeli, geli\u015fmeler ve etkinlikler kamuoyuna daha detayl\u0131 bi\u00e7imde sunulmal\u0131d\u0131r. Siyasal geli\u015fmeler ve g\u00fcndem, di\u011fer alanlardaki ba\u015far\u0131lar\u0131n g\u00f6zard\u0131 edilmesine yol a\u00e7mamal\u0131d\u0131r. Bas\u0131n\u0131m\u0131z\u0131n bu konularda daha hassas davranaca\u011f\u0131ndan \u015f\u00fcphe duymuyorum. De\u011ferli bas\u0131n \u00e7al\u0131\u015fanlar\u0131n\u0131n \u00c7al\u0131\u015fan Gazeteciler G\u00fcn\u00fc&#8217;n\u00fc tebrik ediyor, g\u00f6revlerini yaparken hayatlar\u0131n\u0131 kaybeden bas\u0131n \u00e7al\u0131\u015fanlar\u0131n\u0131 rahmetle an\u0131yor, t\u00fcm bas\u0131n \u00e7al\u0131\u015fanlar\u0131na sevgi ve selamlar\u0131m\u0131 iletiyorum&#8221; ifadelerine yer verdi.<\/p>\n<p style=\"text-align: justify;\"><a href=\"http:\/\/www.korhanyilmaz.com\/wp-content\/uploads\/2010\/01\/SAH\u0130N.jpg\"  class=\"lightview\"><img loading=\"lazy\" decoding=\"async\" class=\"size-full wp-image-17734 alignleft\" style=\"margin-left: 10px; margin-right: 10px;\" src=\"http:\/\/www.korhanyilmaz.com\/wp-content\/uploads\/2010\/01\/SAH\u0130N.jpg\" alt=\"\" width=\"292\" height=\"193\" \/><\/a>TBMM Ba\u015fkan\u0131 Mehmet Ali \u015eahin, yay\u0131mlad\u0131\u011f\u0131 mesajda, bas\u0131n\u0131n, \u00e7o\u011fulcu, demokratik parlamenter sistemin vazge\u00e7ilmez kurumlar\u0131ndan birisi oldu\u011funu vurgulad\u0131.<\/p>\n<p style=\"text-align: justify;\">Milli egemenlik temeline dayal\u0131 y\u00f6netim bi\u00e7imi olan demokrasilerde, kamuoyunun rol\u00fcn\u00fcn \u00f6nemine dikkati \u00e7eken \u015eahin, &#8220;\u00d6zg\u00fcr bas\u0131n\u0131n olmad\u0131\u011f\u0131 ve ele\u015ftiri hakk\u0131n\u0131n kullan\u0131lmad\u0131\u011f\u0131 ortamlarda, kamuoyunun demokratik hak ve g\u00f6revlerini yerine getirmesi s\u00f6z konusu olamaz&#8221; dedi.<\/p>\n<p style=\"text-align: justify;\">\u015eahin mesaj\u0131nda ayr\u0131ca, &#8220;Bu nedenle bas\u0131na b\u00fcy\u00fck g\u00f6revler d\u00fc\u015fmektedir. Gazetecilik, g\u00fcn\u00fcm\u00fcz\u00fcn en dinamik mesleklerinden biri olmakla birlikte insanlara haber ve bilgi ak\u0131\u015f\u0131 sa\u011flamak gibi \u00e7ok \u00f6nemli bir g\u00f6revi de yerine getirmektedir. Bu g\u00f6revlerin yerine getirilmesinde, gazetecilerin \u00e7al\u0131\u015fma \u015fartlar\u0131n\u0131n iyile\u015ftirilmesi, bas\u0131n \u00f6zg\u00fcrl\u00fc\u011f\u00fcn\u00fc k\u0131s\u0131tlayan engellerin ortadan kald\u0131r\u0131lmas\u0131 ve bas\u0131n \u00e7al\u0131\u015fanlar\u0131n\u0131n haklar\u0131n\u0131n AB standartlar\u0131na kavu\u015fturulmas\u0131, sadece medyam\u0131za de\u011fil demokrasimize de g\u00fc\u00e7 katacakt\u0131r. Gazetecilere ekonomik ve sosyal imkanlar sa\u011flayan, 10 Ocak 1961 tarihinde y\u00fcr\u00fcrl\u00fc\u011fe giren 212 say\u0131l\u0131 Yasa&#8217;n\u0131n kabul\u00fc nedeniyle ilan edilen \u00c7al\u0131\u015fan Gazeteciler G\u00fcn\u00fc&#8217;nde, medyam\u0131z\u0131n t\u00fcm \u00e7al\u0131\u015fanlar\u0131na i\u00e7ten sevgi ve selamlar\u0131m\u0131 sunuyorum&#8221; ifadelerine yer verdi.<\/p>\n<p style=\"text-align: justify;\">Ba\u015fbakan Recep Tayyip Erdo\u011fan da mesaj\u0131nda, &#8220;Demokrasimizin sa\u011fl\u0131kl\u0131 i\u015flemesi ve yerle\u015ferek k\u00f6kle\u015fmesinde hayati bir sorumluluk \u00fcstlenen bas\u0131n mensuplar\u0131m\u0131z\u0131n, g\u00f6revlerini \u00e7a\u011fda\u015f imkanlarla ve daha verimli \u015fekilde yerine getirebilmelerine b\u00fcy\u00fck \u00f6nem veriyoruz&#8221; dedi.<\/p>\n<p style=\"text-align: justify;\">Erdo\u011fan mesaj\u0131nda, &#8220;Bas\u0131n mensuplar\u0131n\u0131n haklar\u0131n\u0131n korunmas\u0131, \u00e7al\u0131\u015fma \u015fartlar\u0131n\u0131n g\u00fcn\u00fcn ihtiya\u00e7lar\u0131na g\u00f6re g\u00fcncelle\u015ftirilmesi ve iyile\u015ftirilmesi \u015fimdiye kadar oldu\u011fu gibi bundan sonra da \u00f6nceliklerimiz aras\u0131nda yer almaya devam edecektir&#8221; ifadelerini kulland\u0131.<\/p>\n<p style=\"text-align: justify;\">CHP lideri Deniz Baykal da, Gazeteciler Cemiyeti Ba\u015fkan\u0131 Nazmi Bilgin&#8217;e g\u00f6nderdi\u011fi mesajda, &#8220;\u0130lk CHP iktidar\u0131nda, sendikal \u00f6rg\u00fctlenmeden yoksun b\u0131rak\u0131lm\u0131\u015f, hak ve \u00e7\u0131karlar\u0131 ellerinden al\u0131nm\u0131\u015f gazeteciler, kaybettikleri haklar\u0131n\u0131 kazanacak, 10 ocak&#8217;lar\u0131 yeniden \u00e7al\u0131\u015fan gazeteciler bayram\u0131 olarak kutlayacaklard\u0131r. \u00c7al\u0131\u015fan gazetecilerimiz g\u00fcnlerini kutlarken i\u015ften \u00e7\u0131kar\u0131lan ve i\u015f bulamad\u0131\u011f\u0131 i\u00e7in \u00e7al\u0131\u015famayan meslekta\u015flar\u0131n\u0131n \u00fcz\u00fcnt\u00fclerini de y\u00fcreklerinde hissediyorlar&#8221; dedi.<\/p>\n<p style=\"text-align: justify;\"><span style=\"color: #888888;\">CNN T\u00dcRK<\/span><\/p>\n","protected":false},"excerpt":{"rendered":"<p style=\"text-align: center;\">\n<p style=\"text-align: justify;\">Bug\u00fcn, 10 Ocak \u00c7al\u0131\u015fan Gazeteciler G\u00fcn\u00fc. Hem Cumhurba\u015fkan\u0131 Abdullah G\u00fcl, hem de Meclis Ba\u015fkan\u0131 Mehmet Ali \u015eahin, yay\u0131mlad\u0131\u011f\u0131 mesajda bas\u0131n \u00f6zg\u00fcrl\u00fc\u011f\u00fcne ve \u00e7al\u0131\u015fma \u015fartlar\u0131na vurgu yapt\u0131.<\/p>\n<p style=\"text-align: justify;\">Cumhurba\u015fkan\u0131 Abdullah G\u00fcl, toplumun sa\u011fl\u0131kl\u0131 haber alabilmesi ve olaylara farkl\u0131 a\u00e7\u0131lardan bakabilmesi i\u00e7in bas\u0131n \u00f6zg\u00fcrl\u00fc\u011f\u00fcn\u00fcn ve ifade h\u00fcrriyetinin korunmas\u0131 \u015fart oldu\u011funu bildirdi. <\/p>\n","protected":false},"author":1,"featured_media":0,"comment_status":"open","ping_status":"closed","sticky":false,"template":"","format":"standard","meta":{"footnotes":""},"categories":[105],"tags":[],"class_list":["post-17732","post","type-post","status-publish","format-standard","hentry","category-gundem","odd"],"_links":{"self":[{"href":"http:\/\/www.korhanyilmaz.com\/index.php?rest_route=\/wp\/v2\/posts\/17732","targetHints":{"allow":["GET"]}}],"collection":[{"href":"http:\/\/www.korhanyilmaz.com\/index.php?rest_route=\/wp\/v2\/posts"}],"about":[{"href":"http:\/\/www.korhanyilmaz.com\/index.php?rest_route=\/wp\/v2\/types\/post"}],"author":[{"embeddable":true,"href":"http:\/\/www.korhanyilmaz.com\/index.php?rest_route=\/wp\/v2\/users\/1"}],"replies":[{"embeddable":true,"href":"http:\/\/www.korhanyilmaz.com\/index.php?rest_route=%2Fwp%2Fv2%2Fcomments&post=17732"}],"version-history":[{"count":0,"href":"http:\/\/www.korhanyilmaz.com\/index.php?rest_route=\/wp\/v2\/posts\/17732\/revisions"}],"wp:attachment":[{"href":"http:\/\/www.korhanyilmaz.com\/index.php?rest_route=%2Fwp%2Fv2%2Fmedia&parent=17732"}],"wp:term":[{"taxonomy":"category","embeddable":true,"href":"http:\/\/www.korhanyilmaz.com\/index.php?rest_route=%2Fwp%2Fv2%2Fcategories&post=17732"},{"taxonomy":"post_tag","embeddable":true,"href":"http:\/\/www.korhanyilmaz.com\/index.php?rest_route=%2Fwp%2Fv2%2Ftags&post=17732"}],"curies":[{"name":"wp","href":"https:\/\/api.w.org\/{rel}","templated":true}]}}