{"id":17728,"date":"2010-01-10T18:32:43","date_gmt":"2010-01-10T16:32:43","guid":{"rendered":"http:\/\/www.korhanyilmaz.com\/?p=17728"},"modified":"2010-01-10T18:32:43","modified_gmt":"2010-01-10T16:32:43","slug":"kilicdaroglundan-teyyo-dayi-fikrasi","status":"publish","type":"post","link":"http:\/\/www.korhanyilmaz.com\/?p=17728","title":{"rendered":"K\u0131l\u0131\u00e7daro\u011flu&#039;ndan Teyyo Day\u0131 f\u0131kras\u0131"},"content":{"rendered":"<p><a href=\"http:\/\/www.korhanyilmaz.com\/wp-content\/uploads\/2010\/01\/k\u0131l\u0131cdaroglu1.jpg\"  class=\"lightview\"><img loading=\"lazy\" decoding=\"async\" class=\"aligncenter size-full wp-image-17730\" src=\"http:\/\/www.korhanyilmaz.com\/wp-content\/uploads\/2010\/01\/k\u0131l\u0131cdaroglu1.jpg\" alt=\"\" width=\"292\" height=\"146\" \/><\/a><\/p>\n<p style=\"text-align: justify;\">CHP Grup Ba\u015fkanvekili Kemal K\u0131l\u0131\u00e7daro\u011flu, siyasetin bir heyecan i\u015fi oldu\u011funu belirterek, &#8220;Heyecan ta\u015f\u0131mayan siyasetten \u00e7ekilip gitsin&#8221; dedi. K\u0131l\u0131\u00e7daro\u011flu, partisinin Mersin&#8217;in merkez il\u00e7esi Yeni\u015fehir Te\u015fkilat\u0131&#8217;n\u0131n 1. Ola\u011fan Genel Kurulundaki konu\u015fmas\u0131na, Erzurumlu Teyyo Day\u0131&#8217;dan bir f\u0131kra anlatarak ba\u015flad\u0131. <!--more--><\/p>\n<p style=\"text-align: justify;\">K\u0131l\u0131\u00e7daro\u011flu, ho\u015fg\u00f6r\u00fcl\u00fc ve Erzurum&#8217;un kahramanlar\u0131ndan olan Teyyo Day\u0131&#8217;n\u0131n ayn\u0131 zamanda uygar bir Dada\u015f oldu\u011funu ifade etti.<\/p>\n<p style=\"text-align: justify;\">Yolsuzluk dosyalar\u0131n\u0131n arkas\u0131na s\u0131\u011f\u0131n\u0131p halk\u0131na hesap vermeyenleri onurlu bir politikac\u0131 olarak kabul etmediklerini aktaran K\u0131l\u0131\u00e7daro\u011flu bir de Teyyo Day\u0131 f\u0131kras\u0131 anlatt\u0131: &#8220;Teyyo Day\u0131 u\u00e7ak pilotu oluyor. Tayyip Erdo\u011fan ve bakanlar\u0131 u\u00e7akta yolculuk yap\u0131yorlar. Say\u0131n H\u00fcseyin \u00c7elik diyor ki, &#8216;Elimizde bir demet 100 lira var. \u015eehrin \u00fczerinden ge\u00e7erken atal\u0131m da insanlar sevinsin.&#8217; Birisi ise b\u00f6lelim 50 liray\u0131 atal\u0131m daha fazla insan sevinsin. Bir ba\u015fkas\u0131 ba\u015fka bir teklifte bulunurken Teyyo day\u0131 dayanamay\u0131p kabinin kap\u0131s\u0131n\u0131 a\u00e7\u0131yor. Ben hepinizi atarsam 70 milyon sevinir.&#8221; \u015feklinde cevap veriyor.<\/p>\n<p style=\"text-align: justify;\">Ba\u015fbakan Recep Tayyip Erdo\u011fan&#8217;\u0131n, &#8220;Baykal ne diyorsa onu ikiyle \u00e7arpmam\u0131z laz\u0131m&#8221; dedi\u011fini an\u0131msatan K\u0131l\u0131\u00e7daro\u011flu, &#8220;Ben de Mersin&#8217;den diyorum ki do\u011frudur ne deniliyorsa ikiyle \u00e7arpaca\u011f\u0131z, Erdo\u011fan&#8217;\u0131n da yolsuzluk dosyalar\u0131n\u0131 ikiyle \u00e7arpaca\u011f\u0131z ama bir \u015fey var, biz taban\u0131m\u0131za siyasi hesap vermeyi onurlu bir g\u00f6rev kabul ederiz. Yolsuzluk dosyalar\u0131n\u0131n arkas\u0131na s\u0131\u011f\u0131n\u0131p ve halk\u0131na hesap vermeyen politikac\u0131y\u0131 da onurlu bir politikac\u0131 olarak kabul etmeyiz. Bunu da Tayyip Bey b\u00f6yle bilsin&#8221; diye konu\u015ftu.<\/p>\n<p style=\"text-align: justify;\">K\u0131l\u0131\u00e7daro\u011flu, siyasetin bir heyecan i\u015fi oldu\u011funu ifade ederek, &#8220;Heyecan\u0131 ta\u015f\u0131mayan siyasetten \u00e7ekilip gitsin. Heyecan yakalayaca\u011f\u0131z, halka gidece\u011fiz, halka &#8216;AKP \u015funu yapt\u0131, AKP bunu yapt\u0131 m\u0131 diyece\u011fiz.&#8217; Zaten halk bunlar\u0131n hepsini biliyor, bunlar\u0131n yolsuzluk yapt\u0131\u011f\u0131n\u0131, dini istismar etti\u011fini, g\u0131rtlaklar\u0131na kadar yolsuzluk \u00e7ukurunda olduklar\u0131n\u0131 halk biliyor ama halk bir tek \u015fey istiyor, o da do\u011frular\u0131n s\u00f6ylenmesidir. Halka do\u011frular\u0131 s\u00f6yleyip, sorunlar\u0131 s\u00f6yleyeceksiniz ama nas\u0131l \u00e7\u00f6zece\u011finizi de s\u00f6yleyeceksiniz. Biz CHP olarak bunlar\u0131 yapaca\u011f\u0131z&#8221; dedi.<\/p>\n<p style=\"text-align: justify;\">&#8220;AKP, T\u00fcrkiye Cumhuriyeti&#8217;nin iktidar\u0131 de\u011fildir&#8221; diyen K\u0131l\u0131\u00e7daro\u011flu, &#8220;AKP birileri ad\u0131na ta\u015feron olarak \u00fclkeyi y\u00f6neten siyasi partidir. G\u00fcc\u00fcn\u00fc halktan al\u0131yor gibi g\u00f6r\u00fclmekle beraber, g\u00fcc\u00fcn\u00fc halktan almam\u0131\u015ft\u0131r. Arkas\u0131ndaki deste\u011fe bak\u0131n. Tayyip Bey Ba\u015fbakan olmadan \u00f6nce ABD&#8217;ye gidip icazet almad\u0131 m\u0131? Bunu hepimiz biliyoruz. B\u00fct\u00fcn bu olaylar\u0131 bilerek tartarak, olaylar\u0131n perde arkas\u0131n\u0131 sa\u011fl\u0131kl\u0131 sorgulayarak, bilin\u00e7li birer yurtta\u015f olarak halka gidip bunlar\u0131 anlatmal\u0131y\u0131z&#8221; ifadesini dile getirdi.<\/p>\n<p style=\"text-align: justify;\">T\u00fcrkiye&#8217;de ta\u015feronla\u015fman\u0131n h\u0131zla artt\u0131\u011f\u0131n\u0131 ifade eden K\u0131l\u0131\u00e7daro\u011flu, &#8220;TBMM dahil, b\u00fct\u00fcn bakanl\u0131klar, b\u00fct\u00fcn kamu kurulu\u015flar\u0131 ta\u015feron elleriyle temizleniyor. Sosyal demokrat bir parti olarak, insan haklar\u0131 yanl\u0131s\u0131 bir parti olarak iktidar oldu\u011fumuzda hi\u00e7bir kamu kurulu\u015funda ta\u015feronla\u015fmaya izin vermeyece\u011fiz. Ta\u015feron i\u015f\u00e7iler nerede \u00e7al\u0131\u015f\u0131yorsa o kurumun i\u015f\u00e7isi olacak&#8217; diye konu\u015ftu.<\/p>\n<p style=\"text-align: justify;\">Partililerden, vatanda\u015flar\u0131n aya\u011f\u0131na gidip, CHP&#8217;nin sorunlar\u0131 nas\u0131l \u00e7\u00f6zece\u011fini anlatmalar\u0131n\u0131 isteyen K\u0131l\u0131\u00e7daro\u011flu, CHP olarak iktidara geldiklerinde ilk yapacaklar\u0131 i\u015fin siyasi ahlak yasas\u0131n\u0131 \u00e7\u0131kartmak olaca\u011f\u0131n\u0131 ifade etti.<\/p>\n<p style=\"text-align: justify;\">CHP \u0130stanbul \u0130l Ba\u015fkan\u0131 G\u00fcrsel Tekin ve Mersin B\u00fcy\u00fck\u015fehir Belediye Ba\u015fkan\u0131 Macit \u00d6zcan&#8217;\u0131n da k\u0131sa bir konu\u015fma yapt\u0131\u011f\u0131 kongreye, CHP Mersin milletvekilleri ile \u00e7ok say\u0131da partili kat\u0131ld\u0131.<\/p>\n<p style=\"text-align: justify;\"><span style=\"color: #888888;\">CNN T\u00dcRK<\/span><\/p>\n","protected":false},"excerpt":{"rendered":"<\/p>\n<p style=\"text-align: justify;\">CHP Grup Ba\u015fkanvekili Kemal K\u0131l\u0131\u00e7daro\u011flu, siyasetin bir heyecan i\u015fi oldu\u011funu belirterek, &#8220;Heyecan ta\u015f\u0131mayan siyasetten \u00e7ekilip gitsin&#8221; dedi. K\u0131l\u0131\u00e7daro\u011flu, partisinin Mersin&#8217;in merkez il\u00e7esi Yeni\u015fehir Te\u015fkilat\u0131&#8217;n\u0131n 1. Ola\u011fan Genel Kurulundaki konu\u015fmas\u0131na, Erzurumlu Teyyo Day\u0131&#8217;dan bir f\u0131kra anlatarak ba\u015flad\u0131. <\/p>\n","protected":false},"author":1,"featured_media":0,"comment_status":"open","ping_status":"closed","sticky":false,"template":"","format":"standard","meta":{"footnotes":""},"categories":[105],"tags":[],"class_list":["post-17728","post","type-post","status-publish","format-standard","hentry","category-gundem","odd"],"_links":{"self":[{"href":"http:\/\/www.korhanyilmaz.com\/index.php?rest_route=\/wp\/v2\/posts\/17728","targetHints":{"allow":["GET"]}}],"collection":[{"href":"http:\/\/www.korhanyilmaz.com\/index.php?rest_route=\/wp\/v2\/posts"}],"about":[{"href":"http:\/\/www.korhanyilmaz.com\/index.php?rest_route=\/wp\/v2\/types\/post"}],"author":[{"embeddable":true,"href":"http:\/\/www.korhanyilmaz.com\/index.php?rest_route=\/wp\/v2\/users\/1"}],"replies":[{"embeddable":true,"href":"http:\/\/www.korhanyilmaz.com\/index.php?rest_route=%2Fwp%2Fv2%2Fcomments&post=17728"}],"version-history":[{"count":0,"href":"http:\/\/www.korhanyilmaz.com\/index.php?rest_route=\/wp\/v2\/posts\/17728\/revisions"}],"wp:attachment":[{"href":"http:\/\/www.korhanyilmaz.com\/index.php?rest_route=%2Fwp%2Fv2%2Fmedia&parent=17728"}],"wp:term":[{"taxonomy":"category","embeddable":true,"href":"http:\/\/www.korhanyilmaz.com\/index.php?rest_route=%2Fwp%2Fv2%2Fcategories&post=17728"},{"taxonomy":"post_tag","embeddable":true,"href":"http:\/\/www.korhanyilmaz.com\/index.php?rest_route=%2Fwp%2Fv2%2Ftags&post=17728"}],"curies":[{"name":"wp","href":"https:\/\/api.w.org\/{rel}","templated":true}]}}