{"id":17710,"date":"2010-01-07T23:26:45","date_gmt":"2010-01-07T21:26:45","guid":{"rendered":"http:\/\/www.korhanyilmaz.com\/?p=17710"},"modified":"2010-01-07T23:26:45","modified_gmt":"2010-01-07T21:26:45","slug":"turkiyedeki-bakana-almanyadan-uyari","status":"publish","type":"post","link":"http:\/\/www.korhanyilmaz.com\/?p=17710","title":{"rendered":"T\u00fcrkiye&#8217;deki bakana Almanya&#8217;dan uyar\u0131"},"content":{"rendered":"<p style=\"text-align: center;\"><a href=\"http:\/\/www.korhanyilmaz.com\/wp-content\/uploads\/2010\/01\/guido.jpg\"  class=\"lightview\"><img loading=\"lazy\" decoding=\"async\" class=\"size-full wp-image-17711 aligncenter\" src=\"http:\/\/www.korhanyilmaz.com\/wp-content\/uploads\/2010\/01\/guido.jpg\" alt=\"\" width=\"292\" height=\"174\" \/><\/a><\/p>\n<p style=\"text-align: justify;\">Alman Hristiyan Sosyal Birlik (CSU) Partisi&#8217;nin Genel Sekreteri Alexander Dobrindt, T\u00fcrkiye&#8217;yi ziyaret etmekte olan D\u0131\u015fi\u015fleri Bakan\u0131 Guido Westerwelle&#8217;den, T\u00fcrkiye&#8217;nin AB \u00fcyeli\u011fi konusunda &#8220;gizli bir anla\u015fma yapmamas\u0131n\u0131&#8221; istedi. <!--more--><\/p>\n<p style=\"text-align: justify;\">T\u00fcrkiye&#8217;nin AB \u00fcyeli\u011fine kar\u015f\u0131 olan Dobrindt, partisinin Wildbad Kreuth kasabas\u0131nda her y\u0131l d\u00fczenledi\u011fi toplant\u0131 \u00e7er\u00e7evesinde yapt\u0131\u011f\u0131 a\u00e7\u0131klamada, Westerwelle&#8217;nin ba\u015fkanl\u0131\u011f\u0131n\u0131 yapt\u0131\u011f\u0131 H\u00fcr Demokrat Parti (FDP) ile koalisyon orta\u011f\u0131 olduklar\u0131n\u0131 hat\u0131rlatarak, &#8220;T\u00fcrkiye ile gizli bir anla\u015fma yapmamas\u0131n\u0131 \u00f6neririm. Sonu\u00e7ta cam k\u0131r\u0131klar\u0131n\u0131 koalisyonda haftalarca biz temizliyoruz&#8221; ifadesini kulland\u0131.<\/p>\n<p style=\"text-align: justify;\">Almanya&#8217;n\u0131n \u00e7\u0131karlar\u0131n\u0131n uluslararas\u0131 \u00e7\u0131karlar\u0131n ard\u0131nda tutulmamas\u0131 gerekti\u011fini s\u00f6yleyen Dobrindt, T\u00fcrkiye&#8217;nin, AB \u00fcyeli\u011fi i\u00e7in gerekli siyasi ve ekonomik temel \u015fartlar\u0131 yerine getirmekten \u00e7ok uzak oldu\u011funu iddia etti.<\/p>\n<p style=\"text-align: justify;\"><span style=\"color: #888888;\">CNN T\u00dcRK<\/span><\/p>\n","protected":false},"excerpt":{"rendered":"<p style=\"text-align: center;\">\n<p style=\"text-align: justify;\">Alman Hristiyan Sosyal Birlik (CSU) Partisi&#8217;nin Genel Sekreteri Alexander Dobrindt, T\u00fcrkiye&#8217;yi ziyaret etmekte olan D\u0131\u015fi\u015fleri Bakan\u0131 Guido Westerwelle&#8217;den, T\u00fcrkiye&#8217;nin AB \u00fcyeli\u011fi konusunda &#8220;gizli bir anla\u015fma yapmamas\u0131n\u0131&#8221; istedi. <\/p>\n","protected":false},"author":1,"featured_media":0,"comment_status":"open","ping_status":"closed","sticky":false,"template":"","format":"standard","meta":{"footnotes":""},"categories":[3],"tags":[],"class_list":["post-17710","post","type-post","status-publish","format-standard","hentry","category-dunya","odd"],"_links":{"self":[{"href":"http:\/\/www.korhanyilmaz.com\/index.php?rest_route=\/wp\/v2\/posts\/17710","targetHints":{"allow":["GET"]}}],"collection":[{"href":"http:\/\/www.korhanyilmaz.com\/index.php?rest_route=\/wp\/v2\/posts"}],"about":[{"href":"http:\/\/www.korhanyilmaz.com\/index.php?rest_route=\/wp\/v2\/types\/post"}],"author":[{"embeddable":true,"href":"http:\/\/www.korhanyilmaz.com\/index.php?rest_route=\/wp\/v2\/users\/1"}],"replies":[{"embeddable":true,"href":"http:\/\/www.korhanyilmaz.com\/index.php?rest_route=%2Fwp%2Fv2%2Fcomments&post=17710"}],"version-history":[{"count":0,"href":"http:\/\/www.korhanyilmaz.com\/index.php?rest_route=\/wp\/v2\/posts\/17710\/revisions"}],"wp:attachment":[{"href":"http:\/\/www.korhanyilmaz.com\/index.php?rest_route=%2Fwp%2Fv2%2Fmedia&parent=17710"}],"wp:term":[{"taxonomy":"category","embeddable":true,"href":"http:\/\/www.korhanyilmaz.com\/index.php?rest_route=%2Fwp%2Fv2%2Fcategories&post=17710"},{"taxonomy":"post_tag","embeddable":true,"href":"http:\/\/www.korhanyilmaz.com\/index.php?rest_route=%2Fwp%2Fv2%2Ftags&post=17710"}],"curies":[{"name":"wp","href":"https:\/\/api.w.org\/{rel}","templated":true}]}}