{"id":17702,"date":"2010-01-07T13:13:58","date_gmt":"2010-01-07T11:13:58","guid":{"rendered":"http:\/\/www.korhanyilmaz.com\/?p=17702"},"modified":"2010-01-07T13:13:58","modified_gmt":"2010-01-07T11:13:58","slug":"kilicdaroglundan-sok-sozler","status":"publish","type":"post","link":"http:\/\/www.korhanyilmaz.com\/?p=17702","title":{"rendered":"K\u0131l\u0131\u00e7daro\u011flu&#039;ndan \u015fok s\u00f6zler"},"content":{"rendered":"<p><a href=\"http:\/\/www.korhanyilmaz.com\/wp-content\/uploads\/2010\/01\/kilicdaroglu.jpg\"  class=\"lightview\"><img loading=\"lazy\" decoding=\"async\" class=\"aligncenter size-full wp-image-17703\" src=\"http:\/\/www.korhanyilmaz.com\/wp-content\/uploads\/2010\/01\/kilicdaroglu.jpg\" alt=\"\" width=\"320\" height=\"100\" \/><\/a><\/p>\n<p style=\"text-align: justify;\"><strong><em>Suikast ihbar\u0131 ABD\u2019den 123 06 06\u2019dan yap\u0131ld\u0131 <\/em><\/strong><\/p>\n<p style=\"text-align: justify;\">CHP Grup Ba\u015fkanvekili Kemal K\u0131l\u0131\u00e7daro\u011flu, TBMM\u2019de d\u00fczenledi\u011fi bas\u0131n toplant\u0131s\u0131nda, Ba\u015fbakan Yard\u0131mc\u0131s\u0131 B\u00fclent Ar\u0131n\u00e7\u2019a yan\u0131t verdi. K\u0131l\u0131\u00e7daro\u011flu, Ar\u0131n\u00e7\u2019\u0131n \u201cT\u00fcm bas\u0131n mensuplar\u0131ndan ricam \u015fudur, bana sordu\u011funuz bu soruyu Say\u0131n Baykal\u2019a da sorun. Say\u0131n K\u0131l\u0131\u00e7daro\u011flu\u2019na da sorun. \u00c7\u00fcnk\u00fc bu olay\u0131 ba\u015f\u0131ndan beri, \u2019komik\u2019bulduklar\u0131n\u0131, \u2019safsata\u2019 olarak g\u00f6rd\u00fcklerini s\u00f6yleyenler bu \u015fah\u0131slard\u0131r\u201d dedi\u011fini belirterek, \u015funlar\u0131 s\u00f6yledi:<!--more--><\/p>\n<p style=\"text-align: justify;\">\u201c\u015eimdi yan\u0131tl\u0131yorum. Say\u0131n Ar\u0131n\u00e7, \u2019kozmik odaya kozmetik oda dediniz mi, demediniz mi?\u2019Kozmik odaya, kozmetik oda diyerek olay\u0131 siz karikat\u00fcrize etmiyor musunuz? Bunu bildi\u011fimiz i\u00e7indir ki biz sizi ba\u015f\u0131ndan beri komik buluyoruz. Sorun da bu. Hala anlamad\u0131n\u0131z m\u0131? Size suikast yapaca\u011f\u0131 s\u00f6ylenenlerin yanlar\u0131nda suikast silahlar\u0131 yoktu. Size Ankara\u2019da suikast yap\u0131lacakt\u0131, ama siz o s\u0131rada Manisa\u2019dayd\u0131n\u0131z. Say\u0131n Yarg\u0131c\u0131 izledi\u011fi s\u00f6ylenen iki askeri ara\u00e7ta patates, so\u011fan \u00e7\u0131k\u0131yor. Ara\u00e7ta bulunanlar a\u015f\u00e7\u0131 ve elektrik\u00e7i.\u201d<\/p>\n<p style=\"text-align: justify;\"><strong><em>Ar\u0131n\u00e7 niye merak etmedi? <\/em><\/strong><\/p>\n<p style=\"text-align: justify;\">\u015e\u00fcphelilerin avukat\u0131n\u0131n suikast ile ilgili ihbar\u0131n Amerika \u00fczerinden yap\u0131ld\u0131\u011f\u0131n\u0131 s\u00f6yledi\u011fini, Avukat\u0131n Mahkeme karar\u0131na ge\u00e7en a\u00e7\u0131klamas\u0131nda, \u201cSoru\u015fturmaya dayanak yap\u0131lan ihbar numaras\u0131 123 06 06\u2019d\u0131r. Bu numara Amerika \u00fczerinden yap\u0131lan bir ihbar\u0131 kan\u0131tlamaktad\u0131r. Amerika\u2019dan yap\u0131lan bu ihbarda vekillerimin kulland\u0131\u011f\u0131 ara\u00e7 plakalar\u0131 bile verilmi\u015ftir\u201d dedi\u011fini ifade eden K\u0131l\u0131\u00e7daro\u011flu, \u201cBu do\u011fru mu? Say\u0131n Ar\u0131n\u00e7 acaba bunu do\u011frulama gere\u011fi duydu mu? Duymad\u0131ysa, neden? Her \u015feyi merak eden Ar\u0131n\u00e7, acaba bunu ni\u00e7in merak etmiyor?\u201d diye konu\u015ftu.<\/p>\n<p style=\"text-align: justify;\"><span style=\"color: #888888;\">VATAN<\/span><\/p>\n","protected":false},"excerpt":{"rendered":"<\/p>\n<p style=\"text-align: justify;\">Suikast ihbar\u0131 ABD\u2019den 123 06 06\u2019dan yap\u0131ld\u0131 <\/p>\n<p style=\"text-align: justify;\">CHP Grup Ba\u015fkanvekili Kemal K\u0131l\u0131\u00e7daro\u011flu, TBMM\u2019de d\u00fczenledi\u011fi bas\u0131n toplant\u0131s\u0131nda, Ba\u015fbakan Yard\u0131mc\u0131s\u0131 B\u00fclent Ar\u0131n\u00e7\u2019a yan\u0131t verdi. K\u0131l\u0131\u00e7daro\u011flu, Ar\u0131n\u00e7\u2019\u0131n \u201cT\u00fcm bas\u0131n mensuplar\u0131ndan ricam \u015fudur, bana sordu\u011funuz bu soruyu Say\u0131n Baykal\u2019a da sorun. Say\u0131n K\u0131l\u0131\u00e7daro\u011flu\u2019na da sorun. \u00c7\u00fcnk\u00fc bu olay\u0131 ba\u015f\u0131ndan beri, \u2019komik\u2019bulduklar\u0131n\u0131, \u2019safsata\u2019 olarak <\/p>\n","protected":false},"author":1,"featured_media":0,"comment_status":"open","ping_status":"closed","sticky":false,"template":"","format":"standard","meta":{"footnotes":""},"categories":[105],"tags":[],"class_list":["post-17702","post","type-post","status-publish","format-standard","hentry","category-gundem","odd"],"_links":{"self":[{"href":"http:\/\/www.korhanyilmaz.com\/index.php?rest_route=\/wp\/v2\/posts\/17702","targetHints":{"allow":["GET"]}}],"collection":[{"href":"http:\/\/www.korhanyilmaz.com\/index.php?rest_route=\/wp\/v2\/posts"}],"about":[{"href":"http:\/\/www.korhanyilmaz.com\/index.php?rest_route=\/wp\/v2\/types\/post"}],"author":[{"embeddable":true,"href":"http:\/\/www.korhanyilmaz.com\/index.php?rest_route=\/wp\/v2\/users\/1"}],"replies":[{"embeddable":true,"href":"http:\/\/www.korhanyilmaz.com\/index.php?rest_route=%2Fwp%2Fv2%2Fcomments&post=17702"}],"version-history":[{"count":0,"href":"http:\/\/www.korhanyilmaz.com\/index.php?rest_route=\/wp\/v2\/posts\/17702\/revisions"}],"wp:attachment":[{"href":"http:\/\/www.korhanyilmaz.com\/index.php?rest_route=%2Fwp%2Fv2%2Fmedia&parent=17702"}],"wp:term":[{"taxonomy":"category","embeddable":true,"href":"http:\/\/www.korhanyilmaz.com\/index.php?rest_route=%2Fwp%2Fv2%2Fcategories&post=17702"},{"taxonomy":"post_tag","embeddable":true,"href":"http:\/\/www.korhanyilmaz.com\/index.php?rest_route=%2Fwp%2Fv2%2Ftags&post=17702"}],"curies":[{"name":"wp","href":"https:\/\/api.w.org\/{rel}","templated":true}]}}