{"id":17698,"date":"2010-01-07T21:01:40","date_gmt":"2010-01-07T19:01:40","guid":{"rendered":"http:\/\/www.korhanyilmaz.com\/?p=17698"},"modified":"2010-01-07T21:01:40","modified_gmt":"2010-01-07T19:01:40","slug":"sekiz-mermili-tehditte-yeni-gelisme","status":"publish","type":"post","link":"http:\/\/www.korhanyilmaz.com\/?p=17698","title":{"rendered":"Sekiz mermili tehditte yeni geli\u015fme"},"content":{"rendered":"<p><a href=\"http:\/\/www.korhanyilmaz.com\/wp-content\/uploads\/2010\/01\/mermi.jpg\"  class=\"lightview\"><img loading=\"lazy\" decoding=\"async\" class=\"aligncenter size-full wp-image-17699\" src=\"http:\/\/www.korhanyilmaz.com\/wp-content\/uploads\/2010\/01\/mermi.jpg\" alt=\"\" width=\"292\" height=\"194\" \/><\/a><\/p>\n<p style=\"text-align: justify;\">Genelkurmay&#8217;\u0131n kozmik odas\u0131na giren hakim Kadir Kayan ile savc\u0131 Mustafa Bilgili&#8217;ye zarfla g\u00f6nderildi\u011fi iddia edilen mermilerin kale\u015fnikof mermisi olmad\u0131\u011f\u0131 ortaya \u00e7\u0131kt\u0131. Mermilerin say\u0131s\u0131n\u0131n da sekiz de\u011fil daha fazla oldu\u011fu belirtiliyor. <!--more--><\/p>\n<p style=\"text-align: justify;\">Ba\u015fbakan Yard\u0131mc\u0131s\u0131 B\u00fclent Ar\u0131n\u00e7&#8217;a suikast iddias\u0131yla ba\u015flat\u0131lan soru\u015fturma kapsam\u0131nda Seferberlik Tetkik Kurulu&#8217;nda arama yapan hakim Kadir Kayan ve savc\u0131 Mustafa Bilgili&#8217;ye slikonlu zarflar i\u00e7inde sekiz kale\u015fnikof mermisi g\u00f6nderildi\u011fi ileri s\u00fcr\u00fclm\u00fc\u015ft\u00fc.<\/p>\n<p style=\"text-align: justify;\">Polis bu kapsamda mermiler ve zarf \u00fczerinde parmak izi incelemesi yapt\u0131 ancak bir sonuca ula\u015famad\u0131.<\/p>\n<p style=\"text-align: justify;\">Savc\u0131l\u0131k da mermilerin g\u00f6nderildi\u011fi kargo \u015firketinin iki eleman\u0131n\u0131 sorguya ald\u0131.<\/p>\n<p style=\"text-align: justify;\">O mermilerin kale\u015fnikof de\u011fil, G-3 piyade t\u00fcfe\u011fi ve Smith Wesson tabanca mermisi oldu\u011fu ortaya \u00e7\u0131kt\u0131. Polis, mermilerin kim taraf\u0131ndan g\u00f6nderildi\u011fini ara\u015ft\u0131rmaya devam ediyor.<\/p>\n<p style=\"text-align: justify;\"><span style=\"color: #888888;\">CNN T\u00dcRK<\/span><\/p>\n","protected":false},"excerpt":{"rendered":"<\/p>\n<p style=\"text-align: justify;\">Genelkurmay&#8217;\u0131n kozmik odas\u0131na giren hakim Kadir Kayan ile savc\u0131 Mustafa Bilgili&#8217;ye zarfla g\u00f6nderildi\u011fi iddia edilen mermilerin kale\u015fnikof mermisi olmad\u0131\u011f\u0131 ortaya \u00e7\u0131kt\u0131. Mermilerin say\u0131s\u0131n\u0131n da sekiz de\u011fil daha fazla oldu\u011fu belirtiliyor. <\/p>\n","protected":false},"author":1,"featured_media":0,"comment_status":"open","ping_status":"closed","sticky":false,"template":"","format":"standard","meta":{"footnotes":""},"categories":[105],"tags":[],"class_list":["post-17698","post","type-post","status-publish","format-standard","hentry","category-gundem","odd"],"_links":{"self":[{"href":"http:\/\/www.korhanyilmaz.com\/index.php?rest_route=\/wp\/v2\/posts\/17698","targetHints":{"allow":["GET"]}}],"collection":[{"href":"http:\/\/www.korhanyilmaz.com\/index.php?rest_route=\/wp\/v2\/posts"}],"about":[{"href":"http:\/\/www.korhanyilmaz.com\/index.php?rest_route=\/wp\/v2\/types\/post"}],"author":[{"embeddable":true,"href":"http:\/\/www.korhanyilmaz.com\/index.php?rest_route=\/wp\/v2\/users\/1"}],"replies":[{"embeddable":true,"href":"http:\/\/www.korhanyilmaz.com\/index.php?rest_route=%2Fwp%2Fv2%2Fcomments&post=17698"}],"version-history":[{"count":0,"href":"http:\/\/www.korhanyilmaz.com\/index.php?rest_route=\/wp\/v2\/posts\/17698\/revisions"}],"wp:attachment":[{"href":"http:\/\/www.korhanyilmaz.com\/index.php?rest_route=%2Fwp%2Fv2%2Fmedia&parent=17698"}],"wp:term":[{"taxonomy":"category","embeddable":true,"href":"http:\/\/www.korhanyilmaz.com\/index.php?rest_route=%2Fwp%2Fv2%2Fcategories&post=17698"},{"taxonomy":"post_tag","embeddable":true,"href":"http:\/\/www.korhanyilmaz.com\/index.php?rest_route=%2Fwp%2Fv2%2Ftags&post=17698"}],"curies":[{"name":"wp","href":"https:\/\/api.w.org\/{rel}","templated":true}]}}